{"id":168944,"date":"2026-09-03T01:23:33","date_gmt":"2026-09-03T01:23:33","guid":{"rendered":"https:\/\/www.europesays.com\/sk\/168944\/"},"modified":"2026-09-03T01:23:33","modified_gmt":"2026-09-03T01:23:33","slug":"zadrzani-cudzinci-idu-do-vazby-chystali-podpalacsky-utok-na-fabriku-na-vychode","status":"publish","type":"post","link":"https:\/\/www.europesays.com\/sk\/168944\/","title":{"rendered":"Zadr\u017ean\u00ed cudzinci id\u00fa do v\u00e4zby: Chystali podpa\u013ea\u010dsk\u00fd \u00fatok na fabriku na v\u00fdchode"},"content":{"rendered":"<p>PRE\u0160OV &#8211; Dvaja cudzinci, obvinen\u00ed z obzvl\u00e1\u0161\u0165 z\u00e1va\u017en\u00e9ho zlo\u010dinu v\u0161eobecn\u00e9ho ohrozenia v \u0161t\u00e1diu pr\u00edpravy, bud\u00fa st\u00edhan\u00ed v\u00e4zobne. Rozhodol o tom vo \u0161tvrtok sudca pre pr\u00edpravn\u00e9 konanie Okresn\u00e9ho s\u00fadu Pre\u0161ov. Informovala o tom hovorky\u0148a pre\u0161ovsk\u00e9ho krajsk\u00e9ho s\u00fadu Ivana Petrufov\u00e1. V pr\u00edpade ide pod\u013ea pol\u00edcie o pripravovan\u00fd podpa\u013ea\u010dsk\u00fd \u00fatok na v\u00fdrobn\u00fd z\u00e1vod na v\u00fdchodnom Slovensku.<\/p>\n<p>Sudca pre pr\u00edpravn\u00e9 konanie oboch cudz\u00edch \u0161t\u00e1tnych pr\u00edslu\u0161n\u00edkov, na z\u00e1klade n\u00e1vrhu prokur\u00e1tora Okresnej prokurat\u00fary v Pre\u0161ove, po vypo\u010dut\u00ed vzal do v\u00e4zby. \u201eV pr\u00edpade loty\u0161sk\u00e9ho \u0161t\u00e1tneho pr\u00edslu\u0161n\u00edka z d\u00f4vodov tzv. \u00fatekovej a prevent\u00edvnej v\u00e4zby a v pr\u00edpade ukrajinsk\u00e9ho \u0161t\u00e1tneho ob\u010dana z d\u00f4vodu tzv. \u00fatekovej v\u00e4zby, teda na z\u00e1klade d\u00f4vodnej obavy, \u017ee by mohol ujs\u0165 alebo sa skr\u00fdva\u0165, aby sa tak vyhol trestn\u00e9mu st\u00edhaniu alebo trestu,\u201c pribl\u00ed\u017eila hovorky\u0148a. Dodala, \u017ee proti rozhodnutiu okresn\u00e9ho s\u00fadu podali \u00fa\u010dastn\u00edci s\u0165a\u017enos\u0165 a vo veci oboch obvinen\u00fdch tak bude rozhodova\u0165 krajsk\u00fd s\u00fad.<\/p>\n<p>Pl\u00e1novan\u00fd podpa\u013ea\u010dsk\u00fd \u00fatok na v\u00fdrobn\u00fd z\u00e1vod prekazili pr\u00edslu\u0161n\u00edci protizlo\u010dineckej jednotky \u00daradu boja proti organizovanej kriminalite (\u00daBOK) Prez\u00eddia Policajn\u00e9ho zboru. Cie\u013eom mal by\u0165 objekt, v ktorom sa vyr\u00e1baj\u00fa bezpilotn\u00e9 syst\u00e9my. Ako informoval hovorca Prez\u00eddia Policajn\u00e9ho zboru Roman H\u00e1jek, v pr\u00edpade obvinili troch cudzincov. Pod\u013ea pol\u00edcie mohol \u00fatok sp\u00f4sobi\u0165 rozsiahly po\u017eiar, ohrozi\u0165 \u017eivoty a zdravie \u013eud\u00ed a sp\u00f4sobi\u0165 \u0161kodu ve\u013ek\u00e9ho rozsahu. V \u010dase pl\u00e1novan\u00e9ho \u00fatoku sa mohlo v objekte nach\u00e1dza\u0165 pribli\u017ene 70 zamestnancov. Hodnota majetku vo v\u00fdrobnej hale pod\u013ea doteraj\u0161\u00edch zisten\u00ed dosahuje desiatky mili\u00f3nov eur.<\/p>\n<p>Vy\u0161etrovate\u013e vzniesol obvinenie vo\u010di trom cudzincom pre pr\u00edpravu obzvl\u00e1\u0161\u0165 z\u00e1va\u017en\u00e9ho zlo\u010dinu v\u0161eobecn\u00e9ho ohrozenia, ktor\u00e9ho sa mali dopusti\u0165 ako spolup\u00e1chatelia na objedn\u00e1vku. Dvoch obvinen\u00fdch zadr\u017eali na Slovensku, tretieho zadr\u017eali nemeck\u00e9 org\u00e1ny na z\u00e1klade eur\u00f3pskeho zat\u00fdkacieho rozkazu. Vo vz\u0165ahu k tretiemu obvinen\u00e9mu v predmetnej veci aktu\u00e1lne okresn\u00fd s\u00fad vykon\u00e1va potrebn\u00e9 procesn\u00e9 \u00fakony v s\u00favislosti s prekladom a doru\u010dovan\u00edm eur\u00f3pskeho zat\u00fdkacieho rozkazu.<\/p>\n","protected":false},"excerpt":{"rendered":"PRE\u0160OV &#8211; Dvaja cudzinci, obvinen\u00ed z obzvl\u00e1\u0161\u0165 z\u00e1va\u017en\u00e9ho zlo\u010dinu v\u0161eobecn\u00e9ho ohrozenia v \u0161t\u00e1diu pr\u00edpravy, bud\u00fa st\u00edhan\u00ed v\u00e4zobne. Rozhodol&hellip;\n","protected":false},"author":2,"featured_media":168945,"comment_status":"","ping_status":"","sticky":false,"template":"","format":"standard","meta":{"footnotes":"","_share_on_mastodon":"0"},"categories":[6],"tags":[525,709,43,40,44,39,42,45,41,1368,710,5147],"class_list":["post-168944","post","type-post","status-publish","format-standard","has-post-thumbnail","category-slovensko","tag-policia","tag-presov","tag-sk","tag-slovak","tag-slovak-republic","tag-slovakia","tag-slovencina","tag-slovenska-republika","tag-slovensko","tag-sud","tag-utok","tag-vazba"],"share_on_mastodon":{"url":"https:\/\/pubeurope.com\/@sk\/117204497568537649","error":""},"_links":{"self":[{"href":"https:\/\/www.europesays.com\/sk\/wp-json\/wp\/v2\/posts\/168944","targetHints":{"allow":["GET"]}}],"collection":[{"href":"https:\/\/www.europesays.com\/sk\/wp-json\/wp\/v2\/posts"}],"about":[{"href":"https:\/\/www.europesays.com\/sk\/wp-json\/wp\/v2\/types\/post"}],"author":[{"embeddable":true,"href":"https:\/\/www.europesays.com\/sk\/wp-json\/wp\/v2\/users\/2"}],"replies":[{"embeddable":true,"href":"https:\/\/www.europesays.com\/sk\/wp-json\/wp\/v2\/comments?post=168944"}],"version-history":[{"count":0,"href":"https:\/\/www.europesays.com\/sk\/wp-json\/wp\/v2\/posts\/168944\/revisions"}],"wp:featuredmedia":[{"embeddable":true,"href":"https:\/\/www.europesays.com\/sk\/wp-json\/wp\/v2\/media\/168945"}],"wp:attachment":[{"href":"https:\/\/www.europesays.com\/sk\/wp-json\/wp\/v2\/media?parent=168944"}],"wp:term":[{"taxonomy":"category","embeddable":true,"href":"https:\/\/www.europesays.com\/sk\/wp-json\/wp\/v2\/categories?post=168944"},{"taxonomy":"post_tag","embeddable":true,"href":"https:\/\/www.europesays.com\/sk\/wp-json\/wp\/v2\/tags?post=168944"}],"curies":[{"name":"wp","href":"https:\/\/api.w.org\/{rel}","templated":true}]}}