{"id":168946,"date":"2026-09-03T01:37:17","date_gmt":"2026-09-03T01:37:17","guid":{"rendered":"https:\/\/www.europesays.com\/sk\/168946\/"},"modified":"2026-09-03T01:37:17","modified_gmt":"2026-09-03T01:37:17","slug":"byvali-predsedovia-parlamentu-sa-vo-velkom-stretli-na-hrade","status":"publish","type":"post","link":"https:\/\/www.europesays.com\/sk\/168946\/","title":{"rendered":"B\u00fdval\u00ed predsedovia parlamentu sa vo ve\u013ekom stretli na hrade"},"content":{"rendered":"<p>Na stretnutie predsedov parlamentu pri\u0161li aj Sul\u00edk s Koll\u00e1rom, o ktor\u00fdch sa \u0161epk\u00e1, \u017ee by mohli spolupracova\u0165.\t\t\t\t\t\t(Zdroj: Facebook\/Richard Ra\u0161i, Sme rodina)\t\t\t\t\t<\/p>\n<p>BRATISLAVA &#8211; Na jednom mieste sa stretli politick\u00e9 gener\u00e1cie, ktor\u00e9 v uplynul\u00fdch desa\u0165ro\u010diach viedli slovensk\u00fd parlament. Sl\u00e1vnostn\u00fd obed pri pr\u00edle\u017eitosti D\u0148a \u00dastavy SR na Bratislavskom hrade v\u0161ak zaujal aj in\u00fdm momentom. Boris Koll\u00e1r a Richard Sul\u00edk sa pred objekt\u00edvom mobilu objavili tie\u017e a obaja vysmiat\u00ed bok po boku. Ich spolo\u010dn\u00e1 foto pritom prich\u00e1dza v rovnakom \u010dase, kedy sa Sul\u00edk chyst\u00e1 odhali\u0165 ve\u013ek\u00e9 pl\u00e1ny o svojej politickej bud\u00facnosti.<\/p>\n<p>Predseda N\u00e1rodnej rady SR Richard Ra\u0161i pri pr\u00edle\u017eitosti 34. v\u00fdro\u010dia prijatia \u00dastavy Slovenskej republiky pozval na Bratislavsk\u00fd hrad svojich predchodcov. Za jedn\u00fdm stolom sa tak zi\u0161li politici, ktor\u00ed st\u00e1li na \u010dele parlamentu v r\u00f4znych obdobiach samostatn\u00e9ho Slovenska. Stretnutie sa nieslo v priate\u013eskej atmosf\u00e9re a pod\u013ea Ra\u0161iho vytvorilo priestor aj na diskusiu o aktu\u00e1lnom politickom dian\u00ed.<\/p>\n<p>\t<a href=\"https:\/\/www.topky.sk\/gl\/9603477\/6583153\/Velka-stretavka-predsedov-NR-SR-na-hrade--Kollar-so-Sulikom-vysmiati-bok-po-boku--uz-coskoro-mozu-opat-spojit-sily-\" rel=\"nofollow noopener\" target=\"_blank\"><br \/>\n\t\t<img decoding=\"async\" alt=\"Ve\u013ek\u00e1 stret\u00e1vka predsedov NR\" aria-describedby=\"img-res-6583153\" class=\"\" height=\"1600\" id=\"6583153\" loading=\"lazy\" onerror=\"imgArticleLoadErr(this)\" src=\"https:\/\/www.europesays.com\/sk\/wp-content\/uploads\/2026\/09\/stretnutie-Richard-Sulik-Boris-Kollar-predsedovia-parlamentu.jpg\" style=\"aspect-ratio:1.000\" title=\"Ve\u013ek\u00e1 stret\u00e1vka predsedov NR\" width=\"1600\"\/>\t\t\t<\/p>\n<p>\n\t\t\t\tZobrazi\u0165 gal\u00e9riu (5)\t\t\t<\/p>\n<p>\t<\/a><\/p>\n<p>\t\u00a0(Zdroj: Facebook\/Sme rodina)<\/p>\n<p>Pri\u0161li takmer v\u0161etci, nedostavil sa Schuster<\/p>\n<p>Na spolo\u010dnom obede nech\u00fdbali men\u00e1, o ktor\u00fdch ste u\u017e nemuseli dlho po\u010du\u0165. Objavili sa B\u00e9la Bug\u00e1r, Jozef Miga\u0161, Pavol Hru\u0161ovsk\u00fd, Andrej Danko, Boris Koll\u00e1r, Richard Sul\u00edk \u010di Peter \u017diga. Pri\u0161iel aj prezident Peter Pellegrini, ktor\u00fd v minulosti rovnako zast\u00e1val post predsedu parlamentu. Medzi \u00fa\u010dastn\u00edkmi bol aj Ivan Ga\u0161parovi\u010d a Franti\u0161ek Miklo\u0161ko, ktor\u00fd viedol Slovensk\u00fa n\u00e1rodn\u00fa radu e\u0161te na za\u010diatku 90. rokov. Z aktu\u00e1lneho vedenia parlamentu bol, samozrejme, pr\u00edtomn\u00fd Richard Ra\u0161i.<\/p>\n<p>Jedin\u00fdm b\u00fdval\u00fdm predsedom parlamentu, ktor\u00fd sa na stretnut\u00ed osobne nez\u00fa\u010dastnil, bol Rudolf Schuster. D\u00f4vodom mali by\u0165 zdravotn\u00e9 probl\u00e9my. S ostatn\u00fdmi \u00fa\u010dastn\u00edkmi sa v\u0161ak spojil prostredn\u00edctvom videohovoru. Informovala o tom N\u00e1rodn\u00e1 rada aj Boris Koll\u00e1r.<\/p>\n<p>\t<a href=\"https:\/\/www.topky.sk\/gl\/9603477\/6583145\/Velka-stretavka-predsedov-NR-SR-na-hrade--Kollar-so-Sulikom-vysmiati-bok-po-boku--uz-coskoro-mozu-opat-spojit-sily-\" rel=\"nofollow noopener\" target=\"_blank\"><br \/>\n\t\t<img decoding=\"async\" alt=\"Z\u013eava: Pavol Hru\u0161ovsk\u00fd, Richard Sul\u00edk, Franti\u0161ek Miklo\u0161ko, Boris Koll\u00e1r, Peter Pellegrini, Peter \u017diga, Richard Ra\u0161i, Andrej Danko, Ivan Ga\u0161parovi\u010d, B\u00e9la Bug\u00e1r, Jozef Miga\u0161 a ved\u00faci kancel\u00e1rie NR SR Daniel Guspan.\" aria-describedby=\"img-res-6583145\" class=\"\" height=\"1066\" id=\"6583145\" loading=\"lazy\" onerror=\"imgArticleLoadErr(this)\" src=\"https:\/\/www.europesays.com\/sk\/wp-content\/uploads\/2026\/09\/stretnutie-predsedovia-parlamentu.jpg\" style=\"aspect-ratio:1.501\" title=\"Ve\u013ek\u00e1 stret\u00e1vka predsedov NR\" width=\"1600\"\/>\t\t\t<\/p>\n<p>\n\t\t\t\tZobrazi\u0165 gal\u00e9riu (5)\t\t\t<\/p>\n<p>\t<\/a><\/p>\n<p>Z\u013eava: Pavol Hru\u0161ovsk\u00fd, Richard Sul\u00edk, Franti\u0161ek Miklo\u0161ko, Boris Koll\u00e1r, Peter Pellegrini, Peter \u017diga, Richard Ra\u0161i, Andrej Danko, Ivan Ga\u0161parovi\u010d, B\u00e9la Bug\u00e1r, Jozef Miga\u0161 a ved\u00faci kancel\u00e1rie NR SR Daniel Guspan.\t\u00a0(Zdroj: Facebook\/Richard Ra\u0161i)<\/p>\n<p>Koll\u00e1r a Sul\u00edk bok po boku<\/p>\n<p>Pozornos\u0165 na spolo\u010dn\u00fdch z\u00e1beroch pritiahli najm\u00e4 Boris Koll\u00e1r a Richard Sul\u00edk. Dvojica sa objavila aj na fotografi\u00e1ch, na ktor\u00fdch sa spolu usmieva. Zauj\u00edmav\u00fd moment prich\u00e1dza pr\u00e1ve v \u010dase, ke\u010f sa Sul\u00edk pripravuje na n\u00e1vrat do ve\u013ekej politiky.<\/p>\n<p>B\u00fdval\u00fd l\u00edder SaS u\u017e v apr\u00edli ozn\u00e1mil, \u017ee v najbli\u017e\u0161\u00edch parlamentn\u00fdch vo\u013eb\u00e1ch bude kandidova\u0165. Z\u00e1rove\u0148 opustil stranu, ktor\u00fa pred rokmi zalo\u017eil. Spolu s Janou Bitt\u00f3 Cig\u00e1nikovou zatia\u013e h\u013ead\u00e1 politick\u00e9 zoskupenie, s ktor\u00fdm by do volieb i\u0161iel. Jednou z mo\u017enost\u00ed je pritom pr\u00e1ve Koll\u00e1rova Sme rodina, ktor\u00e1 sa u\u017e v kolo\u00e1roch berie ako scen\u00e1r \u010d\u00edslo jeden.<\/p>\n<p>\t<a href=\"https:\/\/www.topky.sk\/gl\/9603477\/6583149\/Velka-stretavka-predsedov-NR-SR-na-hrade--Kollar-so-Sulikom-vysmiati-bok-po-boku--uz-coskoro-mozu-opat-spojit-sily-\" rel=\"nofollow noopener\" target=\"_blank\"><br \/>\n\t\t<img decoding=\"async\" alt=\"Ve\u013ek\u00e1 stret\u00e1vka predsedov NR\" aria-describedby=\"img-res-6583149\" class=\"\" height=\"1600\" id=\"6583149\" loading=\"lazy\" onerror=\"imgArticleLoadErr(this)\" src=\"https:\/\/www.europesays.com\/sk\/wp-content\/uploads\/2026\/09\/1788399437_608_stretnutie-predsedovia-parlamentu.jpg\" style=\"aspect-ratio:1.000\" title=\"Ve\u013ek\u00e1 stret\u00e1vka predsedov NR\" width=\"1600\"\/>\t\t\t<\/p>\n<p>\n\t\t\t\tZobrazi\u0165 gal\u00e9riu (5)\t\t\t<\/p>\n<p>\t<\/a><\/p>\n<p>\t\u00a0(Zdroj: Facebook\/Sme rodina)<\/p>\n<p>Obaja politici si s\u00edce na Bratislavskom hrade pripomenuli \u0161t\u00e1tny sviatok spolu s \u010fal\u0161\u00edmi b\u00fdval\u00fdmi \u0161\u00e9fmi parlamentu, u\u017e o nieko\u013eko t\u00fd\u017ed\u0148ov v\u0161ak m\u00f4\u017ee by\u0165 jasn\u00e9, \u010di sa ich cesty op\u00e4\u0165 spoja aj v politickom z\u00e1pase.<\/p>\n<p>Ra\u0161i po stretnut\u00ed zd\u00f4raznil, \u017ee napriek rozdielnym politick\u00fdm n\u00e1zorom a rozdielnym pr\u00edbehom jednotliv\u00fdch \u00fa\u010dastn\u00edkov ich sp\u00e1ja re\u0161pekt k \u00dastave SR a demokratick\u00fdm in\u0161tit\u00faci\u00e1m. &#8222;Som r\u00e1d, \u017ee sme si tento v\u00fdznamn\u00fd de\u0148 pripomenuli spolo\u010dne,&#8220; uviedol predseda parlamentu.<\/p>\n<p>\t<a href=\"https:\/\/www.topky.sk\/gl\/9603477\/6583143\/Velka-stretavka-predsedov-NR-SR-na-hrade--Kollar-so-Sulikom-vysmiati-bok-po-boku--uz-coskoro-mozu-opat-spojit-sily-\" rel=\"nofollow noopener\" target=\"_blank\"><br \/>\n\t\t<img decoding=\"async\" alt=\"Ve\u013ek\u00e1 stret\u00e1vka predsedov NR\" aria-describedby=\"img-res-6583143\" class=\"\" height=\"1066\" id=\"6583143\" loading=\"lazy\" onerror=\"imgArticleLoadErr(this)\" src=\"https:\/\/www.europesays.com\/sk\/wp-content\/uploads\/2026\/09\/1788399437_386_stretnutie-predsedovia-parlamentu.jpg\" style=\"aspect-ratio:1.501\" title=\"Ve\u013ek\u00e1 stret\u00e1vka predsedov NR\" width=\"1600\"\/>\t\t\t<\/p>\n<p>\n\t\t\t\tZobrazi\u0165 gal\u00e9riu (5)\t\t\t<\/p>\n<p>\t<\/a><\/p>\n<p>\t\u00a0(Zdroj: Facebook\/Richard Ra\u0161i)<\/p>\n","protected":false},"excerpt":{"rendered":"Na stretnutie predsedov parlamentu pri\u0161li aj Sul\u00edk s Koll\u00e1rom, o ktor\u00fdch sa \u0161epk\u00e1, \u017ee by mohli spolupracova\u0165. (Zdroj:&hellip;\n","protected":false},"author":2,"featured_media":168947,"comment_status":"","ping_status":"","sticky":false,"template":"","format":"standard","meta":{"footnotes":"","_share_on_mastodon":"0"},"categories":[6],"tags":[8441,48012,8192,46954,48015,43911,48017,10186,48013,1476,48014,48019,1695,6618,43,40,44,39,42,48018,45,41,48016,8146],"class_list":["post-168946","post","type-post","status-publish","format-standard","has-post-thumbnail","category-slovensko","tag-andrej-danko","tag-bela-bugar","tag-boris-kollar","tag-den-ustavy","tag-frantisek-miklosko","tag-ivan-gasparovic","tag-jozef-migas","tag-nr-sr","tag-pavol-hrusovsky","tag-peter-pellegrini","tag-peter-ziga","tag-predsedovia-parlamentu","tag-richard-rasi","tag-richard-sulik","tag-sk","tag-slovak","tag-slovak-republic","tag-slovakia","tag-slovencina","tag-slovenska-narodna-rada","tag-slovenska-republika","tag-slovensko","tag-snr","tag-stretnutie"],"share_on_mastodon":{"url":"https:\/\/pubeurope.com\/@sk\/117204553200160866","error":""},"_links":{"self":[{"href":"https:\/\/www.europesays.com\/sk\/wp-json\/wp\/v2\/posts\/168946","targetHints":{"allow":["GET"]}}],"collection":[{"href":"https:\/\/www.europesays.com\/sk\/wp-json\/wp\/v2\/posts"}],"about":[{"href":"https:\/\/www.europesays.com\/sk\/wp-json\/wp\/v2\/types\/post"}],"author":[{"embeddable":true,"href":"https:\/\/www.europesays.com\/sk\/wp-json\/wp\/v2\/users\/2"}],"replies":[{"embeddable":true,"href":"https:\/\/www.europesays.com\/sk\/wp-json\/wp\/v2\/comments?post=168946"}],"version-history":[{"count":0,"href":"https:\/\/www.europesays.com\/sk\/wp-json\/wp\/v2\/posts\/168946\/revisions"}],"wp:featuredmedia":[{"embeddable":true,"href":"https:\/\/www.europesays.com\/sk\/wp-json\/wp\/v2\/media\/168947"}],"wp:attachment":[{"href":"https:\/\/www.europesays.com\/sk\/wp-json\/wp\/v2\/media?parent=168946"}],"wp:term":[{"taxonomy":"category","embeddable":true,"href":"https:\/\/www.europesays.com\/sk\/wp-json\/wp\/v2\/categories?post=168946"},{"taxonomy":"post_tag","embeddable":true,"href":"https:\/\/www.europesays.com\/sk\/wp-json\/wp\/v2\/tags?post=168946"}],"curies":[{"name":"wp","href":"https:\/\/api.w.org\/{rel}","templated":true}]}}