{"id":168974,"date":"2026-09-03T02:45:11","date_gmt":"2026-09-03T02:45:11","guid":{"rendered":"https:\/\/www.europesays.com\/sk\/168974\/"},"modified":"2026-09-03T02:45:11","modified_gmt":"2026-09-03T02:45:11","slug":"klingbeil-europa-musi-tvrdsie-zasiahnut-proti-nekalym-praktikam-ciny-3","status":"publish","type":"post","link":"https:\/\/www.europesays.com\/sk\/168974\/","title":{"rendered":"Klingbeil: Eur\u00f3pa mus\u00ed tvrd\u0161ie zasiahnu\u0165 proti nekal\u00fdm praktik\u00e1m \u010c\u00edny"},"content":{"rendered":"<p>Spartanburg 2. septembra (TASR) &#8211; Nemeck\u00fd minister financi\u00ed Lars Klingbeil pova\u017euje za potrebn\u00e9, aby Eur\u00f3pa zaujala tvrd\u0161\u00ed postoj vo\u010di nekal\u00fdm obchodn\u00fdm praktik\u00e1m \u010c\u00edny. \u201eTo neznamen\u00e1, \u017ee chceme konfront\u00e1ciu, ale v oblastiach, kde vid\u00edme, \u017ee \u010c\u00edna u\u017e nehr\u00e1 pod\u013ea pravidiel, jednoducho mus\u00edme zmeni\u0165 n\u00e1\u0161 pr\u00edstup,\u201c povedal po\u010das n\u00e1v\u0161tevy z\u00e1vodu skupiny BMW v Spartanburgu v Ju\u017enej Karol\u00edne. TASR o tom informuje na z\u00e1klade spr\u00e1vy agent\u00fary DPA.<\/p>\n<p>Nov\u00e1 politika by mohla zah\u0155\u0148a\u0165 \u010fal\u0161ie cl\u00e1, napr\u00edklad na hybridn\u00e9 vozidl\u00e1. Do \u00favahy prich\u00e1dza aj zavedenie pravidla, na z\u00e1klade ktor\u00e9ho by \u010d\u00ednske spolo\u010dnosti p\u00f4sobiace v Eur\u00f3pe museli zaklada\u0165 spolo\u010dn\u00e9 podniky s v\u00e4\u010d\u0161inovou eur\u00f3pskou kontrolou s cie\u013eom chr\u00e1ni\u0165 technologick\u00e9 du\u0161evn\u00e9 vlastn\u00edctvo.<\/p>\n<p>V Nemecku u\u017e dlh\u0161\u00ed \u010das rast\u00fa obavy zo zv\u00fd\u0161enej \u010d\u00ednskej konkurencie. Za obzvl\u00e1\u0161\u0165 ohrozen\u00e9 sa pova\u017euj\u00fa k\u013e\u00fa\u010dov\u00e9 sektory vr\u00e1tane automobilov\u00e9ho priemyslu a stroj\u00e1rstva. Eur\u00f3pska \u00fania obvi\u0148uje \u010c\u00ednu z nekal\u00fdch obchodn\u00fdch prakt\u00edk, ak\u00fdmi s\u00fa rozsiahle \u0161t\u00e1tne dot\u00e1cie, udr\u017eiavanie nadmern\u00fdch v\u00fdrobn\u00fdch kapac\u00edt a dumpingov\u00e9 ceny. Kritika sa zameriava aj na prek\u00e1\u017eky, ktor\u00e9 z\u00e1padn\u00fdm firm\u00e1m s\u0165a\u017euj\u00fa pr\u00edstup na \u010d\u00ednsky trh.<\/p>\n","protected":false},"excerpt":{"rendered":"Spartanburg 2. septembra (TASR) &#8211; Nemeck\u00fd minister financi\u00ed Lars Klingbeil pova\u017euje za potrebn\u00e9, aby Eur\u00f3pa zaujala tvrd\u0161\u00ed postoj&hellip;\n","protected":false},"author":2,"featured_media":168975,"comment_status":"","ping_status":"","sticky":false,"template":"","format":"standard","meta":{"footnotes":"","_share_on_mastodon":"0"},"categories":[3],"tags":[273,57,56,55,7079,236,3953,43,40,42],"class_list":["post-168974","post","type-post","status-publish","format-standard","has-post-thumbnail","category-europa","tag-cina","tag-eu","tag-europa","tag-europe","tag-klingbeil","tag-nemecko","tag-obchod","tag-sk","tag-slovak","tag-slovencina"],"share_on_mastodon":{"url":"https:\/\/pubeurope.com\/@sk\/117204819795450185","error":""},"_links":{"self":[{"href":"https:\/\/www.europesays.com\/sk\/wp-json\/wp\/v2\/posts\/168974","targetHints":{"allow":["GET"]}}],"collection":[{"href":"https:\/\/www.europesays.com\/sk\/wp-json\/wp\/v2\/posts"}],"about":[{"href":"https:\/\/www.europesays.com\/sk\/wp-json\/wp\/v2\/types\/post"}],"author":[{"embeddable":true,"href":"https:\/\/www.europesays.com\/sk\/wp-json\/wp\/v2\/users\/2"}],"replies":[{"embeddable":true,"href":"https:\/\/www.europesays.com\/sk\/wp-json\/wp\/v2\/comments?post=168974"}],"version-history":[{"count":0,"href":"https:\/\/www.europesays.com\/sk\/wp-json\/wp\/v2\/posts\/168974\/revisions"}],"wp:featuredmedia":[{"embeddable":true,"href":"https:\/\/www.europesays.com\/sk\/wp-json\/wp\/v2\/media\/168975"}],"wp:attachment":[{"href":"https:\/\/www.europesays.com\/sk\/wp-json\/wp\/v2\/media?parent=168974"}],"wp:term":[{"taxonomy":"category","embeddable":true,"href":"https:\/\/www.europesays.com\/sk\/wp-json\/wp\/v2\/categories?post=168974"},{"taxonomy":"post_tag","embeddable":true,"href":"https:\/\/www.europesays.com\/sk\/wp-json\/wp\/v2\/tags?post=168974"}],"curies":[{"name":"wp","href":"https:\/\/api.w.org\/{rel}","templated":true}]}}