{"id":168988,"date":"2026-09-03T03:11:10","date_gmt":"2026-09-03T03:11:10","guid":{"rendered":"https:\/\/www.europesays.com\/sk\/168988\/"},"modified":"2026-09-03T03:11:10","modified_gmt":"2026-09-03T03:11:10","slug":"simona-salatova-si-kopla-do-gaborikovcov-ivana-toto-radsej-necitaj","status":"publish","type":"post","link":"https:\/\/www.europesays.com\/sk\/168988\/","title":{"rendered":"Simona Sal\u00e1tov\u00e1 si kopla do G\u00e1bor\u00edkovcov: Ivana, toto rad\u0161ej ne\u010d\u00edtaj!"},"content":{"rendered":"<p>BRATISLAVA &#8211; Simona First a Joe Trendy osl\u00e1vili \u0161es\u0165 rokov svojej l\u00e1sky. Komi\u010dka pri tejto pr\u00edle\u017eitosti zverejnila man\u017eelovi poriadne \u00faprimn\u00e9 vyznanie, no romantick\u00e9 slov\u00e1 okorenila aj ne\u010dakanou nar\u00e1\u017ekou na G\u00e1bor\u00edkovcov.<\/p>\n<p>Simona First a jej man\u017eel Joe Trendy oslavuj\u00fa v\u00fdznamn\u00fd m\u00ed\u013enik vo svojom vz\u0165ahu. Dvojica je spolu u\u017e \u0161es\u0165 rokov a pri tejto pr\u00edle\u017eitosti sa komi\u010dka rozhodla zaspom\u00edna\u0165 na spolo\u010dn\u00e9 chv\u00edle aj verejne. Na soci\u00e1lnej sieti Instagram venovala svojmu man\u017eelovi poriadne osobn\u00e9 vyznanie, v ktorom nech\u00fdbala d\u00e1vka humoru, nadh\u013eadu, ale ani jemne u\u0161tipa\u010dn\u00e1 pozn\u00e1mka. Simona otvorene priznala, \u017ee ani ich vz\u0165ah nie je v\u017edy ako z romantick\u00e9ho filmu.<\/p>\n<p>Raz maj\u00fa k idylke \u010faleko, inokedy si naopak u\u017e\u00edvaj\u00fa harmonick\u00e9 chv\u00edle. Pr\u00e1ve prirovnanie k dokonal\u00e9mu p\u00e1ru v\u0161ak vyu\u017eila na nar\u00e1\u017eku na man\u017eelov G\u00e1bor\u00edkovcov, ktor\u00ed v poslednom obdob\u00ed p\u00fataj\u00fa zv\u00fd\u0161en\u00fa <a href=\"https:\/\/www.topky.sk\/cl\/100313\/9460837\/Gaborik-po-skandale-s-neznamou-zenou--VIDEO-Utek-do-zahranicia-a-potom----rodinna-idylka-s-Ivanou-\" target=\"_blank\" rel=\"nofollow noopener\">pozornos\u0165 m\u00e9di\u00ed<\/a>. D\u00f4vodom je pre\u0161\u013eap hokejistu, o ktorom sa v posledn\u00fdch d\u0148och intenz\u00edvne diskutuje. Komi\u010dka svoje vyznanie po\u0148ala po svojom.<\/p>\n<p>S man\u017eelom pod\u013ea vlastn\u00fdch slov za \u0161es\u0165 rokov za\u017eili mno\u017estvo pekn\u00fdch, ale aj n\u00e1ro\u010dnej\u0161\u00edch momentov. Napriek tomu v\u0161ak ver\u00ed, \u017ee ich spolo\u010dn\u00e1 cesta bude pokra\u010dova\u0165 e\u0161te dlh\u00e9 roky. \u201eNiekedy sme trikr\u00e1t denne na rozvod, inokedy idylka v\u00e4\u010d\u0161ia jak u G\u00e1bor\u00edkovcov. Vz\u0165ahy s\u00fa hore dole, vz\u0165ahy s\u00fa voda. A niekedy sa ti pl\u00e1va\u0165 chce a inokedy ten druh\u00fd mus\u00ed by\u0165 riadna b\u00e1jka. 6 rokov pl\u00e1vame a d\u00fafam, \u017ee n\u00e1s e\u0161te \u010dak\u00e1 \u0161irok\u00e9 more radost\u00ed aj probl\u00e9mov. S tebou sa fakt daj\u00fa,&#8220; odk\u00e1zala mu.\u00a0<\/p>\n","protected":false},"excerpt":{"rendered":"BRATISLAVA &#8211; Simona First a Joe Trendy osl\u00e1vili \u0161es\u0165 rokov svojej l\u00e1sky. Komi\u010dka pri tejto pr\u00edle\u017eitosti zverejnila man\u017eelovi&hellip;\n","protected":false},"author":2,"featured_media":168989,"comment_status":"","ping_status":"","sticky":false,"template":"","format":"standard","meta":{"footnotes":"","_share_on_mastodon":"0"},"categories":[15],"tags":[70,40056,48025,13330,48024,43,40,39,42,41,1181,71],"class_list":["post-168988","post","type-post","status-publish","format-standard","has-post-thumbnail","category-zabava","tag-entertainment","tag-gaborikovci","tag-joe-trendy","tag-simona-first","tag-simona-salatova","tag-sk","tag-slovak","tag-slovakia","tag-slovencina","tag-slovensko","tag-vyrocie","tag-zabava"],"share_on_mastodon":{"url":"https:\/\/pubeurope.com\/@sk\/117204922307025549","error":""},"_links":{"self":[{"href":"https:\/\/www.europesays.com\/sk\/wp-json\/wp\/v2\/posts\/168988","targetHints":{"allow":["GET"]}}],"collection":[{"href":"https:\/\/www.europesays.com\/sk\/wp-json\/wp\/v2\/posts"}],"about":[{"href":"https:\/\/www.europesays.com\/sk\/wp-json\/wp\/v2\/types\/post"}],"author":[{"embeddable":true,"href":"https:\/\/www.europesays.com\/sk\/wp-json\/wp\/v2\/users\/2"}],"replies":[{"embeddable":true,"href":"https:\/\/www.europesays.com\/sk\/wp-json\/wp\/v2\/comments?post=168988"}],"version-history":[{"count":0,"href":"https:\/\/www.europesays.com\/sk\/wp-json\/wp\/v2\/posts\/168988\/revisions"}],"wp:featuredmedia":[{"embeddable":true,"href":"https:\/\/www.europesays.com\/sk\/wp-json\/wp\/v2\/media\/168989"}],"wp:attachment":[{"href":"https:\/\/www.europesays.com\/sk\/wp-json\/wp\/v2\/media?parent=168988"}],"wp:term":[{"taxonomy":"category","embeddable":true,"href":"https:\/\/www.europesays.com\/sk\/wp-json\/wp\/v2\/categories?post=168988"},{"taxonomy":"post_tag","embeddable":true,"href":"https:\/\/www.europesays.com\/sk\/wp-json\/wp\/v2\/tags?post=168988"}],"curies":[{"name":"wp","href":"https:\/\/api.w.org\/{rel}","templated":true}]}}