{"id":169004,"date":"2026-09-03T03:46:14","date_gmt":"2026-09-03T03:46:14","guid":{"rendered":"https:\/\/www.europesays.com\/sk\/169004\/"},"modified":"2026-09-03T03:46:14","modified_gmt":"2026-09-03T03:46:14","slug":"kosice-predstavili-prvy-z-11-klbovych-elektrobusov-3","status":"publish","type":"post","link":"https:\/\/www.europesays.com\/sk\/169004\/","title":{"rendered":"Ko\u0161ice predstavili prv\u00fd z 11 k\u013abov\u00fdch elektrobusov"},"content":{"rendered":"<p>Ko\u0161ice 2. septembra (TASR) &#8211; Mesto Ko\u0161ice predstavilo na obratisku KVP Kl\u00e1\u0161tor prv\u00fd z 11 k\u013abov\u00fdch elektrobusov s d\u013a\u017ekou 18 metrov, ktor\u00e9 maj\u00fa dorazi\u0165 do Ko\u0161\u00edc do konca septembra. Informovalo o tom vedenie mesta a Dopravn\u00e9ho podniku mesta Ko\u0161ice (DPMK) na spolo\u010dnej stredaj\u0161ej tla\u010dovej konferencii.<\/p>\n<p>Elektrobusy bud\u00fa jazdi\u0165 na link\u00e1ch 19, 71, preto\u017ee s\u00fa pod\u013ea poveren\u00e9ho gener\u00e1lneho riadite\u013ea DPMK Romana Danka najviac vy\u0165a\u017een\u00e9. \u201eIde o k\u013abov\u00fd autobus, ktor\u00e9ho obsadenos\u0165 je 145 \u013eud\u00ed. Z h\u013eadiska komfortu je plne klimatizovan\u00fd, z h\u013eadiska bezpe\u010dnosti je pod kamerov\u00fdm syst\u00e9mom,\u201c doplnil.<\/p>\n<p>Prim\u00e1tor mesta Jaroslav Pola\u010dek uviedol, \u017ee na prvom elektrobuse chc\u00fa nastavi\u0165 softv\u00e9r. Taktie\u017e dodal, \u017ee mesto do bud\u00facnosti po\u010d\u00edta aj s mo\u017enos\u0165ou dynamick\u00e9ho nab\u00edjania elektrobusov po\u010das jazdy prostredn\u00edctvom trak\u010dn\u00e9ho vedenia.<\/p>\n<p>Elektrobusy sa bud\u00fa na kone\u010dn\u00fdch zast\u00e1vkach nab\u00edja\u0165 prostredn\u00edctvom pantografu, \u010d\u00edm bud\u00fa vzh\u013eadom pripom\u00edna\u0165 trolejbusy.<\/p>\n<p>Na S\u00eddlisku KVP vzniklo osem nab\u00edjac\u00edch bodov na uzavretej trolejovej stope ur\u010denej na statick\u00e9 nab\u00edjanie vozidiel. V depe na Horn\u00e1dskej ulici bude k dispoz\u00edcii 12 nab\u00edjac\u00edch bodov a rovnak\u00fd po\u010det samostatn\u00fdch trolejov\u00fdch st\u00f4p.<\/p>\n<p>Ministerstvo invest\u00edci\u00ed, region\u00e1lneho rozvoja a informatiz\u00e1cie SR schv\u00e1lilo na projekt Verejn\u00e1 osobn\u00e1 doprava s nulov\u00fdmi emisiami v meste Ko\u0161ice, I. etapa finan\u010dn\u00fd pr\u00edspevok z eurofondov vo v\u00fd\u0161ke takmer 13,92 mili\u00f3na eur.<\/p>\n","protected":false},"excerpt":{"rendered":"Ko\u0161ice 2. septembra (TASR) &#8211; Mesto Ko\u0161ice predstavilo na obratisku KVP Kl\u00e1\u0161tor prv\u00fd z 11 k\u013abov\u00fdch elektrobusov s&hellip;\n","protected":false},"author":2,"featured_media":169005,"comment_status":"","ping_status":"","sticky":false,"template":"","format":"standard","meta":{"footnotes":"","_share_on_mastodon":"0"},"categories":[22],"tags":[3595,47983,137,43,40,39,42,41],"class_list":["post-169004","post","type-post","status-publish","format-standard","has-post-thumbnail","category-kosice","tag-dpmk","tag-elektrobus","tag-kosice","tag-sk","tag-slovak","tag-slovakia","tag-slovencina","tag-slovensko"],"share_on_mastodon":{"url":"https:\/\/pubeurope.com\/@sk\/117205059860679825","error":""},"_links":{"self":[{"href":"https:\/\/www.europesays.com\/sk\/wp-json\/wp\/v2\/posts\/169004","targetHints":{"allow":["GET"]}}],"collection":[{"href":"https:\/\/www.europesays.com\/sk\/wp-json\/wp\/v2\/posts"}],"about":[{"href":"https:\/\/www.europesays.com\/sk\/wp-json\/wp\/v2\/types\/post"}],"author":[{"embeddable":true,"href":"https:\/\/www.europesays.com\/sk\/wp-json\/wp\/v2\/users\/2"}],"replies":[{"embeddable":true,"href":"https:\/\/www.europesays.com\/sk\/wp-json\/wp\/v2\/comments?post=169004"}],"version-history":[{"count":0,"href":"https:\/\/www.europesays.com\/sk\/wp-json\/wp\/v2\/posts\/169004\/revisions"}],"wp:featuredmedia":[{"embeddable":true,"href":"https:\/\/www.europesays.com\/sk\/wp-json\/wp\/v2\/media\/169005"}],"wp:attachment":[{"href":"https:\/\/www.europesays.com\/sk\/wp-json\/wp\/v2\/media?parent=169004"}],"wp:term":[{"taxonomy":"category","embeddable":true,"href":"https:\/\/www.europesays.com\/sk\/wp-json\/wp\/v2\/categories?post=169004"},{"taxonomy":"post_tag","embeddable":true,"href":"https:\/\/www.europesays.com\/sk\/wp-json\/wp\/v2\/tags?post=169004"}],"curies":[{"name":"wp","href":"https:\/\/api.w.org\/{rel}","templated":true}]}}