{"id":169026,"date":"2026-09-03T04:53:09","date_gmt":"2026-09-03T04:53:09","guid":{"rendered":"https:\/\/www.europesays.com\/sk\/169026\/"},"modified":"2026-09-03T04:53:09","modified_gmt":"2026-09-03T04:53:09","slug":"rusko-planuje-sabotaz-v-dansku","status":"publish","type":"post","link":"https:\/\/www.europesays.com\/sk\/169026\/","title":{"rendered":"Rusko pl\u00e1nuje sabot\u00e1\u017e v D\u00e1nsku"},"content":{"rendered":"<p>Rusk\u00fd prezident Vladimir Putin\t\t\t\t\t\t(Zdroj: TASR\/AP\/Vyacheslav Prokofyev\/Sputnik, Kremlin Pool Photo)\t\t\t\t\t<\/p>\n<p>KODA\u0147 &#8211; D\u00e1nske \u00farady odhalili pl\u00e1ny a pr\u00edpravy na rusk\u00fa sabot\u00e1\u017e v D\u00e1nsku. Medzi cie\u013emi s\u00fa firmy p\u00f4sobiace v obrannom priemysle s v\u00e4zbami na vojensk\u00fa pomoc na Ukrajine. Situ\u00e1ciu sledujeme online.<\/p>\n<p style=\"text-align:center\">Na\u017eivo z Ukrajiny<\/p>\n<p>ONLINE<br \/>\nNa\u010d\u00edta\u0165 nov\u00e9 spr\u00e1vy<\/p>\n<p>6:02\u00a0D\u00e1nske \u00farady odhalili pl\u00e1ny a pr\u00edpravy na rusk\u00fa sabot\u00e1\u017e v D\u00e1nsku. Medzi cie\u013emi s\u00fa firmy p\u00f4sobiace v obrannom priemysle s v\u00e4zbami na vojensk\u00fa pomoc na Ukrajine. Povedal to denn\u00edku Berlingsk\u00fd \u0161\u00e9f d\u00e1nskej kontrarozviedky (PET) Emil Gr\u00e4sholm.<\/p>\n<p>&#8222;Hlavn\u00fdm cie\u013eom je zastavi\u0165 konkr\u00e9tne dod\u00e1vky pre ukrajinsk\u00fa obranu,&#8220; povedal Gr\u00e4sholm. &#8222;Z\u00e1rove\u0148 n\u00e1s chc\u00fa zastra\u0161i\u0165, aby sme prestali podporova\u0165 Ukrajincov a neposil\u0148ovali na\u0161e vlastn\u00e9 obrann\u00e9 schopnosti,&#8220; dodal.<\/p>\n<p>ICAO po varovaniach Ukrajiny vyzvalo na bezpe\u010dnos\u0165 civiln\u00e9ho letectva<\/p>\n<p>Medzin\u00e1rodn\u00e1 organiz\u00e1cia civiln\u00e9ho letectva (ICAO) vyzvala v stredu svoje \u010dlensk\u00e9 \u0161t\u00e1ty, aby zaistili bezpe\u010dnos\u0165 civiln\u00fdch lietadiel. Stanovisko zverejnila po tom, ako Ukrajina tomuto \u00faradu OSN povedala, \u017ee rusk\u00fd vzdu\u0161n\u00fd priestor nie je po\u010das vojny bezpe\u010dn\u00fd. Informovala o tom agent\u00fara APF.<\/p>\n<p>\u201eK vojensk\u00fdm technol\u00f3gi\u00e1m ohrozuj\u00facim civiln\u00e9 letectvo patria zbra\u0148ov\u00e9 syst\u00e9my dlh\u00e9ho dosahu, bezpilotn\u00e9 lietadl\u00e1, ru\u0161enie r\u00e1diov\u00fdch frekvenci\u00ed glob\u00e1lneho naviga\u010dn\u00e9ho satelitn\u00e9ho syst\u00e9mu a pokro\u010dil\u00e9 syst\u00e9my protivzdu\u0161nej obrany,\u201c uviedla ICAO bez spomenutia konkr\u00e9tnej krajiny.<\/p>\n<p>Organiz\u00e1cia z\u00e1rove\u0148 zopakovala v\u00fdzvu na \u201esilnej\u0161ie z\u00e1v\u00e4zky v\u0161etk\u00fdch \u010dlensk\u00fdch \u0161t\u00e1tov chr\u00e1ni\u0165 civiln\u00e9 lietadl\u00e1 pred v\u0161etk\u00fdmi rizikami poch\u00e1dzaj\u00facimi zo z\u00f3n konfliktu\u201c. Hrozba, \u017ee sa stan\u00fa ter\u010dom \u00fatoku alebo sa ocitn\u00fa v kr\u00ed\u017eovej pa\u013ebe, sa pod\u013ea nej zvy\u0161uje.<\/p>\n<p>Ukrajina v stredu v ofici\u00e1lnom ozn\u00e1men\u00ed pre ICAO uviedla, \u017ee vzdu\u0161n\u00fd priestor Ruska \u201enie je bezpe\u010dn\u00fd\u201c. Ukrajinsk\u00fd prezident Volodymyr Zelenskyj de\u0148 predt\u00fdm upozornil, \u017ee vzdu\u0161n\u00fd priestor Ruska bude vzh\u013eadom na vojensk\u00e9 drony Kyjeva po\u010das vojny \u201eabsol\u00fatne nebezpe\u010dn\u00fd\u201c. \u201eUkrajina si ne\u017eel\u00e1, aby pri\u0161li o \u017eivot nevinn\u00ed \u013eudia. Preto na\u0161ich partnerov varujeme: bezpe\u010dn\u00e9 dni na ruskej oblohe sa skon\u010dili,\u201c vyhl\u00e1sil Zelenskyj. Zd\u00f4raznil, \u017ee civiln\u00e9 lietadl\u00e1 nie s\u00fa cie\u013eom, no \u201ena oblohe hem\u017eiacej sa dronmi\u201c pre nich nie je miesto. Ozna\u010dil to za primeran\u00fa odpove\u010f na \u201e\u017eelanie Ruska predl\u017eova\u0165 vojnu\u201c.<\/p>\n<p>Rusk\u00fd leteck\u00fd \u00farad, ktor\u00fd pravidelne uzaviera letisk\u00e1 v reakcii na ukrajinsk\u00e9 dronov\u00e9 \u00fatoky, ozna\u010dil varovania z Kyjeva za neopr\u00e1vnen\u00e9 a \u201eneplatn\u00e9\u201c. Rusk\u00fd prezident Vladimir Putin vyhl\u00e1sil, \u017ee Zelensk\u00e9ho vyjadrenia s\u00fa \u201evyhl\u00e1sen\u00edm \u0161t\u00e1tneho terorizmu\u201c, na ktor\u00fd bude Moskva reagova\u0165. V Rusku pravidelne uzatv\u00e1raj\u00fa letisk\u00e1 v reakcii na ukrajinsk\u00e9 dronov\u00e9 \u00fatoky, pripom\u00edna AFP. Ukrajinsk\u00fd vzdu\u0161n\u00fd priestor je uzavret\u00fd pre civiln\u00fa dopravu od ruskej inv\u00e1zie z febru\u00e1ra 2022.<\/p>\n<p>Rusko sa sna\u017e\u00ed v Eur\u00f3pe zasia\u0165 ned\u00f4veru a vyvola\u0165 rozpory<\/p>\n<p>Rusko si uvedomuje, \u017ee nem\u00f4\u017ee podnikn\u00fa\u0165 priamy ozbrojen\u00fd \u00fatok proti krajin\u00e1m NATO, a preto sa sna\u017e\u00ed vykon\u00e1va\u0165 aktivity, ktor\u00e9 s\u00fa pod \u00farov\u0148ou vojenskej agresie. M\u00e1 na to cel\u00fd arzen\u00e1l prostriedkov, pri ktor\u00fdch je \u0165a\u017ek\u00e9 a\u017e priam nemo\u017en\u00e9 prip\u00edsa\u0165 mu zodpovednos\u0165. V stredaj\u0161om rozhovore pre americk\u00fa stanicu CNN to vyhl\u00e1sil \u010desk\u00fd prezident Petr Pavel.<\/p>\n<p>\u201eRusko sa sna\u017e\u00ed vytvori\u0165 atmosf\u00e9ru ned\u00f4very vo\u010di in\u0161tit\u00faci\u00e1m, vyvola\u0165 rozpory medzi krajinami a odradi\u0165 ich od podpory Ukrajiny a nepriate\u013esk\u00fdch postojov vo\u010di Rusku,\u201c povedal Pavel v rozhovore s novin\u00e1rkou Christiane Amanpourovou. Na tento \u00fa\u010del Moskva pod\u013ea neho vyu\u017e\u00edva nepriame opatrenia &#8211; od podvratnej \u010dinnosti cez naru\u0161enia vzdu\u0161n\u00e9ho priestoru, provok\u00e1cie v n\u00e1mornom priestore a\u017e po informa\u010dn\u00e9 kampane. \u201eV\u0161etko je motivovan\u00e9 star\u00fdm pravidlom: &#8218;Rozde\u013euj a panuj&#8216;,\u201c upozornil.<\/p>\n<p>\t<a href=\"https:\/\/www.topky.sk\/gl\/9603807\/6524131\/MIMORIADNY-ONLINE-Rusko-chysta-sabotaz-v-Dansku--Tercom-su-firmy-pomahajuce-Ukrajine\" rel=\"nofollow noopener\" target=\"_blank\"><br \/>\n\t\t<img decoding=\"async\" alt=\"Petr Pavel\" aria-describedby=\"img-res-6524131\" class=\"\" height=\"1070\" id=\"6524131\" loading=\"lazy\" onerror=\"imgArticleLoadErr(this)\" src=\"https:\/\/www.europesays.com\/sk\/wp-content\/uploads\/2026\/09\/Petr-Pavel.jpg\" style=\"aspect-ratio:1.495\" title=\"Petr Pavel\" width=\"1600\"\/>\t\t\t<\/p>\n<p>\n\t\t\t\tZobrazi\u0165 gal\u00e9riu (2)\t\t\t<\/p>\n<p>\t<\/a><\/p>\n<p>Petr Pavel\t\u00a0(Zdroj: TASR\/Martin Baumann)<\/p>\n<p>\u201eAk chcel prezident (Vladimir) Putin rozvr\u00e1ti\u0165 jednotu NATO a E\u00da t\u00fdm, \u017ee rozp\u00fatal agresiu proti Ukrajine, dosiahol prav\u00fd opak. Krajiny NATO s\u00fa jednotnej\u0161ie, odhodlanej\u0161ie br\u00e1ni\u0165 svoje \u00fazemie, vynaklada\u0165 viac prostriedkov na vlastn\u00fa obranu a odradi\u0165 Rusko od akejko\u013evek otvorenej vojenskej akcie,\u201c uviedol \u010falej Pavel. V NATO je pod\u013ea neho st\u00e1le v\u00e4\u010d\u0161ia zhoda na tom, \u017ee Aliancia mus\u00ed by\u0165 odhodlan\u00e1 Rusko nielen odstra\u0161ova\u0165, ale v pr\u00edpade potreby aj skuto\u010dne reagova\u0165 na naru\u0161enie svojho vzdu\u0161n\u00e9ho priestoru alebo \u00fazemia.<\/p>\n<p>\u010cesk\u00fd prezident tie\u017e povedal, \u017ee rusk\u00e1 agresia proti Ukrajine sa dostala do patovej situ\u00e1cie. \u201eRusku sa nedar\u00ed, aj ke\u010f rusk\u00e1 propaganda tvrd\u00ed, \u017ee vojna prebieha \u00faspe\u0161ne,\u201c uviedol s t\u00fdm, \u017ee rusk\u00e9 sily za ka\u017ed\u00fd \u0161tvorcov\u00fd kilometer z\u00edskan\u00e9ho \u00fazemia Ukrajiny stratia viac ne\u017e 1000 vojakov, po\u010det ich obet\u00ed je vy\u0161\u0161\u00ed ako po\u010det nov\u00fdch pr\u00edslu\u0161n\u00edkov a za posledn\u00fd rok sa im podarilo doby\u0165 menej ne\u017e 0,4 percenta ukrajinsk\u00e9ho \u00fazemia. \u201eTo nemo\u017eno pova\u017eova\u0165 za \u00faspech,\u201c vyhl\u00e1sil.<\/p>\n<p>Rusko pod\u013ea Pavla vych\u00e1dza z predstavy, \u017ee je ohrozen\u00e9 Z\u00e1padom, tak\u017ee ke\u010f sa mu nedar\u00ed v boji proti Ukrajine, h\u013ead\u00e1 vonkaj\u0161\u00edch nepriate\u013eov. \u201eV prvom rade s\u00fa teraz jeho priamym cie\u013eom eur\u00f3pskej krajiny, ktor\u00e9 podporuj\u00fa Ukrajinu,\u201c doplnil. Pavel je presved\u010den\u00fd, \u017ee rusk\u00e1 spolo\u010dnos\u0165 je z vojny vo v\u0161eobecnosti unaven\u00e1 rovnako ako t\u00e1 ukrajinsk\u00e1. Vedenie Ruska v\u0161ak ob\u010danov s\u00fa\u010dasne presvied\u010da, \u017ee nem\u00f4\u017ee by\u0165 porazen\u00e9, preto\u017ee by to vraj znamenalo katastrofu. Moskva preto pod\u013ea Pavla potrebuje aspo\u0148 navodi\u0165 dojem v\u00ed\u0165azstva. Pokra\u010dovanie konfliktu ale nie je v z\u00e1ujme nikoho, zd\u00f4raznil a vyzval na jeho ukon\u010denie.<\/p>\n","protected":false},"excerpt":{"rendered":"Rusk\u00fd prezident Vladimir Putin (Zdroj: TASR\/AP\/Vyacheslav Prokofyev\/Sputnik, Kremlin Pool Photo) KODA\u0147 &#8211; D\u00e1nske \u00farady odhalili pl\u00e1ny a pr\u00edpravy&hellip;\n","protected":false},"author":2,"featured_media":169027,"comment_status":"","ping_status":"","sticky":false,"template":"","format":"standard","meta":{"footnotes":"","_share_on_mastodon":"0"},"categories":[8],"tags":[33,237,43,40,42,36,50,303,239,790,791,49,48],"class_list":["post-169026","post","type-post","status-publish","format-standard","has-post-thumbnail","category-svet","tag-news","tag-rusko","tag-sk","tag-slovak","tag-slovencina","tag-spravy","tag-svet","tag-ukrajina","tag-vladimir-putin","tag-vojna","tag-volodymyr-zelenskyj","tag-world","tag-world-news"],"share_on_mastodon":{"url":"https:\/\/pubeurope.com\/@sk\/117205323791830002","error":""},"_links":{"self":[{"href":"https:\/\/www.europesays.com\/sk\/wp-json\/wp\/v2\/posts\/169026","targetHints":{"allow":["GET"]}}],"collection":[{"href":"https:\/\/www.europesays.com\/sk\/wp-json\/wp\/v2\/posts"}],"about":[{"href":"https:\/\/www.europesays.com\/sk\/wp-json\/wp\/v2\/types\/post"}],"author":[{"embeddable":true,"href":"https:\/\/www.europesays.com\/sk\/wp-json\/wp\/v2\/users\/2"}],"replies":[{"embeddable":true,"href":"https:\/\/www.europesays.com\/sk\/wp-json\/wp\/v2\/comments?post=169026"}],"version-history":[{"count":0,"href":"https:\/\/www.europesays.com\/sk\/wp-json\/wp\/v2\/posts\/169026\/revisions"}],"wp:featuredmedia":[{"embeddable":true,"href":"https:\/\/www.europesays.com\/sk\/wp-json\/wp\/v2\/media\/169027"}],"wp:attachment":[{"href":"https:\/\/www.europesays.com\/sk\/wp-json\/wp\/v2\/media?parent=169026"}],"wp:term":[{"taxonomy":"category","embeddable":true,"href":"https:\/\/www.europesays.com\/sk\/wp-json\/wp\/v2\/categories?post=169026"},{"taxonomy":"post_tag","embeddable":true,"href":"https:\/\/www.europesays.com\/sk\/wp-json\/wp\/v2\/tags?post=169026"}],"curies":[{"name":"wp","href":"https:\/\/api.w.org\/{rel}","templated":true}]}}