{"id":169096,"date":"2026-09-03T06:34:16","date_gmt":"2026-09-03T06:34:16","guid":{"rendered":"https:\/\/www.europesays.com\/sk\/169096\/"},"modified":"2026-09-03T06:34:16","modified_gmt":"2026-09-03T06:34:16","slug":"brutalna-vrazda-v-dome-nasli-mrtveho-novorodenca-malo-15-bodnych-ran-obvinili-styroch-slovakov","status":"publish","type":"post","link":"https:\/\/www.europesays.com\/sk\/169096\/","title":{"rendered":"BRUT\u00c1LNA VRA\u017dDA V dome na\u0161li m\u0155tveho novorodenca, malo 15 bodn\u00fdch r\u00e1n! Obvinili \u0161tyroch Slov\u00e1kov"},"content":{"rendered":"<p>\t\t\t\t\t\t\t<img decoding=\"async\" src=\"https:\/\/www.europesays.com\/sk\/wp-content\/uploads\/2026\/09\/foto-tasr-jakub-kotian.jpg\" alt=\"Ilustra\u010dn\u00e9 foto. Zdroj:  TASR\" style=\"aspect-ratio: 1.33;object-fit: cover; display:inline; width: 100%;\" fetchpriority=\"high\"\/><\/p>\n<p>\t\t\t\t\tIlustra\u010dn\u00e9 foto. Zdroj:  TASR<\/p>\n<p>\t\t<img decoding=\"async\" src=\"https:\/\/www.europesays.com\/sk\/wp-content\/uploads\/2026\/09\/1788417255_753_765228516-1898674097713507-6612690692274934859-n.jpg\" aria-label=\"Autor\"\/><\/p>\n<p>P\u00e4\u0165 slovensk\u00fdch ob\u010danov poslal do v\u00e4zby s\u00fad v anglickom meste Sheffield v s\u00favislosti s vra\u017edou novonaroden\u00e9ho diev\u010datka, ktor\u00e9 bolo dobodan\u00e9 no\u017eom. V stredu (2. 9.) o tom informovala telev\u00edzia BBC. <\/p>\n<p>Diev\u010datko na\u0161li v nede\u013eu v sheffieldskej \u0161tvrti Wincobank po tom, ako niekto nahl\u00e1sil, \u017ee m\u00e1 obavy o jej bezpe\u010dnos\u0165. Pod\u013ea vy\u0161etrovate\u013eov b\u00e1b\u00e4tko zomrelo na mieste na n\u00e1sledky 33 poranen\u00ed sp\u00f4soben\u00fdch 15 bodnutiami no\u017eom.<\/p>\n<p>Dvaja mu\u017ei vo veku 19 a 39 rokov a dve \u017eeny vo veku 20 a 37 rokov s\u00fa obvinen\u00ed z vra\u017edy, sp\u00f4sobenia alebo umo\u017enenia \u00famrtia die\u0165a\u0165a a marenia spravodlivosti t\u00fdm, \u017ee podnikli kroky na utajenie zabitia die\u0165a\u0165a. Piata osoba, 15-ro\u010dn\u00e9 diev\u010da, je obvinen\u00e1 z marenia spravodlivosti. V\u0161etk\u00fdch p\u00e4\u0165 slovensk\u00fdch \u0161t\u00e1tnych pr\u00edslu\u0161n\u00edkov bolo vzat\u00fdch do v\u00e4zby. <\/p>\n<p>Mohlo by v\u00e1s zauj\u00edma\u0165:<\/p>\n<p>Reklama<\/p>\n<p> div {<br \/>\ntext-align: left;<br \/>\nfont-size: 12px;<br \/>\ncolor: #6f6f6f;<br \/>\n}<\/p>\n<p>#onnetwork-banner > div:first-child {<br \/>\ntext-align: left;<br \/>\nfont-weight: 700;<br \/>\npadding-bottom: 5px;<br \/>\nfont-size: 14px;<br \/>\ncolor: #000000;<br \/>\n}<\/p>\n<p>]]><\/p>\n<p>\u201eChcel by som sa po\u010fakova\u0165 na\u0161ej komunite, ktor\u00e1 bola touto traumatickou udalos\u0165ou hlboko zasiahnut\u00e1, za podporu, ktor\u00fa n\u00e1m poskytuje po\u010das tohto zlo\u017eit\u00e9ho vy\u0161etrovania,\u201c uviedol pred s\u00fadnym pojedn\u00e1van\u00edm in\u0161pektor Tom Woodward. \u201e\u017diadame verejnos\u0165, aby sa po\u010das prebiehaj\u00faceho s\u00fadneho konania zdr\u017eala \u0161pekul\u00e1ci\u00ed a zverej\u0148ovania inform\u00e1ci\u00ed o tomto pr\u00edpade na internete. Zabezpe\u010denie integrity trestn\u00e9ho konania je pre n\u00e1s k\u013e\u00fa\u010dov\u00e9, aby sme dosiahli spravodlivos\u0165 pre toto mal\u00e9 diev\u010datko,\u201c uviedol. <\/p>\n<p>Pol\u00edcia uviedla, \u017ee org\u00e1ny \u010dinn\u00e9 v trestnom konan\u00ed bud\u00fa na\u010falej p\u00f4sobi\u0165 v oblasti Holywell Heights a robi\u0165 tam vy\u0161etrovacie \u00fakony.<\/p>\n<p class=\"tags\">Viac o t\u00e9me: <a href=\"https:\/\/regiony.zoznam.sk\/tag\/anglicko\/\" rel=\"nofollow noopener\" target=\"_blank\">Anglicko<\/a>, <a href=\"https:\/\/regiony.zoznam.sk\/tag\/dieta\/\" rel=\"nofollow noopener\" target=\"_blank\">die\u0165a<\/a>, <a href=\"https:\/\/regiony.zoznam.sk\/tag\/slovaci\/\" rel=\"nofollow noopener\" target=\"_blank\">Slov\u00e1ci<\/a>, <a href=\"https:\/\/regiony.zoznam.sk\/tag\/vrazda\/\" rel=\"nofollow noopener\" target=\"_blank\">vra\u017eda<\/a><\/p>\n<p>\t\tKoment\u00e1re k \u010dl\u00e1nku<\/p>\n<p>\t\t\t\t\t\t\t\t\t\t\t\t\t\t\t\t\t<img decoding=\"async\" class=\"article-comment-image\" src=\"https:\/\/www.europesays.com\/sk\/wp-content\/uploads\/2026\/09\/1788417256_734_avatar92.jpg\" alt=\"\"\/><\/p>\n<p>Adam31<\/p>\n<p>\n\t\t\t\t\t\t\t\t\tPred 11 hodinami\t\t\t\t\t\t\t\t<\/p>\n<p>To bola zauden\u00e1 satansk\u00e1 banda? Nemaj\u00fa v Anglicku e\u0161te st\u00e1le hrdeln\u00fd trest? Mali by 5 adeptov.\ud83e\udd14\ud83e\udd14\ud83e\udd14\ud83e\udd14<\/p>\n","protected":false},"excerpt":{"rendered":"Ilustra\u010dn\u00e9 foto. Zdroj: TASR P\u00e4\u0165 slovensk\u00fdch ob\u010danov poslal do v\u00e4zby s\u00fad v anglickom meste Sheffield v s\u00favislosti s&hellip;\n","protected":false},"author":2,"featured_media":169097,"comment_status":"","ping_status":"","sticky":false,"template":"","format":"standard","meta":{"footnotes":"","_share_on_mastodon":"0"},"categories":[32],"tags":[9187,988,34,37,33,43,536,40,39,42,41,36,38,35,766],"class_list":["post-169096","post","type-post","status-publish","format-standard","has-post-thumbnail","category-spravy","tag-anglicko","tag-dieta","tag-headlines","tag-hlavne-spravy","tag-news","tag-sk","tag-slovaci","tag-slovak","tag-slovakia","tag-slovencina","tag-slovensko","tag-spravy","tag-titulky","tag-top-stories","tag-vrazda"],"share_on_mastodon":{"url":"https:\/\/pubeurope.com\/@sk\/117205720851577728","error":""},"_links":{"self":[{"href":"https:\/\/www.europesays.com\/sk\/wp-json\/wp\/v2\/posts\/169096","targetHints":{"allow":["GET"]}}],"collection":[{"href":"https:\/\/www.europesays.com\/sk\/wp-json\/wp\/v2\/posts"}],"about":[{"href":"https:\/\/www.europesays.com\/sk\/wp-json\/wp\/v2\/types\/post"}],"author":[{"embeddable":true,"href":"https:\/\/www.europesays.com\/sk\/wp-json\/wp\/v2\/users\/2"}],"replies":[{"embeddable":true,"href":"https:\/\/www.europesays.com\/sk\/wp-json\/wp\/v2\/comments?post=169096"}],"version-history":[{"count":0,"href":"https:\/\/www.europesays.com\/sk\/wp-json\/wp\/v2\/posts\/169096\/revisions"}],"wp:featuredmedia":[{"embeddable":true,"href":"https:\/\/www.europesays.com\/sk\/wp-json\/wp\/v2\/media\/169097"}],"wp:attachment":[{"href":"https:\/\/www.europesays.com\/sk\/wp-json\/wp\/v2\/media?parent=169096"}],"wp:term":[{"taxonomy":"category","embeddable":true,"href":"https:\/\/www.europesays.com\/sk\/wp-json\/wp\/v2\/categories?post=169096"},{"taxonomy":"post_tag","embeddable":true,"href":"https:\/\/www.europesays.com\/sk\/wp-json\/wp\/v2\/tags?post=169096"}],"curies":[{"name":"wp","href":"https:\/\/api.w.org\/{rel}","templated":true}]}}