{"id":169104,"date":"2026-09-03T06:44:12","date_gmt":"2026-09-03T06:44:12","guid":{"rendered":"https:\/\/www.europesays.com\/sk\/169104\/"},"modified":"2026-09-03T06:44:12","modified_gmt":"2026-09-03T06:44:12","slug":"lidl-meni-sposob-nakupovania-uz-od-zajtra-co-bude-po-novom","status":"publish","type":"post","link":"https:\/\/www.europesays.com\/sk\/169104\/","title":{"rendered":"Lidl men\u00ed sp\u00f4sob nakupovania. U\u017e od zajtra, \u010do bude po novom?"},"content":{"rendered":"<p>\n                        Z\u00e1kazn\u00edci si bud\u00fa m\u00f4c\u0165 po\u010das n\u00e1kupu sami skenova\u0165 produkty. Pri pokladni nebude potrebn\u00e9, aby vykladali tovar.\n                    <\/p>\n<p>Nakupovanie v supermarketoch sa postupne men\u00ed. Po samoobslu\u017en\u00fdch pokladniach \u010di <a href=\"https:\/\/zive.aktuality.sk\/clanok\/D6rXVBI\/nakupovanie-na-slovensku-caka-dalsia-zmena-tyka-sa-papierovych-blockov\/\" id=\"e53d4b04-109f-459c-9c16-f11e9c103a70\" rel=\"nofollow noopener\" target=\"_blank\">digit\u00e1lnych \u00fa\u010dtenk\u00e1ch<\/a> prich\u00e1dza \u010fal\u0161\u00ed krok, pri ktorom z\u00e1kazn\u00edk \u010das\u0165 pr\u00e1ce urob\u00ed e\u0161te po\u010das nakupovania. <\/p>\n<p>Diskontn\u00fd predajca Lidl by mal u\u017e zajtra spusti\u0165 na Slovensku <a href=\"https:\/\/zive.aktuality.sk\/clanok\/AEyrzdG\/lidl-chysta-velku-novinku-pri-plateni-nakup-uz-nebude-treba-vykladat-z-kosika\/\" id=\"3eef2e4b-f8a3-4ba1-8460-223ea27ef8fe\" rel=\"nofollow noopener\" target=\"_blank\">funkciu Scan&amp;Go<\/a>, ktor\u00e1 bude s\u00fa\u010das\u0165ou aplik\u00e1cie Lidl Plus. Z\u00e1kazn\u00edk si cez smartf\u00f3n s\u00e1m naskenuje jednotliv\u00e9 produkty a m\u00f4\u017ee si ich rovno uklada\u0165 do ta\u0161ky. Pri pokladni tak nebude musie\u0165 cel\u00fd n\u00e1kup znovu vybera\u0165 a postupne skenova\u0165. Na \u00favod p\u00f4jde len o p\u00e1r predajn\u00ed, postupne bude re\u0165azec rie\u0161enie roz\u0161irova\u0165. <\/p>\n<p>                                    <a href=\"https:\/\/zive.aktuality.sk\/clanok\/D6rXVBI\/nakupovanie-na-slovensku-caka-dalsia-zmena-tyka-sa-papierovych-blockov\" class=\"article-object-image box-article\" data-event=\"clanok|linkovany-clanok|obrazok\" rel=\"nofollow noopener\" target=\"_blank\"><\/p>\n<p><img decoding=\"async\" class=\"image lazyload\" src=\"https:\/\/www.europesays.com\/sk\/wp-content\/uploads\/2026\/09\/pcXktkpTURBXy81YzU1YjEzNTYzODBlODZkNzViZDMwMjdiZDk4ODg1Mi5wbmeSlQMAAM0Grs0DwZUCzQfQAMLD.jpeg\" alt=\"Nakupovanie na Slovensku \u010dak\u00e1 \u010fal\u0161ia zmena. T\u00fdka sa papierov\u00fdch blo\u010dkov\" title=\"Nakupovanie na Slovensku \u010dak\u00e1 \u010fal\u0161ia zmena. T\u00fdka sa papierov\u00fdch blo\u010dkov\"\/><\/p>\n<p>                    <\/a><\/p>\n<p>                    \u010c\u00edtajte aj<\/p>\n<p>                        <a href=\"https:\/\/zive.aktuality.sk\/clanok\/D6rXVBI\/nakupovanie-na-slovensku-caka-dalsia-zmena-tyka-sa-papierovych-blockov\" class=\"link\" title=\"Nakupovanie na Slovensku \u010dak\u00e1 \u010fal\u0161ia zmena. T\u00fdka sa papierov\u00fdch blo\u010dkov\" data-event=\"clanok|linkovany-clanok|nadpis\" rel=\"nofollow noopener\" target=\"_blank\">Nakupovanie na Slovensku \u010dak\u00e1 \u010fal\u0161ia zmena. T\u00fdka sa papierov\u00fdch blo\u010dkov<\/a><\/p>\n<p>                                                                                                                                                    Treba mobil s appkou<\/p>\n<p>Pred za\u010diatkom n\u00e1kupu mus\u00ed aplik\u00e1cia vedie\u0165, v ktorej predajni sa z\u00e1kazn\u00edk nach\u00e1dza. Urobi\u0165 sa to d\u00e1 naskenovan\u00edm QR k\u00f3du pri vstupe do predajne alebo pomocou GPS polohy. D\u00f4vodom je pod\u013ea Lidla aj to, \u017ee jednotliv\u00e9 predajne m\u00f4\u017eu ma\u0165 mierne odli\u0161n\u00e9 ceny alebo akcie. Re\u0165azec nepon\u00fakne ru\u010dn\u00e9 skenery, ako m\u00e1 Kaufland \u010di Tesco, potrebn\u00fd bude vlastn\u00fd mobil s aplik\u00e1ciou Lidl Plus. <\/p>\n<p style=\"text-align: left;\">Do pozornosti d\u00e1vame aj tieto t\u00e9my:<\/p>\n<p>Pri balen\u00fdch v\u00fdrobkoch je postup jednoduch\u00fd. Z\u00e1kazn\u00edk nasmeruje fotoapar\u00e1t na \u010diarov\u00fd k\u00f3d a produkt sa n\u00e1sledne prid\u00e1 do virtu\u00e1lneho ko\u0161\u00edka v aplik\u00e1cii. Ak \u010diarov\u00fd k\u00f3d fotoapar\u00e1t nerozpozn\u00e1, \u010d\u00edslo produktu je mo\u017en\u00e9 zada\u0165 aj ru\u010dne. <\/p>\n<p>Po\u010det kusov sa d\u00e1 po\u010das n\u00e1kupu meni\u0165 a omylom pridan\u00fd produkt m\u00f4\u017ee pou\u017e\u00edvate\u013e zo zoznamu odstr\u00e1ni\u0165. Aplik\u00e1cia tie\u017e po\u010das cel\u00e9ho n\u00e1kupu ukazuje priebe\u017en\u00fa sumu. Z\u00e1kazn\u00edk teda nemus\u00ed \u010daka\u0165 a\u017e na pokladnicu, aby zistil, ko\u013eko zaplat\u00ed. Tie\u017e si takto m\u00f4\u017ee overi\u0165 cenu produktov. <\/p>\n<p>                <a class=\"article-image-container\" title=\"Fotogal\u00e9ria Lidl men\u00ed sp\u00f4sob nakupovania. U\u017e od zajtra, \u010do bude po novom?\" href=\"https:\/\/zive.aktuality.sk\/fotogaleria\/wCUOWPE\/lidl-meni-sposob-nakupovania-uz-od-zajtra-co-bude-po-novom\/1\/\" data-event=\"clanok|foto-v-clanku|1\" rel=\"nofollow noopener\" target=\"_blank\"><br \/>\n                                            <img decoding=\"async\" class=\"image lazyload\" src=\"https:\/\/www.europesays.com\/sk\/wp-content\/uploads\/2026\/09\/8qDktkqTURBXy9lZTIzNWVkY2Q0NjcyMWJiOWM3YWZlYTkxMzU0MzQxMy5qcGVnkZUCzQfQAMLD.jpeg\" alt=\"Pred za\u010diatkom n\u00e1kupu mus\u00ed aplik\u00e1cia vedie\u0165. Sta\u010d\u00ed naskenova\u0165 k\u00f3d \u010di zapn\u00fa\u0165 GPS.\" title=\"Pred za\u010diatkom n\u00e1kupu mus\u00ed aplik\u00e1cia vedie\u0165. Sta\u010d\u00ed naskenova\u0165 k\u00f3d \u010di zapn\u00fa\u0165 GPS.\"\/><\/p>\n<p>                fotogal\u00e9ria<\/p>\n<p>                        <\/a><\/p>\n<p>                Pred za\u010diatkom n\u00e1kupu mus\u00ed aplik\u00e1cia vedie\u0165. Sta\u010d\u00ed naskenova\u0165 k\u00f3d \u010di zapn\u00fa\u0165 GPS.<\/p>\n<p>                    Zdroj: Lidl<\/p>\n<p>                                                                                                                                                    Ako skenova\u0165 pe\u010divo a zeleninu<\/p>\n<p>Pri nebalen\u00fdch produktoch pred\u00e1van\u00fdch na kusy, napr\u00edklad pri vybranom pe\u010dive alebo ovoc\u00ed a zelenine, z\u00e1kazn\u00edk naskenuje QR k\u00f3d z cenovky. <\/p>\n<p>                <a class=\"article-image-container\" title=\"Fotogal\u00e9ria Lidl men\u00ed sp\u00f4sob nakupovania. U\u017e od zajtra, \u010do bude po novom?\" href=\"https:\/\/zive.aktuality.sk\/fotogaleria\/wCUOWPE\/lidl-meni-sposob-nakupovania-uz-od-zajtra-co-bude-po-novom\/2\/\" data-event=\"clanok|foto-v-clanku|2\" rel=\"nofollow noopener\" target=\"_blank\"><br \/>\n                                            <img decoding=\"async\" class=\"image lazyload\" src=\"https:\/\/www.europesays.com\/sk\/wp-content\/uploads\/2026\/09\/NNnktkqTURBXy83OTU0YTk5M2FjZDYxZDMyZjA0Njk0ZGEyMWRjOGY3Mi5qcGVnkZUCzQfQAMLD.jpeg\" alt=\"Pri pe\u010dive bud\u00fa dostupn\u00e9 k\u00f3dy, ktor\u00e9 sta\u010d\u00ed naskenova\u0165 a na mobile zvoli\u0165 po\u010det. \" title=\"Pri pe\u010dive bud\u00fa dostupn\u00e9 k\u00f3dy, ktor\u00e9 sta\u010d\u00ed naskenova\u0165 a na mobile zvoli\u0165 po\u010det. \"\/><\/p>\n<p>                fotogal\u00e9ria<\/p>\n<p>                        <\/a><\/p>\n<p>                Pri pe\u010dive bud\u00fa dostupn\u00e9 k\u00f3dy, ktor\u00e9 sta\u010d\u00ed naskenova\u0165 a na mobile zvoli\u0165 po\u010det. <\/p>\n<p>                    Zdroj: Lidl<\/p>\n<p>Pri tovare pred\u00e1vanom na hmotnos\u0165 je potrebn\u00e9 produkt najsk\u00f4r odv\u00e1\u017ei\u0165. V\u00e1ha vytla\u010d\u00ed etiketu s \u010diarov\u00fdm k\u00f3dom a t\u00fa n\u00e1sledne pou\u017e\u00edvate\u013e naskenuje do aplik\u00e1cie. <\/p>\n<p>                <a class=\"article-image-container\" title=\"Fotogal\u00e9ria Lidl men\u00ed sp\u00f4sob nakupovania. U\u017e od zajtra, \u010do bude po novom?\" href=\"https:\/\/zive.aktuality.sk\/fotogaleria\/wCUOWPE\/lidl-meni-sposob-nakupovania-uz-od-zajtra-co-bude-po-novom\/3\/\" data-event=\"clanok|foto-v-clanku|3\" rel=\"nofollow noopener\" target=\"_blank\"><br \/>\n                                            <img decoding=\"async\" class=\"image lazyload\" src=\"https:\/\/www.europesays.com\/sk\/wp-content\/uploads\/2026\/09\/XQzktkqTURBXy8zMzJhYjQwYTllMGQyNjIzNTkxOWViOThjZWYwZTY3NC5qcGVnkZUCzQfQAMLD.jpeg\" alt=\"Ovocie a zeleninu si treba odv\u00e1\u017ei\u0165. \" title=\"Ovocie a zeleninu si treba odv\u00e1\u017ei\u0165. \"\/><\/p>\n<p>                fotogal\u00e9ria<\/p>\n<p>                        <\/a><\/p>\n<p>                Ovocie a zeleninu si treba odv\u00e1\u017ei\u0165. <\/p>\n<p>                    Zdroj: Lidl<\/p>\n<p>                                                                                                                                                    Z\u013eavy zost\u00e1vaj\u00fa, s podmienkou<\/p>\n<p>Scan&amp;Go je prepojen\u00e9 s Lidl Plus, tak\u017ee syst\u00e9m zoh\u013ead\u0148uje aj z\u013eavy a kup\u00f3ny dostupn\u00e9 v aplik\u00e1cii. <\/p>\n<p>Kup\u00f3n, ktor\u00fd chce z\u00e1kazn\u00edk pri n\u00e1kupe vyu\u017ei\u0165, v\u0161ak mus\u00ed aktivova\u0165 e\u0161te pred spusten\u00edm n\u00e1kupu cez Scan&amp;Go. Ak ho aktivuje a\u017e nesk\u00f4r, nemus\u00ed sa na dan\u00fd n\u00e1kup uplatni\u0165. <\/p>\n<p>                                                                                                                                                    Netreba ho vyklada\u0165<\/p>\n<p>Po skon\u010den\u00ed nakupovania pr\u00edde z\u00e1kazn\u00edk k samoobslu\u017enej pokladnici a naskenuje aplik\u00e1ciu Lidl Plus. Cel\u00fd n\u00e1kup zo smartf\u00f3nu sa n\u00e1sledne zobraz\u00ed na obrazovke pokladnice. Pou\u017e\u00edvate\u013e u\u017e len vyberie sp\u00f4sob platby a zaplat\u00ed. <\/p>\n<p>\u201eN\u00e1kup cez Scan&amp;Go m\u00f4\u017ee\u0161 zaplati\u0165 aj na \u0161tandardnej pokladnici,\u201c uv\u00e1dza Lidl. Ak z\u00e1kazn\u00edk na nejak\u00fd produkt po\u010das n\u00e1kupu zabudne, nie je potrebn\u00e9 cel\u00fd proces ru\u0161i\u0165. Tento v\u00fdrobok m\u00f4\u017ee naskenova\u0165 priamo na pokladnici. <\/p>\n<p>Tabakov\u00e9 v\u00fdrobky sa cez t\u00fato funkciu nenakupuj\u00fa rovnak\u00fdm sp\u00f4sobom a z\u00e1kazn\u00edk si ich mus\u00ed vyp\u00fdta\u0165 od obsluhy. \u201eAlkoholick\u00e9 n\u00e1poje m\u00f4\u017ee\u0161 naskenova\u0165 do svojho n\u00e1kupu cez Scan&amp;Go. Po na\u010d\u00edtan\u00ed n\u00e1kupu na samoobslu\u017enej pokladnici bude privolan\u00e1 obsluha, aby predava\u010d mohol skontrolova\u0165 tvoj vek,\u201c doplnil Lidl. <\/p>\n<p>                <a class=\"article-image-container\" title=\"Fotogal\u00e9ria Lidl men\u00ed sp\u00f4sob nakupovania. U\u017e od zajtra, \u010do bude po novom?\" href=\"https:\/\/zive.aktuality.sk\/fotogaleria\/wCUOWPE\/lidl-meni-sposob-nakupovania-uz-od-zajtra-co-bude-po-novom\/4\/\" data-event=\"clanok|foto-v-clanku|4\" rel=\"nofollow noopener\" target=\"_blank\"><br \/>\n                                            <img decoding=\"async\" class=\"image lazyload\" src=\"https:\/\/www.europesays.com\/sk\/wp-content\/uploads\/2026\/09\/XR5ktkpTURBXy82YzYwNGYzNzY4MzE3Njc4MTI3MDg0ZjI1NjQxYWFmNC5qcGeRlQLNB9AAwsM.jpeg\" alt=\"Platba bude mo\u017en\u00e1 na samoobslu\u017enej pokladnici, aleaj klasickej pokladni.\" title=\"Platba bude mo\u017en\u00e1 na samoobslu\u017enej pokladnici, aleaj klasickej pokladni.\"\/><\/p>\n<p>                fotogal\u00e9ria<\/p>\n<p>                        <\/a><\/p>\n<p>                Platba bude mo\u017en\u00e1 na samoobslu\u017enej pokladnici, aleaj klasickej pokladni.<\/p>\n<p>                    Zdroj: Lidl<\/p>\n<p>                                                                                                                                                    M\u00f4\u017ee skr\u00e1ti\u0165 \u010das pri pokladni<\/p>\n<p>Pri pokladni u\u017e klient nebude musie\u0165 cel\u00fd n\u00e1kup vyklada\u0165, znovu skenova\u0165 a n\u00e1sledne op\u00e4\u0165 uklada\u0165 do ta\u0161iek. Pre \u013eud\u00ed, ktor\u00ed robia v\u00e4\u010d\u0161ie n\u00e1kupy, m\u00f4\u017ee \u00eds\u0165 o cite\u013en\u00fa \u00fasporu \u010dasu. <\/p>\n<p>Lidl nebude prv\u00fdm re\u0165azcom na Slovensku s podobn\u00fdm rie\u0161en\u00edm. Scan&amp;Go u\u017e pon\u00faka sestersk\u00fd Kaufland, kde si z\u00e1kazn\u00edci skenuj\u00fa produkty po\u010das n\u00e1kupu. Dlh\u0161ie ho vyu\u017e\u00edva aj Tesco. Obdobn\u00fa mo\u017enos\u0165 pon\u00faka tie\u017e Ikea. <\/p>\n<p>TIP na videopodcast: Do na\u0161ich \u0161k\u00f4l prich\u00e1dza povinn\u00e1 umel\u00e1 inteligencia. \u010co sa deti bud\u00fa u\u010di\u0165: <\/p>\n<p>                                                    <a style=\"\" class=\"banner-link\" href=\"https:\/\/zive.aktuality.sk\/ai-news\/\" rel=\"nofollow noopener\" target=\"_blank\"><\/p>\n<p>                                                                                    <img decoding=\"async\" src=\"https:\/\/s.aktuality.sk\/img\/yJSsKPvdL-v-Ikz6FBS7.jpg?st=LGePPDj2_zL206pXecRzK4XdvDQweuHuM4JN8p1dwYE&amp;ts=1786095422&amp;e=0&amp;v=1\" alt=\"ai-news-banner\" class=\"banner-image\"\/><\/p>\n<p>                                                        <\/a><\/p>\n","protected":false},"excerpt":{"rendered":"Z\u00e1kazn\u00edci si bud\u00fa m\u00f4c\u0165 po\u010das n\u00e1kupu sami skenova\u0165 produkty. Pri pokladni nebude potrebn\u00e9, aby vykladali tovar. Nakupovanie v&hellip;\n","protected":false},"author":2,"featured_media":169105,"comment_status":"","ping_status":"","sticky":false,"template":"","format":"standard","meta":{"footnotes":"","_share_on_mastodon":"0"},"categories":[11],"tags":[64,65,66,43,40,39,42,41],"class_list":["post-169104","post","type-post","status-publish","format-standard","has-post-thumbnail","category-ekonomika","tag-business","tag-economic","tag-ekonomika","tag-sk","tag-slovak","tag-slovakia","tag-slovencina","tag-slovensko"],"share_on_mastodon":{"url":"https:\/\/pubeurope.com\/@sk\/117205759827183411","error":""},"_links":{"self":[{"href":"https:\/\/www.europesays.com\/sk\/wp-json\/wp\/v2\/posts\/169104","targetHints":{"allow":["GET"]}}],"collection":[{"href":"https:\/\/www.europesays.com\/sk\/wp-json\/wp\/v2\/posts"}],"about":[{"href":"https:\/\/www.europesays.com\/sk\/wp-json\/wp\/v2\/types\/post"}],"author":[{"embeddable":true,"href":"https:\/\/www.europesays.com\/sk\/wp-json\/wp\/v2\/users\/2"}],"replies":[{"embeddable":true,"href":"https:\/\/www.europesays.com\/sk\/wp-json\/wp\/v2\/comments?post=169104"}],"version-history":[{"count":0,"href":"https:\/\/www.europesays.com\/sk\/wp-json\/wp\/v2\/posts\/169104\/revisions"}],"wp:featuredmedia":[{"embeddable":true,"href":"https:\/\/www.europesays.com\/sk\/wp-json\/wp\/v2\/media\/169105"}],"wp:attachment":[{"href":"https:\/\/www.europesays.com\/sk\/wp-json\/wp\/v2\/media?parent=169104"}],"wp:term":[{"taxonomy":"category","embeddable":true,"href":"https:\/\/www.europesays.com\/sk\/wp-json\/wp\/v2\/categories?post=169104"},{"taxonomy":"post_tag","embeddable":true,"href":"https:\/\/www.europesays.com\/sk\/wp-json\/wp\/v2\/tags?post=169104"}],"curies":[{"name":"wp","href":"https:\/\/api.w.org\/{rel}","templated":true}]}}