{"id":169122,"date":"2026-09-03T07:05:10","date_gmt":"2026-09-03T07:05:10","guid":{"rendered":"https:\/\/www.europesays.com\/sk\/169122\/"},"modified":"2026-09-03T07:05:10","modified_gmt":"2026-09-03T07:05:10","slug":"dara-rolins-sa-vydala-za-pavla-nedveda-po-piatich-rokoch-lasky-si-povedali-ano-v-taliansku","status":"publish","type":"post","link":"https:\/\/www.europesays.com\/sk\/169122\/","title":{"rendered":"Dara Rolins sa vydala za Pavla Nedv\u011bda. Po piatich rokoch l\u00e1sky si povedali \u00e1no v Taliansku"},"content":{"rendered":"<p>Dara Rolins kedysi hovorila, \u017ee svadba nikdy nebola jej snom. Potom v\u0161ak do jej \u017eivota pri\u0161iel Pavel Nedv\u011bd a veci sa zmenili. Po piatich rokoch vz\u0165ahu, z\u00e1snub\u00e1ch a mno\u017estve ot\u00e1zok o tom, kedy pr\u00edde ich ve\u013ek\u00fd de\u0148, je odpove\u010f kone\u010dne zn\u00e1ma. Dara Rolins a Pavel Nedv\u011bd s\u00fa man\u017eelia.<\/p>\n<p>Spev\u00e1\u010dka dnes, 2. septembra, zverejnila na soci\u00e1lnej sieti fotografiu ich r\u00fak so svadobn\u00fdmi obr\u00fa\u010dkami a jednoduch\u00fdm d\u00e1tumom: &#8222;02. 09. 2026. Svoji.&#8220; T\u00fdm potvrdila svadbu, o ktorej sa v posledn\u00fdch d\u0148och intenz\u00edvne \u0161pekulovalo.<\/p>\n<p>Obrad sa pod\u013ea potvrdenia TV Mark\u00edza uskuto\u010dnil v Taliansku pri jazere Lago Maggiore, na mieste, ktor\u00e9 m\u00e1 pre dvojicu osobn\u00fd v\u00fdznam. Pr\u00e1ve v tejto oblasti si nechali postavi\u0165 svoj nov\u00fd domov a Taliansko sa po\u010das ich vz\u0165ahu stalo jedn\u00fdm z miest, ku ktor\u00fdm sa pravidelne vracali. Na svadbe boli ich najbli\u017e\u0161\u00ed priatelia a rodina.<\/p>\n<p>Dara pritom e\u0161te pred nieko\u013ek\u00fdmi mesiacmi nech\u00e1vala ot\u00e1zku svadby otvoren\u00fa. Na konci j\u00fala pre Super.cz povedala, \u017ee ju pl\u00e1nuj\u00fa, no zatia\u013e ve\u013emi nekonkr\u00e9tne a nechc\u00fa ni\u010d upon\u00e1h\u013ea\u0165. O p\u00e1r t\u00fd\u017ed\u0148ov nesk\u00f4r u\u017e dvojica vst\u00fapila do man\u017eelstva.\u00a0Ich vz\u0165ah sa verejne potvrdil koncom roka 2021 a odvtedy sa z dvojice stal jeden z najv\u00fdraznej\u0161\u00edch p\u00e1rov \u010desko-slovensk\u00e9ho \u0161oubiznisu. Z\u00e1rove\u0148 v\u0161ak od za\u010diatku p\u00f4sobili tak, \u017ee si chc\u00fa svoje s\u00fakromie chr\u00e1ni\u0165 viac ne\u017e niektor\u00e9 in\u00e9 zn\u00e1me p\u00e1ry.<\/p>\n<p>Od z\u00e1snub k svadbe<\/p>\n<p>Na za\u010diatku roka 2025 pri\u0161iel \u010fal\u0161\u00ed ve\u013ek\u00fd moment. Pavel Nedv\u011bd Daru po\u017eiadal o ruku a spev\u00e1\u010dka z\u00e1snuby potvrdila. Aj vtedy v\u0161ak zostala pri detailoch opatrn\u00e1.\u00a0Svadba teda nebola ot\u00e1zkou toho, \u010di, ale sk\u00f4r kedy a kde. Taliansko sa pritom pon\u00fakalo prirodzene. Dvojica tam tr\u00e1vi ve\u013ea \u010dasu a pr\u00e1ve pri Lago Maggiore si buduje spolo\u010dn\u00fd domov.<\/p>\n<p>V posledn\u00fdch d\u0148och sa za\u010dali objavova\u0165 ind\u00edcie, \u017ee svadba m\u00f4\u017ee by\u0165 bli\u017e\u0161ie, ne\u017e sa zdalo. Z okolia Lago Maggiore zdie\u013eali obsah aj \u013eudia z ich okruhu a m\u00e9di\u00e1 za\u010dali sklada\u0165 jednotliv\u00e9 k\u00fasky dohromady. E\u0161te pred samotn\u00fdm potvrden\u00edm v\u0161ak nebolo ist\u00e9, \u010di sa svadba naozaj kon\u00e1.<\/p>\n<p>Mo\u017eno najzauj\u00edmavej\u0161ia na celom pr\u00edbehu je Darina vlastn\u00e1 zmena postoja. Svadba toti\u017e pod\u013ea jej slov nebola nie\u010do, po \u010dom by cel\u00fd \u017eivot t\u00fa\u017eila. &#8222;Vyda\u0165 sa nebol nikdy m\u00f4j sen,&#8220; povedala po svadbe pre TV Mark\u00edza. Z\u00e1rove\u0148 v\u0161ak vysvetlila, \u017ee sa jej poh\u013ead zmenil s Pavlom. Po piatich rokoch ich vz\u0165ahu pod\u013ea vlastn\u00fdch slov nadobudla istotu, \u017ee pr\u00e1ve s n\u00edm chce vst\u00fapi\u0165 do \u010fal\u0161ej \u017eivotnej etapy.<\/p>\n<p>Text: Hudba.sk\u00a0<\/p>\n","protected":false},"excerpt":{"rendered":"Dara Rolins kedysi hovorila, \u017ee svadba nikdy nebola jej snom. Potom v\u0161ak do jej \u017eivota pri\u0161iel Pavel Nedv\u011bd&hellip;\n","protected":false},"author":2,"featured_media":169123,"comment_status":"","ping_status":"","sticky":false,"template":"","format":"standard","meta":{"footnotes":"","_share_on_mastodon":"0"},"categories":[20],"tags":[90,127,126,70,128,88,89,92,93,96,91,43,129,40,39,42,41,94,95,71],"class_list":["post-169122","post","type-post","status-publish","format-standard","has-post-thumbnail","category-slavne-osobnosti","tag-akordy","tag-celebrities","tag-celebrity","tag-entertainment","tag-famous-people","tag-hudba","tag-hudobne-skupiny","tag-koncerty","tag-mp3","tag-novinky","tag-recenzie","tag-sk","tag-slavne-osobnosti","tag-slovak","tag-slovakia","tag-slovencina","tag-slovensko","tag-texty-piesni","tag-videoklipy","tag-zabava"],"share_on_mastodon":{"url":"https:\/\/pubeurope.com\/@sk\/117205843434394928","error":""},"_links":{"self":[{"href":"https:\/\/www.europesays.com\/sk\/wp-json\/wp\/v2\/posts\/169122","targetHints":{"allow":["GET"]}}],"collection":[{"href":"https:\/\/www.europesays.com\/sk\/wp-json\/wp\/v2\/posts"}],"about":[{"href":"https:\/\/www.europesays.com\/sk\/wp-json\/wp\/v2\/types\/post"}],"author":[{"embeddable":true,"href":"https:\/\/www.europesays.com\/sk\/wp-json\/wp\/v2\/users\/2"}],"replies":[{"embeddable":true,"href":"https:\/\/www.europesays.com\/sk\/wp-json\/wp\/v2\/comments?post=169122"}],"version-history":[{"count":0,"href":"https:\/\/www.europesays.com\/sk\/wp-json\/wp\/v2\/posts\/169122\/revisions"}],"wp:featuredmedia":[{"embeddable":true,"href":"https:\/\/www.europesays.com\/sk\/wp-json\/wp\/v2\/media\/169123"}],"wp:attachment":[{"href":"https:\/\/www.europesays.com\/sk\/wp-json\/wp\/v2\/media?parent=169122"}],"wp:term":[{"taxonomy":"category","embeddable":true,"href":"https:\/\/www.europesays.com\/sk\/wp-json\/wp\/v2\/categories?post=169122"},{"taxonomy":"post_tag","embeddable":true,"href":"https:\/\/www.europesays.com\/sk\/wp-json\/wp\/v2\/tags?post=169122"}],"curies":[{"name":"wp","href":"https:\/\/api.w.org\/{rel}","templated":true}]}}