{"id":169132,"date":"2026-09-03T07:15:13","date_gmt":"2026-09-03T07:15:13","guid":{"rendered":"https:\/\/www.europesays.com\/sk\/169132\/"},"modified":"2026-09-03T07:15:13","modified_gmt":"2026-09-03T07:15:13","slug":"diskusia-najvacsia-luza-a-sprostiaci-aku-tvar-snp-ukazuje-film-za-ktorym-stoji-milan-mazurek","status":"publish","type":"post","link":"https:\/\/www.europesays.com\/sk\/169132\/","title":{"rendered":"Diskusia: \u201eNajv\u00e4\u010d\u0161ia l\u00faza a sprostiaci.\u201d Ak\u00fa tv\u00e1r SNP ukazuje film, za ktor\u00fdm stoj\u00ed Milan Mazurek?"},"content":{"rendered":"<p><img decoding=\"async\" src=\"https:\/\/www.europesays.com\/sk\/wp-content\/uploads\/2026\/09\/1788419713_677_avatar_unknown_large.jpg\" class=\"img-circle\" alt=\"nn12nn12nn121\"\/><\/p>\n<p>\n                        no ved media v\u0161etke do jedneho vr\u00e1tan\u00ed aj POSTOJOM?maju by\u0165 vymenen\u00ed,jak riadetelia tak zamestnnaci,redaktri novin\u00e1ri   v\u0161etci do jedieneho jedneho len\u017ee to nebude a \u0161\u0161\u0161\u0161\u0161\u0161\u0161\u0161keby \u013eudia mali rozum tak ne\u0161li by ani voli\u0165 koho??tiieto brand\u017ee?fa\u0161istick.komunistick\u00e9 ?to iste robia media \u010do rbili aj pred posladn\u00fdmi vo\u013ebami,v\u0161etko atrestne st\u00edhanie,,mazurek?m\u00e1rnos\u0165 \u0161ediv\u00e1,\u0161a\u013eene to spproste to a toto ficovi vyhivuje?\u017ee sa v\u00f4bec nehanb\u00ed ten fico,,,opz\u00edcia ved vy ste za tri roky neurobili ni\u010d ani to\u013eko jak za nechctom \u0161piny m\u00e1te,,hanbite sa pri dzurindovi by bolo v\u0161etko vypurigan\u00e9 nie do da\u013e\u0161\u00edch volieb pustene,,,,\n                        <\/p>\n","protected":false},"excerpt":{"rendered":"no ved media v\u0161etke do jedneho vr\u00e1tan\u00ed aj POSTOJOM?maju by\u0165 vymenen\u00ed,jak riadetelia tak zamestnnaci,redaktri novin\u00e1ri v\u0161etci do jedieneho&hellip;\n","protected":false},"author":2,"featured_media":169133,"comment_status":"","ping_status":"","sticky":false,"template":"","format":"standard","meta":{"footnotes":"","_share_on_mastodon":"0"},"categories":[6],"tags":[20702,48051,10633,27347,6738,35166,43,40,44,39,48052,42,45,31324,41,48053,13137],"class_list":["post-169132","post","type-post","status-publish","format-standard","has-post-thumbnail","category-slovensko","tag-fasizmus","tag-hnutie-republika","tag-milan-mazurek","tag-milan-uhrik","tag-nacisti","tag-neonacizmus","tag-sk","tag-slovak","tag-slovak-republic","tag-slovakia","tag-slovakstat","tag-slovencina","tag-slovenska-republika","tag-slovenske-narodne-povstanie","tag-slovensko","tag-slovensky-stat","tag-snp"],"share_on_mastodon":{"url":"https:\/\/pubeurope.com\/@sk\/117205881870664250","error":""},"_links":{"self":[{"href":"https:\/\/www.europesays.com\/sk\/wp-json\/wp\/v2\/posts\/169132","targetHints":{"allow":["GET"]}}],"collection":[{"href":"https:\/\/www.europesays.com\/sk\/wp-json\/wp\/v2\/posts"}],"about":[{"href":"https:\/\/www.europesays.com\/sk\/wp-json\/wp\/v2\/types\/post"}],"author":[{"embeddable":true,"href":"https:\/\/www.europesays.com\/sk\/wp-json\/wp\/v2\/users\/2"}],"replies":[{"embeddable":true,"href":"https:\/\/www.europesays.com\/sk\/wp-json\/wp\/v2\/comments?post=169132"}],"version-history":[{"count":0,"href":"https:\/\/www.europesays.com\/sk\/wp-json\/wp\/v2\/posts\/169132\/revisions"}],"wp:featuredmedia":[{"embeddable":true,"href":"https:\/\/www.europesays.com\/sk\/wp-json\/wp\/v2\/media\/169133"}],"wp:attachment":[{"href":"https:\/\/www.europesays.com\/sk\/wp-json\/wp\/v2\/media?parent=169132"}],"wp:term":[{"taxonomy":"category","embeddable":true,"href":"https:\/\/www.europesays.com\/sk\/wp-json\/wp\/v2\/categories?post=169132"},{"taxonomy":"post_tag","embeddable":true,"href":"https:\/\/www.europesays.com\/sk\/wp-json\/wp\/v2\/tags?post=169132"}],"curies":[{"name":"wp","href":"https:\/\/api.w.org\/{rel}","templated":true}]}}