{"id":169152,"date":"2026-09-03T07:42:09","date_gmt":"2026-09-03T07:42:09","guid":{"rendered":"https:\/\/www.europesays.com\/sk\/169152\/"},"modified":"2026-09-03T07:42:09","modified_gmt":"2026-09-03T07:42:09","slug":"cesko-sa-pripravuje-na-vojnu-rusko-oznacilo-za-najvacsiu-hrozbu","status":"publish","type":"post","link":"https:\/\/www.europesays.com\/sk\/169152\/","title":{"rendered":"\u010cesko sa pripravuje na vojnu, Rusko ozna\u010dilo za najv\u00e4\u010d\u0161iu hrozbu"},"content":{"rendered":"<p>\t\t\t\t\u00datok m\u00f4\u017ee pr\u00eds\u0165 bez varovania<\/p>\n<p>Dokument s n\u00e1zvom Dlhodob\u00fd v\u00fdh\u013ead pre obranu 2045 m\u00e1 ur\u010di\u0165, ako sa m\u00e1 \u010desk\u00fd obrann\u00fd syst\u00e9m vyv\u00edja\u0165 po\u010das nasleduj\u00facich dvadsiatich rokov. Ministerstvo obrany na \u0148om dokon\u010dilo pr\u00e1cu v auguste a vl\u00e1da Andreja Babi\u0161a by sa n\u00edm mala zaobera\u0165 po\u010das jesene.<\/p>\n<p>Materi\u00e1l zatia\u013e nebol verejne publikovan\u00fd, jeho obsah v\u0161ak z\u00edskala redakcia <a href=\"https:\/\/www.irozhlas.cz\/zpravy-domov\/nejvetsi-hrozbou-je-rusko-zvysuje-se-i-riziko-napadeni-nato-bez-varovani-uvadi_2609010500_hrk\" target=\"_blank\" rel=\"nofollow noopener\">iROZHLAS.cz<\/a>. Dokument u\u017e schv\u00e1lila \u010desk\u00e1 Bezpe\u010dnostn\u00e1 rada \u0161t\u00e1tu a pod\u013ea ministerstva sa pred jeho prerokovan\u00edm vl\u00e1dou neo\u010dak\u00e1vaj\u00fa z\u00e1sadn\u00e9 zmeny.<\/p>\n<p>Jedno z jeho hlavn\u00fdch posolstiev je mimoriadne v\u00e1\u017ene. Pravdepodobnos\u0165 vzniku komplexn\u00fdch bezpe\u010dnostn\u00fdch kr\u00edz pod\u013ea autorov rastie a medzi mo\u017en\u00e9 scen\u00e1re zara\u010fuj\u00fa aj napadnutie \u0161t\u00e1tov NATO a E\u00da bez varovn\u00e9ho \u010dasu.<\/p>\n<p>Z\u00e1rove\u0148 sa pod\u013ea dokumentu postupne pres\u00fava zodpovednos\u0165 za konven\u010dn\u00fa obranu Eur\u00f3py zo Spojen\u00fdch \u0161t\u00e1tov na eur\u00f3pskych spojencov. To m\u00e1 ma\u0165 v\u00fdznamn\u00e9 d\u00f4sledky aj na bud\u00facu podobu \u010desk\u00e9ho obrann\u00e9ho syst\u00e9mu.<\/p>\n<p>Najv\u00e1\u017enej\u0161ou hrozbou zost\u00e1va Rusko<\/p>\n<p>Nov\u00fd v\u00fdh\u013ead nadv\u00e4zuje na \u010desk\u00fa Bezpe\u010dnostn\u00fa a Obrann\u00fa strat\u00e9giu a preber\u00e1 ich z\u00e1kladn\u00e9 hodnotenie bezpe\u010dnostnej situ\u00e1cie.<\/p>\n<p>\u201eNajz\u00e1va\u017enej\u0161iu hrozbu pre bezpe\u010dnos\u0165 \u010cR predstavuje Rusko,\u201c uv\u00e1dza dokument.<\/p>\n<p>Nie je to \u00faplne nov\u00fd postoj. U\u017e \u010desk\u00e1 Obrann\u00e1 strat\u00e9gia z roku 2023 kon\u0161tatovala, \u017ee pravdepodobnos\u0165 vojensk\u00e9ho napadnutia \u010ceska alebo in\u00e9ho \u010dlena NATO \u010di E\u00da je najvy\u0161\u0161ia od konca studenej vojny a Rusko bude dlhodobo predstavova\u0165 najv\u00e1\u017enej\u0161iu hrozbu pre krajinu a jej spojencov.<\/p>\n<p>Hrozba sa pritom pod\u013ea nov\u00e9ho materi\u00e1lu neobmedzuje iba na klasick\u00fd vojensk\u00fd \u00fatok. Po\u010d\u00edta aj s kybernetick\u00fdmi \u00fatokmi, dezinforma\u010dn\u00fdmi kampa\u0148ami, ekonomick\u00fdm n\u00e1tlakom, sabot\u00e1\u017eami, podvratn\u00fdmi aktivitami \u010di oper\u00e1ciami spravodajsk\u00fdch slu\u017eieb.<\/p>\n<p>Arm\u00e1da sa m\u00e1 pripravova\u0165 na dlh\u00fa vojnu<\/p>\n<p>Tomu sa m\u00e1 prisp\u00f4sobi\u0165 aj samotn\u00e1 \u010desk\u00e1 arm\u00e1da.<\/p>\n<p>\u201eZ\u00e1kladom v\u00fdstavby schopnost\u00ed ozbrojen\u00fdch s\u00edl \u010ceskej republiky je pr\u00edprava na dlhodob\u00fd konflikt vysokej intenzity s technologicky vyspel\u00fdm protivn\u00edkom,\u201c uv\u00e1dza Dlhodob\u00fd v\u00fdh\u013ead pre obranu 2045.<\/p>\n<p>V pr\u00edpade rozsiahlej kr\u00edzy by sa z\u00e1rove\u0148 z\u00e1sadne zmenilo postavenie arm\u00e1dy. K\u00fdm v mieri \u010dasto pom\u00e1ha ostatn\u00fdm zlo\u017ek\u00e1m \u0161t\u00e1tu napr\u00edklad pri \u017eiveln\u00fdch katastrof\u00e1ch, po\u010das vojny by sa situ\u00e1cia obr\u00e1tila \u2013 civiln\u00e9 zlo\u017eky a \u0161t\u00e1t by museli podporova\u0165 arm\u00e1du.<\/p>\n<p>\u010cesko preto pl\u00e1nuje vytvori\u0165 potrebn\u00e9 mobiliza\u010dn\u00e9 z\u00e1soby hlavn\u00fdch druhov vojenskej techniky, v\u00fdzbroje a materi\u00e1lu. Tento cie\u013e chce dosiahnu\u0165 do roku 2038.<\/p>\n<p>Do roku 2032 chce roz\u0161\u00edri\u0165 aj vlastn\u00e9 prostriedky vesm\u00edrneho prieskumu a do roku 2028 vytvori\u0165 mapu priemyseln\u00fdch a dod\u00e1vate\u013esk\u00fdch kapac\u00edt vyu\u017eite\u013en\u00fdch pre obranu.<\/p>\n<p>F-35 a dve modernizovan\u00e9 brig\u00e1dy<\/p>\n<p>Dokument potvrdzuje aj smerovanie moderniz\u00e1cie \u010desk\u00fdch ozbrojen\u00fdch s\u00edl.<\/p>\n<p>\u010cesko po\u010d\u00edta s 24 americk\u00fdmi st\u00edha\u010dkami F-35 piatej gener\u00e1cie a chce vybudova\u0165 dve modernizovan\u00e9 brig\u00e1dy. Jedna m\u00e1 by\u0165 \u0165a\u017ek\u00e1, postaven\u00e1 okolo tankov, druh\u00e1 stredn\u00e1 s kolesov\u00fdmi obrnen\u00fdmi vozidlami. Jedna brig\u00e1da m\u00f4\u017ee ma\u0165 pribli\u017ene dva- a\u017e \u0161tyritis\u00edc vojakov.<\/p>\n<p>D\u00f4le\u017eitou \u00falohou \u010ceska v pr\u00edpade konfliktu by navy\u0161e nebol iba boj vlastn\u00fdch jednotiek.<\/p>\n<p>Pre svoju geografick\u00fa polohu by krajina sl\u00fa\u017eila ako v\u00fdznamn\u00e9 tranzitn\u00e9 \u00fazemie pre spojeneck\u00e9 sily smeruj\u00face na v\u00fdchodn\u00e9 kr\u00eddlo NATO. Ministerstvo obrany preto po\u010d\u00edta s pr\u00edpravou ciest, \u017eelezn\u00edc, logistick\u00fdch kapac\u00edt a \u010fal\u0161ej infra\u0161trukt\u00fary tak, aby cez \u00fazemie krajiny mohlo v pr\u00edpade kr\u00edzy r\u00fdchlo prech\u00e1dza\u0165 ve\u013ek\u00e9 mno\u017estvo spojeneck\u00fdch vojakov, techniky a z\u00e1sob.<\/p>\n<p>Na obranu sa maj\u00fa pripravova\u0165 aj civilisti<\/p>\n<p>Nov\u00e1 strat\u00e9gia v\u0161ak nepo\u010d\u00edta iba s profesion\u00e1lnymi vojakmi.<\/p>\n<p>\u0160t\u00e1t chce do roku 2030 vytvori\u0165 modern\u00fd syst\u00e9m bezpe\u010dnostnej pr\u00edpravy obyvate\u013estva a zv\u00fd\u0161i\u0165 z\u00e1ujem civilistov o zapojenie do obrany krajiny.<\/p>\n<p>V \u010dase mieru m\u00e1 na\u010falej plati\u0165 princ\u00edp dobrovo\u013enosti. Dokument v\u0161ak obsahuje aj podstatn\u00fa poistku pre pr\u00edpad v\u00fdrazn\u00e9ho zhor\u0161enia bezpe\u010dnostnej situ\u00e1cie.<\/p>\n<p>\u201eVl\u00e1da v\u0161ak v pr\u00edpade potreby zv\u00e1\u017ei zavedenie adekv\u00e1tnej formy podielu ob\u010danov na zabezpe\u010dovan\u00ed obrany \u0161t\u00e1tu a v\u00fdkone vojenskej slu\u017eby,\u201c uv\u00e1dza materi\u00e1l, ktor\u00fd z\u00edskal iROZHLAS.cz.<\/p>\n<p>Jednou z mo\u017enost\u00ed by mohlo by\u0165 povolanie \u013eud\u00ed s profesiami d\u00f4le\u017eit\u00fdmi po\u010das vojny \u2013 napr\u00edklad odborn\u00edkov na informa\u010dn\u00e9 technol\u00f3gie, zdravotn\u00edkov \u010di technicky zdatn\u00fdch ob\u010danov. T\u00ed by mohli absolvova\u0165 skr\u00e1ten\u00fd vojensk\u00fd v\u00fdcvik.<\/p>\n<p>B\u00fdval\u00fd \u0161\u00e9f rozviedky vid\u00ed aj slabiny<\/p>\n<p>Redakcia \u010cesk\u00e9ho rozhlasu po\u017eiadala o pos\u00fadenie dokumentu b\u00fdval\u00e9ho riadite\u013ea \u010deskej civilnej rozviedky Petra Mlejnka, ktor\u00fd v minulosti sl\u00fa\u017eil aj pri 43. v\u00fdsadkovom pluku a vo Vojenskom spravodajstve.<\/p>\n<p>Za jednu z najsilnej\u0161\u00edch \u010dast\u00ed pova\u017euje pr\u00e1ve hodnotenie bezpe\u010dnostn\u00fdch hrozieb. S\u00fahlas\u00ed s ozna\u010den\u00edm Ruska za najz\u00e1va\u017enej\u0161iu hrozbu a oce\u0148uje, \u017ee dokument nepo\u010d\u00edta iba s klasickou vojnou, ale aj s hybridn\u00fdmi oper\u00e1ciami.<\/p>\n<p>V\u00fdhrady m\u00e1 k tomu, \u017ee materi\u00e1l zah\u0155\u0148a ve\u013emi \u0161irok\u00e9 spektrum t\u00e9m, ktor\u00e9 pod\u013ea neho nie s\u00fa v\u017edy dostato\u010dne prepojen\u00e9. Ch\u00fdba mu napr\u00edklad jasnej\u0161ia postupnos\u0165: ak\u00e1 konkr\u00e9tna hrozba existuje, ak\u00e9 opatrenie proti nej treba prija\u0165, ko\u013eko bude st\u00e1\u0165 a kto za\u0148 bude zodpovedn\u00fd.<\/p>\n<p>Mlejnek z\u00e1rove\u0148 upozornil na z\u00e1sadn\u00fa zmenu charakteru modern\u00fdch konfliktov. Protivn\u00edk pod\u013ea neho nemus\u00ed striktne rozli\u0161ova\u0165 medzi mierom a vojnou.<\/p>\n<p>Ak m\u00f4\u017ee konflikt za\u010da\u0165 e\u0161te dlho pred jeho form\u00e1lnym vyhl\u00e1sen\u00edm, \u010desk\u00fd obrann\u00fd syst\u00e9m pod\u013ea neho nem\u00f4\u017ee fungova\u0165 tak, \u017ee sa jeho v\u00fdznamn\u00e1 \u010das\u0165 aktivuje a\u017e po ofici\u00e1lnom vyhl\u00e1sen\u00ed kr\u00edzov\u00e9ho stavu.<\/p>\n<p>NATO bezprostredn\u00fd \u00fatok neo\u010dak\u00e1va<\/p>\n<p>Nov\u00fd \u010desk\u00fd dokument neznamen\u00e1, \u017ee Praha m\u00e1 inform\u00e1cie o pripravovanom ruskom \u00fatoku. Ide o dlhodob\u00e9 pl\u00e1novanie obrany do roku 2045 a o scen\u00e1re, na ktor\u00e9 chce by\u0165 \u0161t\u00e1t pripraven\u00fd.<\/p>\n<p>Aj NATO cez v\u00edkend uviedlo, \u017ee napriek rast\u00facemu po\u010dtu rusk\u00fdch hybridn\u00fdch aktiv\u00edt v Eur\u00f3pe moment\u00e1lne nevid\u00ed bezprostredn\u00fa hrozbu priameho \u00fatoku. Aliancia v\u0161ak zost\u00e1va v stave zv\u00fd\u0161enej ostra\u017eitosti.<\/p>\n<p>\u010cesk\u00e1 strat\u00e9gia vych\u00e1dza z princ\u00edpu, \u017ee odstra\u0161enie funguje iba vtedy, ak potenci\u00e1lny protivn\u00edk vie, \u017ee pr\u00edpadn\u00fd \u00fatok naraz\u00ed na pripraven\u00fa arm\u00e1du, funguj\u00faci \u0161t\u00e1t a schopnos\u0165 spojencov r\u00fdchlo reagova\u0165.<\/p>\n<p>Pre \u010cesko tak obrana v nasleduj\u00facich dvoch desa\u0165ro\u010diach nem\u00e1 by\u0165 iba \u00falohou profesion\u00e1lnych vojakov. Pripravi\u0165 sa m\u00e1 arm\u00e1da, \u0161t\u00e1tna spr\u00e1va, priemysel, infra\u0161trukt\u00fara aj samotn\u00e9 obyvate\u013estvo.<\/p>\n","protected":false},"excerpt":{"rendered":"\u00datok m\u00f4\u017ee pr\u00eds\u0165 bez varovania Dokument s n\u00e1zvom Dlhodob\u00fd v\u00fdh\u013ead pre obranu 2045 m\u00e1 ur\u010di\u0165, ako sa m\u00e1&hellip;\n","protected":false},"author":2,"featured_media":169153,"comment_status":"","ping_status":"","sticky":false,"template":"","format":"standard","meta":{"footnotes":"","_share_on_mastodon":"0"},"categories":[8],"tags":[168,2282,48055,238,33,1793,48054,237,43,40,42,36,50,49,48],"class_list":["post-169152","post","type-post","status-publish","format-standard","has-post-thumbnail","category-svet","tag-cesko","tag-dokument","tag-ministerstvo-obrany-cr","tag-nato","tag-news","tag-odhalenie","tag-priprava-na-vojnu","tag-rusko","tag-sk","tag-slovak","tag-slovencina","tag-spravy","tag-svet","tag-world","tag-world-news"],"share_on_mastodon":{"url":"https:\/\/pubeurope.com\/@sk\/117205987932219413","error":""},"_links":{"self":[{"href":"https:\/\/www.europesays.com\/sk\/wp-json\/wp\/v2\/posts\/169152","targetHints":{"allow":["GET"]}}],"collection":[{"href":"https:\/\/www.europesays.com\/sk\/wp-json\/wp\/v2\/posts"}],"about":[{"href":"https:\/\/www.europesays.com\/sk\/wp-json\/wp\/v2\/types\/post"}],"author":[{"embeddable":true,"href":"https:\/\/www.europesays.com\/sk\/wp-json\/wp\/v2\/users\/2"}],"replies":[{"embeddable":true,"href":"https:\/\/www.europesays.com\/sk\/wp-json\/wp\/v2\/comments?post=169152"}],"version-history":[{"count":0,"href":"https:\/\/www.europesays.com\/sk\/wp-json\/wp\/v2\/posts\/169152\/revisions"}],"wp:featuredmedia":[{"embeddable":true,"href":"https:\/\/www.europesays.com\/sk\/wp-json\/wp\/v2\/media\/169153"}],"wp:attachment":[{"href":"https:\/\/www.europesays.com\/sk\/wp-json\/wp\/v2\/media?parent=169152"}],"wp:term":[{"taxonomy":"category","embeddable":true,"href":"https:\/\/www.europesays.com\/sk\/wp-json\/wp\/v2\/categories?post=169152"},{"taxonomy":"post_tag","embeddable":true,"href":"https:\/\/www.europesays.com\/sk\/wp-json\/wp\/v2\/tags?post=169152"}],"curies":[{"name":"wp","href":"https:\/\/api.w.org\/{rel}","templated":true}]}}