{"id":169154,"date":"2026-09-03T07:43:11","date_gmt":"2026-09-03T07:43:11","guid":{"rendered":"https:\/\/www.europesays.com\/sk\/169154\/"},"modified":"2026-09-03T07:43:11","modified_gmt":"2026-09-03T07:43:11","slug":"pri-mosovciach-sa-ma-pohybovat-zraneny-medved","status":"publish","type":"post","link":"https:\/\/www.europesays.com\/sk\/169154\/","title":{"rendered":"Pri Mo\u0161ovciach sa m\u00e1 pohybova\u0165 zranen\u00fd medve\u010f"},"content":{"rendered":"<p>MO\u0160OVCE &#8211; Pri Mo\u0161ovciach v okrese Tur\u010dianske Teplice sa vo \u0161tvrtok r\u00e1no pohybuje zranen\u00fd, pribli\u017ene 70-kilogramov\u00fd medve\u010f. Upozornila na to obec na soci\u00e1lnej sieti s t\u00fdm, \u017ee na miesto smeruje z\u00e1sahov\u00fd t\u00edm, ako i pol\u00edcia.<\/p>\n<p>Medve\u010f sa pod\u013ea inform\u00e1ci\u00ed samospr\u00e1vy pohybuje za obcou, pribli\u017ene 50 metrov od odbo\u010dky na Kafendovu ulicu z panelovej cesty. Obec vyzvala obyvate\u013eov na zv\u00fd\u0161en\u00fa opatrnos\u0165 a v pr\u00edpade spozorovania \u0161elmy apeluje na \u013eud\u00ed, aby informovali pol\u00edciu a z\u00e1sahov\u00fd t\u00edm, ktor\u00fd medve\u010fa prich\u00e1dza doh\u013eada\u0165.<\/p>\n","protected":false},"excerpt":{"rendered":"MO\u0160OVCE &#8211; Pri Mo\u0161ovciach v okrese Tur\u010dianske Teplice sa vo \u0161tvrtok r\u00e1no pohybuje zranen\u00fd, pribli\u017ene 70-kilogramov\u00fd medve\u010f. Upozornila&hellip;\n","protected":false},"author":2,"featured_media":169155,"comment_status":"","ping_status":"","sticky":false,"template":"","format":"standard","meta":{"footnotes":"","_share_on_mastodon":"0"},"categories":[6],"tags":[1389,48056,6812,43,40,44,39,42,45,41,11427],"class_list":["post-169154","post","type-post","status-publish","format-standard","has-post-thumbnail","category-slovensko","tag-medved","tag-mosovce","tag-pohyb","tag-sk","tag-slovak","tag-slovak-republic","tag-slovakia","tag-slovencina","tag-slovenska-republika","tag-slovensko","tag-zraneny"],"share_on_mastodon":{"url":"https:\/\/pubeurope.com\/@sk\/117205991826955465","error":""},"_links":{"self":[{"href":"https:\/\/www.europesays.com\/sk\/wp-json\/wp\/v2\/posts\/169154","targetHints":{"allow":["GET"]}}],"collection":[{"href":"https:\/\/www.europesays.com\/sk\/wp-json\/wp\/v2\/posts"}],"about":[{"href":"https:\/\/www.europesays.com\/sk\/wp-json\/wp\/v2\/types\/post"}],"author":[{"embeddable":true,"href":"https:\/\/www.europesays.com\/sk\/wp-json\/wp\/v2\/users\/2"}],"replies":[{"embeddable":true,"href":"https:\/\/www.europesays.com\/sk\/wp-json\/wp\/v2\/comments?post=169154"}],"version-history":[{"count":0,"href":"https:\/\/www.europesays.com\/sk\/wp-json\/wp\/v2\/posts\/169154\/revisions"}],"wp:featuredmedia":[{"embeddable":true,"href":"https:\/\/www.europesays.com\/sk\/wp-json\/wp\/v2\/media\/169155"}],"wp:attachment":[{"href":"https:\/\/www.europesays.com\/sk\/wp-json\/wp\/v2\/media?parent=169154"}],"wp:term":[{"taxonomy":"category","embeddable":true,"href":"https:\/\/www.europesays.com\/sk\/wp-json\/wp\/v2\/categories?post=169154"},{"taxonomy":"post_tag","embeddable":true,"href":"https:\/\/www.europesays.com\/sk\/wp-json\/wp\/v2\/tags?post=169154"}],"curies":[{"name":"wp","href":"https:\/\/api.w.org\/{rel}","templated":true}]}}