{"id":169168,"date":"2026-09-03T07:57:19","date_gmt":"2026-09-03T07:57:19","guid":{"rendered":"https:\/\/www.europesays.com\/sk\/169168\/"},"modified":"2026-09-03T07:57:19","modified_gmt":"2026-09-03T07:57:19","slug":"neda-sa-pit-tvrdia-slovaci-voda-z-kohutika-zmenila-chut-vodarenska-spolocnost-vysvetlila-co-sa-deje","status":"publish","type":"post","link":"https:\/\/www.europesays.com\/sk\/169168\/","title":{"rendered":"\u201eNed\u00e1 sa pi\u0165,\u201c tvrdia Slov\u00e1ci: Voda z koh\u00fatika zmenila chu\u0165. Vod\u00e1rensk\u00e1 spolo\u010dnos\u0165 vysvetlila, \u010do sa deje"},"content":{"rendered":"<p>Mnoho Slov\u00e1kov nekupuje balen\u00e9 vody, no siaha po pitnej vode z vodovodn\u00e9ho koh\u00fatika. Ko\u0161i\u010dania s\u00fa ale v posledn\u00fdch d\u0148och nespokojn\u00ed. Chu\u0165 vody sa pod\u013ea nich zmenila. Oslovili sme V\u00fdchodoslovensk\u00fa vod\u00e1rensk\u00fa spolo\u010dnos\u0165 a zis\u0165ovali sme, \u010do sa deje.<\/p>\n<p>\n\t\t\t\t\tGoogle News<br \/>\n\t\t\t\t\tSledujte interez v Google News \u2014 <br \/>spr\u00e1vy od n\u00e1s budete ma\u0165 ako prv\u00ed.\n\t\t\t\t<\/p>\n<p>\t\t\t\t<a href=\"https:\/\/www.google.com\/preferences\/source?q=interez.sk\" target=\"_blank\" rel=\"noopener nofollow\"><\/p>\n<p>\t\t\t\t\tPrida\u0165 ako zdroj<br \/>\n\t\t\t\t<\/a><\/p>\n<p>Zmenu sme si v\u0161imli aj my<\/p>\n<p>Na soci\u00e1lnych sie\u0165ach sa objavilo viacero pr\u00edspevkov, v ktor\u00fdch sa Ko\u0161i\u010dania s\u0165a\u017euj\u00fa, \u017ee sa zmenila chu\u0165 vody z vodovodn\u00e9ho koh\u00fatika. \u201eNezaznamenali ste v posledn\u00fdch t\u00fd\u017ed\u0148och zmenen\u00fa kvalitu pitnej vody na na\u0161om s\u00eddlisku?\u201c p\u00fdta sa autor jedn\u00e9ho z <a href=\"https:\/\/www.facebook.com\/groups\/275333689296386\/permalink\/3542169235946132\/\" target=\"_blank\" rel=\"nofollow noopener\">pr\u00edspevkov<\/a>. Pribudli pod n\u00edm desiatky koment\u00e1rov.<\/p>\n<p>Niektor\u00e9 reakcie s\u00fa miernej\u0161ie, \u013eudia hodnotia, \u017ee si zmenu skuto\u010dne v\u0161imli. In\u00ed ale ostro kritizuj\u00fa a chu\u0165 a kvalita vody sa im nepozd\u00e1vaj\u00fa. \u201eChut\u00ed ako voda z baz\u00e9na,\u201c mysl\u00ed si jeden z komentuj\u00facich. \u010eal\u0161\u00ed dod\u00e1vaj\u00fa, \u017ee voda sa po zmene ned\u00e1 pi\u0165 a dokonca aj \u010daj, ktor\u00fd z nej varia, chut\u00ed nepr\u00edjemne. \u201eC\u00edti\u0165 chl\u00f3r, hlavne r\u00e1no,\u201c popisuj\u00fa in\u00ed.<\/p>\n<p><a href=\"https:\/\/www.interez.sk\/?attachment_id=842980\" rel=\"attachment wp-att-842980 nofollow noopener\" target=\"_blank\"><img loading=\"lazy\" decoding=\"async\" class=\"wp-image-842980 size-full\" src=\"data:image\/svg+xml,%3Csvg%20xmlns=\" http:=\"\" alt=\"Ilustra\u010dn\u00e1 foto poh\u00e1ra vody\" width=\"1600\" height=\"1200\" data-lazy- data-lazy- data-lazy-src=\"https:\/\/www.europesays.com\/sk\/wp-content\/uploads\/2026\/09\/voda-1.jpg\"\/><img loading=\"lazy\" decoding=\"async\" class=\"wp-image-842980 size-full\" src=\"https:\/\/www.europesays.com\/sk\/wp-content\/uploads\/2026\/09\/voda-1.jpg\" alt=\"Ilustra\u010dn\u00e1 foto poh\u00e1ra vody\" width=\"1600\" height=\"1200\"  \/><\/a>Foto: interez.sk<\/p>\n<p>Jedna z pou\u017e\u00edvateliek soci\u00e1lnej siete sa pos\u0165a\u017eovala, \u017ee po novom ost\u00e1va v r\u00fdchlovarnej kanvici aj v\u00fdraznej\u0161\u00ed biely povlak. \u013dudia zach\u00e1dzaj\u00fa e\u0161te \u010falej a vodu ozna\u010duj\u00fa za hnusn\u00fa a nechutn\u00fa. Zmenu v chuti vody sme postrehli aj my, av\u0161ak nie je nato\u013eko nepr\u00edjemn\u00e1, aby n\u00e1s to odradilo od jej pitia.<\/p>\n<p>Oslovili sme vod\u00e1rensk\u00fa spolo\u010dnos\u0165<\/p>\n<p>Oslovili sme V\u00fdchodoslovensk\u00fa vod\u00e1rensk\u00fa spolo\u010dnos\u0165 a p\u00fdtali sme sa, \u010di registruje s\u0165a\u017enosti obyvate\u013eov. Zauj\u00edmalo n\u00e1s tie\u017e, \u010do zmenu sp\u00f4sobilo. V mene vod\u00e1renskej spolo\u010dnosti n\u00e1m odpovedala agent\u00fara PENELOPA s.r.o., PR a medi\u00e1lny z\u00e1stupca VVS, a.s.<\/p>\n<p>\u201eVzh\u013eadom na dlhodob\u00e9 obdobie sucha a nepriazniv\u00fa hydrologick\u00fa situ\u00e1ciu prist\u00fapila V\u00fdchodoslovensk\u00e1 vod\u00e1rensk\u00e1 spolo\u010dnos\u0165, a.s., k zmene sp\u00f4sobu distrib\u00facie vody v jednotliv\u00fdch mestsk\u00fdch \u010dastiach mesta Ko\u0161ice. Mestsk\u00e9 \u010dasti, ktor\u00e9 boli doposia\u013e z\u00e1sobovan\u00e9 z ve\u013ekej \u010dasti z povrchov\u00fdch vod\u00e1rensk\u00fdch zdrojov, s\u00fa v s\u00fa\u010dasnosti z\u00e1sobovan\u00e9 z podzemn\u00fdch vodn\u00fdch zdrojov v spr\u00e1ve na\u0161ej spolo\u010dnosti, aby sme zabezpe\u010dili dostato\u010dn\u00e9 mno\u017estvo vody pre z\u00e1sobovanie mesta Ko\u0161ice,\u201c dozved\u00e1me sa.<\/p>\n<p>Agent\u00fara dod\u00e1va, \u017ee vod\u00e1rne v posledn\u00fdch t\u00fd\u017ed\u0148och eviduj\u00fa zv\u00fd\u0161en\u00fd po\u010det podnetov od odberate\u013eov, predov\u0161etk\u00fdm v s\u00favislosti so zmenou chuti vody. Podnety pritom prich\u00e1dzaj\u00fa z r\u00f4znych \u010dast\u00ed mesta Ko\u0161ice.<\/p>\n<p>Voda je v poriadku<\/p>\n<p>\u201eZmena chu\u0165ov\u00fdch a senzorick\u00fdch vlastnost\u00ed s\u00favis\u00ed predov\u0161etk\u00fdm so zmenou zdroja a sp\u00f4sobu distrib\u00facie vody. Fyzik\u00e1lno-chemick\u00e9 vlastnosti vody ka\u017ed\u00e9ho vodn\u00e9ho zdroja ovplyv\u0148uj\u00fa chu\u0165ov\u00e9 aj senzorick\u00e9 vlastnosti dod\u00e1vanej vody. Odberatelia, ktor\u00ed s\u00fa dlhodobo zvyknut\u00ed na vodu z konkr\u00e9tneho vod\u00e1rensk\u00e9ho zdroja, preto m\u00f4\u017eu pri zmene vodn\u00e9ho zdroja vn\u00edma\u0165 rozdiel v jej chuti, v\u00f4ni alebo \u010d\u00edrosti. Miera vn\u00edmania t\u00fdchto zmien je individu\u00e1lna \u2013 niektor\u00ed odberatelia ich nemusia zaznamena\u0165 v\u00f4bec, zatia\u013e \u010do in\u00ed ich m\u00f4\u017eu vn\u00edma\u0165 v\u00fdraznej\u0161ie,\u201c vysvet\u013euje spolo\u010dnos\u0165.<\/p>\n<p><a href=\"https:\/\/www.interez.sk\/?attachment_id=842982\" rel=\"attachment wp-att-842982 nofollow noopener\" target=\"_blank\"><img loading=\"lazy\" decoding=\"async\" class=\"wp-image-842982 size-full\" src=\"data:image\/svg+xml,%3Csvg%20xmlns=\" http:=\"\" alt=\"Vodovodn\u00fd koh\u00fatik\" width=\"1600\" height=\"1067\" data-lazy- data-lazy- data-lazy-src=\"https:\/\/www.europesays.com\/sk\/wp-content\/uploads\/2026\/09\/voda.jpg\"\/><img loading=\"lazy\" decoding=\"async\" class=\"wp-image-842982 size-full\" src=\"https:\/\/www.europesays.com\/sk\/wp-content\/uploads\/2026\/09\/voda.jpg\" alt=\"Vodovodn\u00fd koh\u00fatik\" width=\"1600\" height=\"1067\"  \/><\/a>Ilustra\u010dn\u00e1 foto: Pexels<\/p>\n<p>\u201eSamotn\u00e1 zmena chu\u0165ov\u00fdch alebo senzorick\u00fdch vlastnost\u00ed neznamen\u00e1, \u017ee je voda zdravotne problematick\u00e1. Pitn\u00e1 voda dod\u00e1van\u00e1 verejn\u00fdm vodovodom je zdravotne bezpe\u010dn\u00e1 a pravidelne kontrolovan\u00e1 zo strany vod\u00e1renskej spolo\u010dnosti a Region\u00e1lneho \u00faradu verejn\u00e9ho zdravotn\u00edctva v zmysle platn\u00fdch legislat\u00edvnych predpisov. Dod\u00e1van\u00e1 pitn\u00e1 voda je zdravotne v poriadku a bezpe\u010dn\u00e1 a mus\u00ed sp\u013a\u0148a\u0165 po\u017eiadavky stanoven\u00e9 platnou legislat\u00edvou pre pitn\u00fa vodu,\u201c pr\u00edzvukuje.<\/p>\n<p>\u201eSitu\u00e1ciu priebe\u017ene vyhodnocujeme prostredn\u00edctvom kontroln\u00fdch odberov a rozborov vykon\u00e1van\u00fdch v zmysle platnej legislat\u00edvy. V pr\u00edpade jednotliv\u00fdch podnetov odberate\u013eov sme pripraven\u00ed vykona\u0165 preverenie konkr\u00e9tnej lokality a pod\u013ea potreby prija\u0165 pr\u00edslu\u0161n\u00e9 opatrenia,\u201c vysvet\u013euje spolo\u010dnos\u0165.<\/p>\n<p><a href=\"https:\/\/www.interez.sk\/?attachment_id=842986\" rel=\"attachment wp-att-842986 nofollow noopener\" target=\"_blank\"><img loading=\"lazy\" decoding=\"async\" class=\"wp-image-842986 size-full\" src=\"data:image\/svg+xml,%3Csvg%20xmlns=\" http:=\"\" alt=\"Ilustra\u010dn\u00e1 foto vody te\u010d\u00facej z koh\u00fatika\" width=\"1800\" height=\"945\" data-lazy- data-lazy- data-lazy-src=\"https:\/\/www.europesays.com\/sk\/wp-content\/uploads\/2026\/09\/voda-3.jpg\"\/><img loading=\"lazy\" decoding=\"async\" class=\"wp-image-842986 size-full\" src=\"https:\/\/www.europesays.com\/sk\/wp-content\/uploads\/2026\/09\/voda-3.jpg\" alt=\"Ilustra\u010dn\u00e1 foto vody te\u010d\u00facej z koh\u00fatika\" width=\"1800\" height=\"945\"  \/><\/a>Ilustra\u010dn\u00e1 foto: Pexels<br \/>\nZmena m\u00f4\u017ee trva\u0165 e\u0161te nejak\u00fd \u010das<\/p>\n<p>Z\u00e1rove\u0148 dod\u00e1va, \u017ee vzh\u013eadom na pretrv\u00e1vaj\u00face obdobie sucha m\u00f4\u017ee distrib\u00facia vody v s\u00fa\u010dasnej podobe pretrv\u00e1va\u0165 e\u0161te nejak\u00fd \u010das. N\u00e1vrat k p\u00f4vodnej distrib\u00facii z\u00e1vis\u00ed od v\u00fddatnosti vodn\u00fdch zdrojov a v\u00fdvoja hydrologickej situ\u00e1cie.<\/p>\n<p>\u201eAk odberate\u013e zaznamen\u00e1 zmenen\u00fa kvalitu vody, nezvy\u010dajn\u00e9 sfarbenie alebo in\u00fa ne\u0161tandardn\u00fa vlastnos\u0165 vody, odpor\u00fa\u010dame t\u00fato skuto\u010dnos\u0165 nahl\u00e1si\u0165 na dispe\u010ding VVS, z\u00e1vod Ko\u0161ice, na telef\u00f3nnom \u010d\u00edsle 055\/7952 420. Podnet n\u00e1sledne prever\u00edme a v pr\u00edpade potreby zabezpe\u010d\u00edme kontrolu kvality vody v danej lokalite,\u201c dod\u00e1va na z\u00e1ver agent\u00fara.<\/p>\n<p>Zmenu chuti vody si Ko\u0161i\u010dania v\u0161imli aj pred nieko\u013ek\u00fdmi mesiacmi. Pre\u010d\u00edtajte si <a href=\"https:\/\/www.interez.sk\/voda-z-kohutika-zacala-slovakom-chutit-inak-vodarne-po-kontrole-reaguju\/\" target=\"_blank\" rel=\"noopener nofollow\">reakciu vod\u00e1renskej spolo\u010dnosti<\/a>.<\/p>\n<p>Pozri aj:<\/p>\n<p>                                                                <a href=\"https:\/\/www.interez.sk\/musite-vyliat-pivo-ak-sa-v-nom-utopila-osa-hygienicka-radi-aky-je-najlepsi-postup\/\" target=\"_blank\" onclick=\"ga(&#039;interez_Tracker.send&#039;, &#039;event&#039;, &#039;Pozri aj&#039;, &#039;Pozri aj - obr\u00e1zok&#039;, &#039;Mus\u00edte vylia\u0165 pivo, ak sa v \u0148om utopila osa? Hygieni\u010dka rad\u00ed, ak\u00fd je najlep\u0161\u00ed postup&#039;)\" rel=\"nofollow noopener\"><br \/>\n                                                                    <img loading=\"lazy\" decoding=\"async\" class=\"img-responsive pozri-aj-img\" src=\"data:image\/svg+xml,%3Csvg%20xmlns=\" http:=\"\" width=\"133\" height=\"70\" alt=\"Pozri aj tento \u010dl\u00e1nok\" data-lazy-src=\"https:\/\/www.europesays.com\/sk\/wp-content\/uploads\/2026\/09\/hygienicka-osa-425x222.jpg\"\/><img loading=\"lazy\" decoding=\"async\" class=\"img-responsive pozri-aj-img\" src=\"https:\/\/www.europesays.com\/sk\/wp-content\/uploads\/2026\/09\/hygienicka-osa-425x222.jpg\" width=\"133\" height=\"70\" alt=\"Pozri aj tento \u010dl\u00e1nok\"\/><br \/>\n                                                                <\/a><\/p>\n","protected":false},"excerpt":{"rendered":"Mnoho Slov\u00e1kov nekupuje balen\u00e9 vody, no siaha po pitnej vode z vodovodn\u00e9ho koh\u00fatika. Ko\u0161i\u010dania s\u00fa ale v posledn\u00fdch&hellip;\n","protected":false},"author":2,"featured_media":169169,"comment_status":"","ping_status":"","sticky":false,"template":"","format":"standard","meta":{"footnotes":"","_share_on_mastodon":"0"},"categories":[6],"tags":[20835,137,43,40,44,39,42,45,41,3106],"class_list":["post-169168","post","type-post","status-publish","format-standard","has-post-thumbnail","category-slovensko","tag-chut","tag-kosice","tag-sk","tag-slovak","tag-slovak-republic","tag-slovakia","tag-slovencina","tag-slovenska-republika","tag-slovensko","tag-voda"],"share_on_mastodon":{"url":"https:\/\/pubeurope.com\/@sk\/117206046940235625","error":""},"_links":{"self":[{"href":"https:\/\/www.europesays.com\/sk\/wp-json\/wp\/v2\/posts\/169168","targetHints":{"allow":["GET"]}}],"collection":[{"href":"https:\/\/www.europesays.com\/sk\/wp-json\/wp\/v2\/posts"}],"about":[{"href":"https:\/\/www.europesays.com\/sk\/wp-json\/wp\/v2\/types\/post"}],"author":[{"embeddable":true,"href":"https:\/\/www.europesays.com\/sk\/wp-json\/wp\/v2\/users\/2"}],"replies":[{"embeddable":true,"href":"https:\/\/www.europesays.com\/sk\/wp-json\/wp\/v2\/comments?post=169168"}],"version-history":[{"count":0,"href":"https:\/\/www.europesays.com\/sk\/wp-json\/wp\/v2\/posts\/169168\/revisions"}],"wp:featuredmedia":[{"embeddable":true,"href":"https:\/\/www.europesays.com\/sk\/wp-json\/wp\/v2\/media\/169169"}],"wp:attachment":[{"href":"https:\/\/www.europesays.com\/sk\/wp-json\/wp\/v2\/media?parent=169168"}],"wp:term":[{"taxonomy":"category","embeddable":true,"href":"https:\/\/www.europesays.com\/sk\/wp-json\/wp\/v2\/categories?post=169168"},{"taxonomy":"post_tag","embeddable":true,"href":"https:\/\/www.europesays.com\/sk\/wp-json\/wp\/v2\/tags?post=169168"}],"curies":[{"name":"wp","href":"https:\/\/api.w.org\/{rel}","templated":true}]}}