{"id":169176,"date":"2026-09-03T08:06:10","date_gmt":"2026-09-03T08:06:10","guid":{"rendered":"https:\/\/www.europesays.com\/sk\/169176\/"},"modified":"2026-09-03T08:06:10","modified_gmt":"2026-09-03T08:06:10","slug":"ivana-gaborik-ukazala-trik-s-koselou-ktory-lichoti-postave-zvladnete-ho-za-par-sekund","status":"publish","type":"post","link":"https:\/\/www.europesays.com\/sk\/169176\/","title":{"rendered":"Ivana G\u00e1bor\u00edk uk\u00e1zala trik s ko\u0161e\u013eou, ktor\u00fd lichot\u00ed postave: Zvl\u00e1dnete ho za p\u00e1r sek\u00fand"},"content":{"rendered":"<p class=\"joj-description-18 font-semibold\">Oversized ko\u0161e\u013ea patr\u00ed medzi k\u00fasky, ktor\u00e9 dok\u00e1\u017eu zachr\u00e1ni\u0165 \u0161atn\u00edk pr\u00e1ve v obdob\u00ed medzi letom a jese\u0148ou. Ivana G\u00e1bor\u00edk uk\u00e1zala jednoduch\u00fd sp\u00f4sob, ako ju nosi\u0165 bez toho, aby vo\u013en\u00fd strih \u00faplne schoval postavu. Rozhoduje pritom mal\u00fd stylingov\u00fd detail.<\/p>\n<p data-start=\"352\" data-end=\"631\" class=\"PDq2pG_selectionAnchorContainer\">September je pre \u0161atn\u00edk trochu zvl\u00e1\u0161tne obdobie. R\u00e1no u\u017e ocen\u00edme dlh\u00fd ruk\u00e1v, no popoludn\u00ed m\u00f4\u017eu by\u0165 svetre a bundy st\u00e1le zbyto\u010dn\u00e9. Oversized ko\u0161e\u013ea je preto ide\u00e1lnym kompromisom \u2013 posl\u00fa\u017ei ako vrchn\u00e1 vrstva, no po\u010das teplej\u0161ieho d\u0148a ju m\u00f4\u017eete jednoducho vyhrn\u00fa\u0165 alebo vyzliec\u0165.<\/p>\n<p data-start=\"633\" data-end=\"746\">M\u00e1 v\u0161ak jeden h\u00e1\u010dik. \u010c\u00edm je ko\u0161e\u013ea \u0161ir\u0161ia a dlh\u0161ia, t\u00fdm \u013eah\u0161ie dok\u00e1\u017ee \u00faplne schova\u0165 prirodzen\u00e9 proporcie postavy.<\/p>\n<p data-start=\"748\" data-end=\"846\">Pr\u00e1ve <a href=\"https:\/\/www.instagram.com\/iversanns\/\" target=\"_blank\" title=\"Instagram Ivana G\u00e1bor\u00edk\" rel=\"nofollow noopener\">Ivana G\u00e1bor\u00edk<\/a> na svojom najnov\u0161om outfite uk\u00e1zala jednoduch\u00fd sp\u00f4sob, ako sa tomu vyhn\u00fa\u0165.<\/p>\n<p>        <img decoding=\"async\" src=\"https:\/\/www.europesays.com\/sk\/wp-content\/uploads\/2026\/09\/6b8fc1e7-1430-45dc-be96-b828295880f9.png\" alt=\"Ivana G\u00e1bor\u00edk - ako stylova\u0165 oversized ko\u0161e\u013eu\" class=\"img-fluid lazyload rounded-[15px]\" draggable=\"false\" onerror=\"this.style.display='none';this.nextElementSibling.style.display='flex';\"\/><\/p>\n<p class=\"text desc\">Ivana G\u00e1bor\u00edk &#8211; ako stylova\u0165 oversized ko\u0161e\u013eu<\/p>\n<p class=\"text joj-description-12 flex items-center gap-[12px]\">\n          Zdroj fotky<\/p>\n<p>Open ai<\/p>\n<p>Objem hore vyv\u00e1\u017eila zv\u00fdraznen\u00fdm p\u00e1som<\/p>\n<p data-start=\"890\" data-end=\"1089\">Ivana skombinovala svetlomodr\u00fa oversized ko\u0161e\u013eu s bielymi \u0161ortkami. Namiesto toho, aby nechala dlh\u0161iu ko\u0161e\u013eu vo\u013ene visie\u0165 cez boky, zastr\u010dila ju do \u0161ortiek a p\u00e1s navy\u0161e zv\u00fdraznila tmav\u00fdm opaskom.<\/p>\n<p data-start=\"1091\" data-end=\"1151\">Je to mal\u00fd detail, ktor\u00fd v\u0161ak men\u00ed proporcie cel\u00e9ho outfitu.<\/p>\n<p data-start=\"1153\" data-end=\"1403\">Vo\u013enej\u0161ia ko\u0161e\u013ea vytv\u00e1ra objem v hornej \u010dasti tela, zatia\u013e \u010do jasne definovan\u00fd p\u00e1s d\u00e1va siluete op\u00e4\u0165 tvar. Nejde pritom o to, aby oble\u010denie telo \u010do najviac obop\u00ednalo. Pr\u00e1ve kombin\u00e1cia vo\u013en\u00e9ho a priliehavej\u0161ieho m\u00f4\u017ee vytvori\u0165 vyv\u00e1\u017eenej\u0161\u00ed v\u00fdsledok.<\/p>\n<p data-start=\"1405\" data-end=\"1536\">Podobn\u00fd princ\u00edp m\u00f4\u017eete pou\u017ei\u0165 aj vtedy, ke\u010f namiesto \u0161ortiek siahnete po d\u017e\u00ednsoch, sukni \u010di elegantn\u00fdch nohaviciach s vy\u0161\u0161\u00edm p\u00e1som.<\/p>\n<p>Nemus\u00edte ju zastr\u010di\u0165 cel\u00fa<\/p>\n<p data-start=\"1568\" data-end=\"1713\">Ak m\u00e1te dlh\u0161iu alebo ve\u013emi \u0161irok\u00fa ko\u0161e\u013eu, \u00fapln\u00e9 zastr\u010denie m\u00f4\u017ee vytvori\u0165 prive\u013ea l\u00e1tky okolo p\u00e1sa. V takom pr\u00edpade funguje e\u0161te jednoduch\u0161\u00ed trik.<\/p>\n<p data-start=\"1715\" data-end=\"1787\">Zastr\u010dte iba predn\u00fa \u010das\u0165 ko\u0161ele a boky \u010di zadn\u00fa \u010das\u0165 nechajte vo\u013en\u00e9.<\/p>\n<p data-start=\"1789\" data-end=\"1949\">Vpredu tak zostane p\u00e1s vidite\u013en\u00fd, no outfit si zachov\u00e1 uvo\u013enenos\u0165 oversized strihu. Tento sp\u00f4sob funguje najm\u00e4 s d\u017e\u00ednsami, rovn\u00fdmi nohavicami alebo midi suk\u0148ou.<\/p>\n<p data-start=\"1951\" data-end=\"2089\">D\u00f4le\u017eit\u00fd je aj materi\u00e1l. M\u00e4kk\u00e1 bavlna, \u013ean \u010di jemnej\u0161ia popel\u00ednov\u00e1 ko\u0161e\u013ea sa bud\u00fa zastrk\u00e1va\u0165 jednoduch\u0161ie ne\u017e ve\u013emi hrub\u00fd a tuh\u00fd materi\u00e1l.<\/p>\n<p>Pri \u0161irokom vrchu d\u00e1vajte pozor na \u0161irok\u00fd spodok<\/p>\n<p data-start=\"2144\" data-end=\"2335\"><a href=\"https:\/\/www.joj.sk\/clanok\/1233257-herecka-monika-szabo-ukazala-trik-ktory-meni-obycajnu-koselu-na-stylove-saty-staci-jedna-satka\" target=\"_blank\" rel=\"nofollow noopener\">Oversized ko\u0161e\u013ea<\/a> a \u0161irok\u00e9 nohavice m\u00f4\u017eu vyzera\u0165 ve\u013emi moderne. Ak v\u0161ak m\u00e1te pocit, \u017ee sa v mno\u017estve l\u00e1tky str\u00e1cate, sk\u00faste outfitu vytvori\u0165 aspo\u0148 jeden jasn\u00fd bod, ktor\u00fd nazna\u010d\u00ed proporcie.<\/p>\n<p data-start=\"2337\" data-end=\"2464\">M\u00f4\u017ee n\u00edm by\u0165 pr\u00e1ve p\u00e1s, ale aj vyhrnut\u00e9 ruk\u00e1vy, odhalen\u00e9 \u010dlenky alebo \u010diasto\u010dne rozopnut\u00e1 ko\u0161e\u013ea s jednoduch\u00fdm tielkom pod \u0148ou.<\/p>\n<p data-start=\"2466\" data-end=\"2634\">Nie je teda nutn\u00e9 dr\u017ea\u0165 sa star\u00e9ho pravidla \u201e\u0161irok\u00e9 hore, \u00fazke dole\u201c. Ove\u013ea d\u00f4le\u017eitej\u0161ie je, aby mala silueta miesto, na ktorom sa ve\u013ek\u00e9 mno\u017estvo l\u00e1tky opticky preru\u0161\u00ed.<\/p>\n<p data-start=\"2636\" data-end=\"2745\">Aj preto na outfite <a href=\"https:\/\/www.joj.sk\/clanok\/1249780-ivana-gaborik-predviedla-idealny-outfit-do-mesta-tento-prakticky-doplnok-sa-oplati-vratit-do-satnika\" target=\"_blank\" rel=\"nofollow noopener\">Ivany G\u00e1bor\u00edk<\/a> funguje kontrast objemnej ko\u0161ele, kr\u00e1tkych nohav\u00edc a zv\u00fdraznen\u00e9ho p\u00e1sa.<\/p>\n<p>Ivana G\u00e1bor\u00edk: Vyhrnut\u00e9 ruk\u00e1vy urobia viac, ne\u017e sa zd\u00e1<\/p>\n<p data-start=\"2791\" data-end=\"2900\">Za pozornos\u0165 stoj\u00ed e\u0161te jeden detail. Ivana si ruk\u00e1vy ko\u0161ele vytiahla vy\u0161\u0161ie, v\u010faka \u010domu odhalila predlaktia.<\/p>\n<p data-start=\"2902\" data-end=\"3076\">Pri oversized k\u00faskoch je to jednoduch\u00fd sp\u00f4sob, ako outfitu doda\u0165 \u013eahkos\u0165. Podobne funguje odhalen\u00fd krk, z\u00e1p\u00e4stia alebo \u010dlenky \u2013 ve\u013ek\u00fd kus l\u00e1tky potom nep\u00f4sob\u00ed tak dominantne.<\/p>\n<p data-start=\"3078\" data-end=\"3246\">A je to praktick\u00e9 aj po\u010das prv\u00fdch septembrov\u00fdch dn\u00ed. R\u00e1no nech\u00e1te ruk\u00e1vy spusten\u00e9, popoludn\u00ed ich vyhrniete a z jedn\u00e9ho k\u00fasku m\u00e1te oble\u010denie do dvoch r\u00f4znych tepl\u00f4t.<\/p>\n<p>Svetlomodr\u00e1 a biela nemusia zosta\u0165 iba letnou kombin\u00e1ciou<\/p>\n<p data-start=\"3310\" data-end=\"3449\">Na outfite Ivany G\u00e1bor\u00edk je zauj\u00edmav\u00e1 aj farebn\u00e1 kombin\u00e1cia. Svetlomodr\u00e1 ko\u0161e\u013ea a biele \u0161ortky p\u00f4sobia svie\u017eo a st\u00e1le pripom\u00ednaj\u00fa leto.<\/p>\n<p data-start=\"3451\" data-end=\"3520\">To v\u0161ak neznamen\u00e1, \u017ee podobn\u00e9 k\u00fasky treba s prv\u00fdm <a href=\"https:\/\/www.joj.sk\/admin\/preview\/?url=https%3A%2F%2Fwww.joj.sk%2Fclanok%2F1249971-september-este-nie-je-jesen-4-outfity-v-ktorych-vam-nebude-rano-zima-ani-popoludni-teplo\" target=\"_blank\" rel=\"nofollow noopener\">septembrom<\/a> odlo\u017ei\u0165.<\/p>\n<p data-start=\"3522\" data-end=\"3714\">Biele \u0161ortky postupne vyme\u0148te za biele alebo smotanov\u00e9 nohavice a k modrej ko\u0161eli pridajte hned\u00fd opasok, mokas\u00edny \u010di semi\u0161ov\u00fa kabelku. Rovnak\u00fd z\u00e1klad tak okam\u017eite dostane jesennej\u0161\u00ed charakter.<\/p>\n<p data-start=\"3716\" data-end=\"3832\">Oversized ko\u0161e\u013ea m\u00f4\u017ee nesk\u00f4r fungova\u0165 aj rozopnut\u00e1 cez tielko, pod tren\u010dkotom alebo s \u00fapletom prehoden\u00fdm cez ramen\u00e1.<\/p>\n<p data-start=\"3834\" data-end=\"3963\">Nemus\u00edte teda kupova\u0165 nov\u00fd outfit na ka\u017ed\u00fa zmenu po\u010dasia. Niekedy sta\u010d\u00ed zmeni\u0165 sp\u00f4sob, ak\u00fdm nos\u00edte k\u00fasky, ktor\u00e9 u\u017e m\u00e1te doma.<\/p>\n<p>        <img decoding=\"async\" src=\"https:\/\/www.europesays.com\/sk\/wp-content\/uploads\/2026\/09\/d69a6d69-d3b4-481d-8183-ee8367ce408c.png\" alt=\"In\u0161pir\u00e1cia na jese\u0148 26\" class=\"img-fluid lazyload rounded-[15px]\" draggable=\"false\" onerror=\"this.style.display='none';this.nextElementSibling.style.display='flex';\"\/><\/p>\n<p class=\"text desc\">In\u0161pir\u00e1cia na jese\u0148 26<\/p>\n<p class=\"text joj-description-12 flex items-center gap-[12px]\">\n          Zdroj fotky<\/p>\n<p>Open ai<\/p>\n<p>R\u00fdchly trik pred zrkadlom<\/p>\n<p data-start=\"3996\" data-end=\"4222\">Ak si oble\u010diete oversized ko\u0161e\u013eu a m\u00e1te pocit, \u017ee v\u00e1m prid\u00e1va viac objemu, ne\u017e chcete, nemus\u00edte ju hne\u010f zavrhn\u00fa\u0165. Pred v\u00fdmenou ve\u013ekosti sk\u00faste tri drobnosti: zastr\u010di\u0165 predn\u00fa \u010das\u0165 do nohav\u00edc, zv\u00fdrazni\u0165 p\u00e1s a vyhrn\u00fa\u0165 ruk\u00e1vy.<\/p>\n<p data-start=\"4224\" data-end=\"4313\">Mo\u017eno zist\u00edte, \u017ee probl\u00e9mom v\u00f4bec nebol strih ko\u0161ele, ale iba sp\u00f4sob, ak\u00fdm ste ju nosili.<\/p>\n<p data-start=\"4315\" data-end=\"4440\">A pr\u00e1ve outfit Ivany G\u00e1bor\u00edk je pekn\u00fdm pr\u00edkladom toho, ako m\u00f4\u017ee nieko\u013eko sek\u00fand stylingu zmeni\u0165 dojem z oby\u010dajnej ko\u0161ele.<\/p>\n<p><script async src=\"\/\/www.instagram.com\/embed.js\"><\/script><\/p>\n","protected":false},"excerpt":{"rendered":"Oversized ko\u0161e\u013ea patr\u00ed medzi k\u00fasky, ktor\u00e9 dok\u00e1\u017eu zachr\u00e1ni\u0165 \u0161atn\u00edk pr\u00e1ve v obdob\u00ed medzi letom a jese\u0148ou. Ivana G\u00e1bor\u00edk&hellip;\n","protected":false},"author":2,"featured_media":169177,"comment_status":"","ping_status":"","sticky":false,"template":"","format":"standard","meta":{"footnotes":"","_share_on_mastodon":"0"},"categories":[15],"tags":[1420,70,1424,73,3092,1418,1421,2050,174,1419,887,1423,994,1265,43,40,39,42,41,107,97,1012,1422,71,687],"class_list":["post-169176","post","type-post","status-publish","format-standard","has-post-thumbnail","category-zabava","tag-archiv","tag-entertainment","tag-epizody","tag-filmy","tag-ivana-gaborik","tag-joj","tag-live","tag-moda","tag-online","tag-plus","tag-program","tag-relacie","tag-rozhovory","tag-serialy","tag-sk","tag-slovak","tag-slovakia","tag-slovencina","tag-slovensko","tag-televizia","tag-tv","tag-video","tag-vysielanie","tag-zabava","tag-zakulisie"],"share_on_mastodon":{"url":"https:\/\/pubeurope.com\/@sk\/117206082304560948","error":""},"_links":{"self":[{"href":"https:\/\/www.europesays.com\/sk\/wp-json\/wp\/v2\/posts\/169176","targetHints":{"allow":["GET"]}}],"collection":[{"href":"https:\/\/www.europesays.com\/sk\/wp-json\/wp\/v2\/posts"}],"about":[{"href":"https:\/\/www.europesays.com\/sk\/wp-json\/wp\/v2\/types\/post"}],"author":[{"embeddable":true,"href":"https:\/\/www.europesays.com\/sk\/wp-json\/wp\/v2\/users\/2"}],"replies":[{"embeddable":true,"href":"https:\/\/www.europesays.com\/sk\/wp-json\/wp\/v2\/comments?post=169176"}],"version-history":[{"count":0,"href":"https:\/\/www.europesays.com\/sk\/wp-json\/wp\/v2\/posts\/169176\/revisions"}],"wp:featuredmedia":[{"embeddable":true,"href":"https:\/\/www.europesays.com\/sk\/wp-json\/wp\/v2\/media\/169177"}],"wp:attachment":[{"href":"https:\/\/www.europesays.com\/sk\/wp-json\/wp\/v2\/media?parent=169176"}],"wp:term":[{"taxonomy":"category","embeddable":true,"href":"https:\/\/www.europesays.com\/sk\/wp-json\/wp\/v2\/categories?post=169176"},{"taxonomy":"post_tag","embeddable":true,"href":"https:\/\/www.europesays.com\/sk\/wp-json\/wp\/v2\/tags?post=169176"}],"curies":[{"name":"wp","href":"https:\/\/api.w.org\/{rel}","templated":true}]}}