{"id":169178,"date":"2026-09-03T08:07:10","date_gmt":"2026-09-03T08:07:10","guid":{"rendered":"https:\/\/www.europesays.com\/sk\/169178\/"},"modified":"2026-09-03T08:07:10","modified_gmt":"2026-09-03T08:07:10","slug":"video-po-prvom-sete-sa-zdravo-nahneval-alcaraz-otacal-duel-na-us-open-ruska-hviezda-konci-sportky-sk","status":"publish","type":"post","link":"https:\/\/www.europesays.com\/sk\/169178\/","title":{"rendered":"VIDEO Po prvom sete sa zdravo nahneval: Alcaraz ot\u00e1\u010dal duel na US Open, rusk\u00e1 hviezda kon\u010d\u00ed &#8211; \u0160portky.sk"},"content":{"rendered":"<p><a href=\"https:\/\/news.google.com\/rss\/articles\/CBMiwgFBVV95cUxPekJ0M29XaS1qYjBxempQMm1IMDZRSmktS0Zla3UwYmVqdURJdHh6cno0Z1pzQ3diVnBCZjNCQUY0MWZyMkhZR0pmX0IyWmM5aFZjU29sekFXcGZVb3p6UDJtZktlb2pKREZaVmptQ0ctMmkyRXgzb2NxLWxFMFVSQVkxd2pKdGROVFkyNTFWaU5HY2JMYnFhZFp4aUppUTBVMjFONHhpY3gxYUdlT25EZUR2dDVKbmV2NEN4WFFWMENoQQ?oc=5\" target=\"_blank\" rel=\"nofollow noopener\">VIDEO Po prvom sete sa zdravo nahneval: Alcaraz ot\u00e1\u010dal duel na US Open, rusk\u00e1 hviezda kon\u010d\u00ed<\/a>&nbsp;&nbsp;\u0160portky.sk<a href=\"https:\/\/news.google.com\/rss\/articles\/CBMi_wFBVV95cUxOQmI2YnFzNy0xMldKLThNbWpDdFZiSFpsSWNPMy1YNlVMYU0xcWRWUHVPZTFYRV96YjRuMFQ5cHRlLWQ5OWpkTFVNM0JkZXZKRzhDN3U0eWV5MkFpc19RSEo2c3I2S0JkbEJJcHRzS0h5TEVmOFpmWUU3X3BwWjZFd1BydmJFQ2JvbjNERkJQV1AyVVlEWFY1VWgxaTR4X1ZfUjRZcll2amsyMWlodHQzTEJPOFFkWlR5YXFPV3gyTVdUaUdlTm9sSENEQ2RadThkWXNvRnlBUlh2aEhmTEFPQU52blRSUXN0TjNJOWhrVWQ1RWlaRzNOaWpBOFNqS2s?oc=5\" target=\"_blank\" rel=\"nofollow noopener\">2. kolo dvojhry mu\u017eov na US Open: Carlos Alcaraz &#8211; Jaime Faria<\/a>&nbsp;&nbsp;TERAZ.sk<a href=\"https:\/\/news.google.com\/rss\/articles\/CBMimwFBVV95cUxQcV9KLU53clV1TngtdUNPUXpaWGZYay15UUhBdmtmcTl3WGctQmxJdHU4TEVPOEE5c01md19lRUpVcVNCZGROQWt3OGVxZVJqMkRseFllc3dkTnlJRVBUcjdOSTlMVzRFNE1Rc1pKQ0xYX2s0YU5YODA0Vmk3Yk1sT2JhRkcwbkJtYjNIQldKZUZuelk4Z3JEMTliMA?oc=5\" target=\"_blank\" rel=\"nofollow noopener\">Alcaraz po \u0161tvormesa\u010dnej pauze s p\u00f4sobiv\u00fdm v\u00fdkonom. Tsitsipas vyradil nasaden\u00e9ho Franc\u00faza<\/a>&nbsp;&nbsp;SPORTNET<a href=\"https:\/\/news.google.com\/rss\/articles\/CBMi7AFBVV95cUxQbjBTa3lmZ21nQnZuQUxwTWxBLVRGMTJiMWxTMlJKVXFrdEh1S1JhYlpsaWVnX3ZIMkUteXNVenp1bW9jQjZsTEQwWHdUNDMwQkFDWkRBNDR6MDZyaGRuLTJWTDJEc1RCcEhZTUFTUFpHczZqWEJ3cXhhQWRDV3dtYlhQRGI5bnNiM3Iyb2tZQzcyRVU0d3lrenFyWEFtT1lBMUVTM2NnUGUwaXh2OGFQN3Y4QzBoaHlpMFNzRS02NTFxZzgyaTJBODZ1SVIyYklTUFkwYmIxV2NnTzRsaEpVcWtkd3Y0YTVBWm5GaA?oc=5\" target=\"_blank\" rel=\"nofollow noopener\">Sna\u017e\u00edm sa zbavi\u0165 strachu, hovor\u00ed Alcaraz pred n\u00e1vratom na US Open. Chce napodobni\u0165 Nadala<\/a>&nbsp;&nbsp;Flashscore.sk<a href=\"https:\/\/news.google.com\/rss\/articles\/CBMimAFBVV95cUxOYXdFUjJ4eHY1Skt6U21QWWh2Z1dxOWdtLUJ1UzFxbjB2dGNTb3dsaVV5LUIzS3I1QUZxQm1CaVhqZ2k5a0QxS2Jjb29FUk1BWDBnLWttYUhFNXJDS1FrdDY3Xy1OZW5GOGg3R0gyVXp0SzNHczJyc0w5RVJhd0R6UGlVZzZ5QllXSkpDM3NFNWdwU2dkUG1xVA?oc=5\" target=\"_blank\" rel=\"nofollow noopener\">Alcaraz post\u00fapil do 3. kola US Open po v\u00ed\u0165azstve nad Fariom<\/a>&nbsp;&nbsp;Na\u0161e Ko\u0161ice<\/p>\n","protected":false},"excerpt":{"rendered":"VIDEO Po prvom sete sa zdravo nahneval: Alcaraz ot\u00e1\u010dal duel na US Open, rusk\u00e1 hviezda kon\u010d\u00ed&nbsp;&nbsp;\u0160portky.sk2. kolo dvojhry&hellip;\n","protected":false},"author":2,"featured_media":169179,"comment_status":"","ping_status":"","sticky":false,"template":"","format":"standard","meta":{"footnotes":"","_share_on_mastodon":"0"},"categories":[13],"tags":[9378,48062,43,40,39,42,41,69,68,46298],"class_list":["post-169178","post","type-post","status-publish","format-standard","has-post-thumbnail","category-sport","tag-carlos-alcaraz","tag-jaime-faria","tag-sk","tag-slovak","tag-slovakia","tag-slovencina","tag-slovensko","tag-sport","tag-sports","tag-us-open-2026"],"share_on_mastodon":{"url":"https:\/\/pubeurope.com\/@sk\/117206086090231276","error":""},"_links":{"self":[{"href":"https:\/\/www.europesays.com\/sk\/wp-json\/wp\/v2\/posts\/169178","targetHints":{"allow":["GET"]}}],"collection":[{"href":"https:\/\/www.europesays.com\/sk\/wp-json\/wp\/v2\/posts"}],"about":[{"href":"https:\/\/www.europesays.com\/sk\/wp-json\/wp\/v2\/types\/post"}],"author":[{"embeddable":true,"href":"https:\/\/www.europesays.com\/sk\/wp-json\/wp\/v2\/users\/2"}],"replies":[{"embeddable":true,"href":"https:\/\/www.europesays.com\/sk\/wp-json\/wp\/v2\/comments?post=169178"}],"version-history":[{"count":0,"href":"https:\/\/www.europesays.com\/sk\/wp-json\/wp\/v2\/posts\/169178\/revisions"}],"wp:featuredmedia":[{"embeddable":true,"href":"https:\/\/www.europesays.com\/sk\/wp-json\/wp\/v2\/media\/169179"}],"wp:attachment":[{"href":"https:\/\/www.europesays.com\/sk\/wp-json\/wp\/v2\/media?parent=169178"}],"wp:term":[{"taxonomy":"category","embeddable":true,"href":"https:\/\/www.europesays.com\/sk\/wp-json\/wp\/v2\/categories?post=169178"},{"taxonomy":"post_tag","embeddable":true,"href":"https:\/\/www.europesays.com\/sk\/wp-json\/wp\/v2\/tags?post=169178"}],"curies":[{"name":"wp","href":"https:\/\/api.w.org\/{rel}","templated":true}]}}