{"id":169186,"date":"2026-09-03T08:14:16","date_gmt":"2026-09-03T08:14:16","guid":{"rendered":"https:\/\/www.europesays.com\/sk\/169186\/"},"modified":"2026-09-03T08:14:16","modified_gmt":"2026-09-03T08:14:16","slug":"volkswagen-chce-zatvorit-4-zavody-presunie-sa-cast","status":"publish","type":"post","link":"https:\/\/www.europesays.com\/sk\/169186\/","title":{"rendered":"Volkswagen chce ZATVORI\u0164 4 z\u00e1vody! Presunie sa \u010das\u0165\u2026"},"content":{"rendered":"<p>\n\t\t\t\t\t\t\t\t\t\t\t3. september 2026<\/p>\n<p>\t\t\t\t\t\t\t\t\t\tSpr\u00e1vy\n\t\t\t\t\t\t\t<\/p>\n<p> Volkswagen chyst\u00e1 radik\u00e1lne \u0161krty. \u010cas\u0165 v\u00fdroby m\u00e1 \u00eds\u0165 do Bratislavy.<\/p>\n<p>\t\t\t\t\t\t\t\t\t\t\t\t<img decoding=\"async\" class=\"img-fluid w-100\"   src=\"https:\/\/www.europesays.com\/sk\/wp-content\/uploads\/2026\/09\/automobilka-Volkswagen-Slovakia.jpeg\" alt=\"Ilustra\u010dn\u00fd obr\u00e1zok k \u010dl\u00e1nku Volkswagen chce ZATVORI\u0164 4 z\u00e1vody! Presunie sa \u010das\u0165 v\u00fdroby do Bratislavy?\" loading=\"lazy\"\/><\/p>\n<p>\t\t\t\t\t\t\t\t\t\t\t\t\t\tZdroj:<br \/>\nSITA\/Michal Veternik<\/p>\n<p>Vedenie automobilov\u00e9ho koncernu Volkswagen pripravilo rozsiahly<br \/>\nre\u0161trukturaliza\u010dn\u00fd pl\u00e1n, ktor\u00fd po\u010d\u00edta s\u00a0postupn\u00fdm ukon\u010den\u00edm v\u00fdroby<br \/>\n\u00e1ut v\u00a0\u0161tyroch nemeck\u00fdch z\u00e1vodoch a presunom niektor\u00fdch modelov do in\u00fdch<br \/>\neur\u00f3pskych fabr\u00edk vr\u00e1tane Bratislavy, informoval denn\u00edk <a href=\"https:\/\/www.handelsblatt.com\/unternehmen\/industrie\/volkswagen-vw-vorstand-plant-ende-der-produktion-in-vier-deutschen-werken\/100251244.html?utm\" rel=\"nofollow noopener\" target=\"_blank\">Handelsblatt<\/a>.<\/p>\n<p>\u010co z\u00edska Bratislava?<\/p>\n<p>Pod\u013ea intern\u00e9ho dokumentu m\u00e1 v\u00fdroba v\u00a0Emdene a Zwickau skon\u010di\u0165 v\u00a0roku<br \/>\n2031, v\u00a0Hannoveri v\u00a0roku 2032\u00a0a v\u00a0z\u00e1vode Audi v\u00a0Neckarsulme v\u00a0roku<br \/>\n2034.\u00a0N\u00e1stupcu elektrick\u00e9ho Audi Q4 e-tron zo Zwickau pl\u00e1nuje koncern<br \/>\npresun\u00fa\u0165 do bratislavsk\u00e9ho z\u00e1vodu Volkswagen Slovakia. N\u00e1stupca Volkswagenu<br \/>\nID.4\u00a0m\u00e1 smerova\u0165 do Mladej Boleslavi.<\/p>\n<p>Pl\u00e1n e\u0161te nie je definit\u00edvne schv\u00e1len\u00fd. Pred piatkov\u00fdm zasadnut\u00edm<br \/>\ndozornej rady stroskotal pokus vedenia, odborov a spolkovej krajiny Doln\u00e9 Sasko<br \/>\ndosiahnu\u0165 kompromis.<\/p>\n<p>\t\t\t\t\t\t\t\t\tRokovanie o\u00a0bud\u00facnosti<\/p>\n<p>\u201eExistuj\u00face obchodn\u00e9 modely a \u0161trukt\u00fary u\u017e nesta\u010dia na<br \/>\ndlhodob\u00e9 zabezpe\u010denie konkurencieschop\u00adnosti a ziskovosti koncernu<br \/>\nVolkswagen,\u201c uv\u00e1dza sa v\u00a0internom materi\u00e1li pre<br \/>\ndozorn\u00fa\u00a0radu.<\/p>\n<p>Proti zatv\u00e1raniu z\u00e1vodov ostro vystupuje odborov\u00fd zv\u00e4z IG Metall.<br \/>\n\u201eS\u00a0IG Metall sa z\u00e1vody v\u00a0Emdene, Zwickau, Hannoveri a<br \/>\nNeckarsulme nezatvoria,\u201c vyhl\u00e1sila jeho predsedn\u00ed\u010dka<br \/>\nChristiane Bennerov\u00e1.<\/p>\n<p>Dozorn\u00e1 rada m\u00e1 o\u00a0bud\u00facnosti re\u0161trukturali\u00adza\u010dn\u00e9ho pl\u00e1nu rokova\u0165<br \/>\nv\u00a0piatok 4.\u00a0septembra. Vedenie argumentuje v\u00fdrazne vy\u0161\u0161\u00edmi v\u00fdrobn\u00fdmi<br \/>\nn\u00e1kladmi nemeck\u00fdch z\u00e1vodov v\u00a0porovnan\u00ed s\u00a0ostatn\u00fdmi eur\u00f3pskymi fabrikami<br \/>\nkoncernu.<\/p>\n<p>\u010eal\u0161ie spr\u00e1vy z\u00a0domova i\u00a0zo sveta n\u00e1jdete aj na <a href=\"https:\/\/www.dnes24.sk\" rel=\"nofollow noopener\" target=\"_blank\">Dnes24<\/a>, <a href=\"https:\/\/www.facebook.com\/dnes24\/\" rel=\"nofollow noopener\" target=\"_blank\">Facebooku<\/a> a <a href=\"https:\/\/www.instagram.com\/dnes24\/\" rel=\"nofollow noopener\" target=\"_blank\">Instagrame<\/a>.<\/p>\n<p>Foto: ilustra\u010dn\u00e9<\/p>\n<p>\t\t\t\t\t\t\t\t\t\t\tM\u00f4\u017ee v\u00e1s zauj\u00edma\u0165:<\/p>\n<p>\n\t\t\t\t\t\t\tZdroj: SITA\n\t\t\t\t\t\t<\/p>\n<p>\t\t\t\t\t\t<script async src=\"\/\/www.instagram.com\/embed.js\"><\/script><\/p>\n","protected":false},"excerpt":{"rendered":"3. september 2026 Spr\u00e1vy Volkswagen chyst\u00e1 radik\u00e1lne \u0161krty. \u010cas\u0165 v\u00fdroby m\u00e1 \u00eds\u0165 do Bratislavy. Zdroj: SITA\/Michal Veternik Vedenie&hellip;\n","protected":false},"author":2,"featured_media":169187,"comment_status":"","ping_status":"","sticky":false,"template":"","format":"standard","meta":{"footnotes":"","_share_on_mastodon":"0"},"categories":[21],"tags":[136,2108,12653,22615,43,32029,40,39,42,41,1622,24935],"class_list":["post-169186","post","type-post","status-publish","format-standard","has-post-thumbnail","category-bratislava","tag-bratislava","tag-bratislavy","tag-chysta","tag-radikalne","tag-sk","tag-skrty","tag-slovak","tag-slovakia","tag-slovencina","tag-slovensko","tag-volkswagen","tag-vyroby"],"share_on_mastodon":{"url":"https:\/\/pubeurope.com\/@sk\/117206113971800974","error":""},"_links":{"self":[{"href":"https:\/\/www.europesays.com\/sk\/wp-json\/wp\/v2\/posts\/169186","targetHints":{"allow":["GET"]}}],"collection":[{"href":"https:\/\/www.europesays.com\/sk\/wp-json\/wp\/v2\/posts"}],"about":[{"href":"https:\/\/www.europesays.com\/sk\/wp-json\/wp\/v2\/types\/post"}],"author":[{"embeddable":true,"href":"https:\/\/www.europesays.com\/sk\/wp-json\/wp\/v2\/users\/2"}],"replies":[{"embeddable":true,"href":"https:\/\/www.europesays.com\/sk\/wp-json\/wp\/v2\/comments?post=169186"}],"version-history":[{"count":0,"href":"https:\/\/www.europesays.com\/sk\/wp-json\/wp\/v2\/posts\/169186\/revisions"}],"wp:featuredmedia":[{"embeddable":true,"href":"https:\/\/www.europesays.com\/sk\/wp-json\/wp\/v2\/media\/169187"}],"wp:attachment":[{"href":"https:\/\/www.europesays.com\/sk\/wp-json\/wp\/v2\/media?parent=169186"}],"wp:term":[{"taxonomy":"category","embeddable":true,"href":"https:\/\/www.europesays.com\/sk\/wp-json\/wp\/v2\/categories?post=169186"},{"taxonomy":"post_tag","embeddable":true,"href":"https:\/\/www.europesays.com\/sk\/wp-json\/wp\/v2\/tags?post=169186"}],"curies":[{"name":"wp","href":"https:\/\/api.w.org\/{rel}","templated":true}]}}