{"id":169188,"date":"2026-09-03T08:21:12","date_gmt":"2026-09-03T08:21:12","guid":{"rendered":"https:\/\/www.europesays.com\/sk\/169188\/"},"modified":"2026-09-03T08:21:12","modified_gmt":"2026-09-03T08:21:12","slug":"novacik-premier-league-posilnuje-utok-flemming-prichadza-do-ofenzivy","status":"publish","type":"post","link":"https:\/\/www.europesays.com\/sk\/169188\/","title":{"rendered":"Nov\u00e1\u010dik Premier League posil\u0148uje \u00fatok: Flemming prich\u00e1dza do ofenz\u00edvy"},"content":{"rendered":"<p>\u00dato\u010dn\u00edk Zian Flemming sa pripojil k Ipswichu z Burnley, informovala webov\u00e1 str\u00e1nka klubu Premier League. Dvadsa\u0165osemro\u010dn\u00fd holandsk\u00fd \u00fato\u010dn\u00edk podp\u00edsal \u0161tvorro\u010dn\u00fd kontrakt platn\u00fd do leta 2030.<\/p>\n<p>Burnley z\u00edskalo Flemminga na hos\u0165ovanie z Millwallu v lete 2024 a o rok nesk\u00f4r ho definit\u00edvne k\u00fapilo. \u00dato\u010dn\u00edk odohral za klub 73 z\u00e1pasov, v ktor\u00fdch strelil 29 g\u00f3lov a pridal 4 asistencie.<\/p>\n<p>V \u00favodn\u00fdch kol\u00e1ch Premier League 2026\/27 Ipswich porazil Sunderland (2:1) a prehral s Manchestrom United (2:5).<\/p>\n","protected":false},"excerpt":{"rendered":"\u00dato\u010dn\u00edk Zian Flemming sa pripojil k Ipswichu z Burnley, informovala webov\u00e1 str\u00e1nka klubu Premier League. Dvadsa\u0165osemro\u010dn\u00fd holandsk\u00fd \u00fato\u010dn\u00edk&hellip;\n","protected":false},"author":2,"featured_media":169189,"comment_status":"","ping_status":"","sticky":false,"template":"","format":"standard","meta":{"footnotes":"","_share_on_mastodon":"0"},"categories":[13],"tags":[4215,19971,2646,43,40,39,42,41,69,68,34329],"class_list":["post-169188","post","type-post","status-publish","format-standard","has-post-thumbnail","category-sport","tag-burnley-fc","tag-ipswich-town","tag-premier-league","tag-sk","tag-slovak","tag-slovakia","tag-slovencina","tag-slovensko","tag-sport","tag-sports","tag-tiposbet"],"share_on_mastodon":{"url":"https:\/\/pubeurope.com\/@sk\/117206141106440061","error":""},"_links":{"self":[{"href":"https:\/\/www.europesays.com\/sk\/wp-json\/wp\/v2\/posts\/169188","targetHints":{"allow":["GET"]}}],"collection":[{"href":"https:\/\/www.europesays.com\/sk\/wp-json\/wp\/v2\/posts"}],"about":[{"href":"https:\/\/www.europesays.com\/sk\/wp-json\/wp\/v2\/types\/post"}],"author":[{"embeddable":true,"href":"https:\/\/www.europesays.com\/sk\/wp-json\/wp\/v2\/users\/2"}],"replies":[{"embeddable":true,"href":"https:\/\/www.europesays.com\/sk\/wp-json\/wp\/v2\/comments?post=169188"}],"version-history":[{"count":0,"href":"https:\/\/www.europesays.com\/sk\/wp-json\/wp\/v2\/posts\/169188\/revisions"}],"wp:featuredmedia":[{"embeddable":true,"href":"https:\/\/www.europesays.com\/sk\/wp-json\/wp\/v2\/media\/169189"}],"wp:attachment":[{"href":"https:\/\/www.europesays.com\/sk\/wp-json\/wp\/v2\/media?parent=169188"}],"wp:term":[{"taxonomy":"category","embeddable":true,"href":"https:\/\/www.europesays.com\/sk\/wp-json\/wp\/v2\/categories?post=169188"},{"taxonomy":"post_tag","embeddable":true,"href":"https:\/\/www.europesays.com\/sk\/wp-json\/wp\/v2\/tags?post=169188"}],"curies":[{"name":"wp","href":"https:\/\/api.w.org\/{rel}","templated":true}]}}