{"id":169204,"date":"2026-09-03T08:40:07","date_gmt":"2026-09-03T08:40:07","guid":{"rendered":"https:\/\/www.europesays.com\/sk\/169204\/"},"modified":"2026-09-03T08:40:07","modified_gmt":"2026-09-03T08:40:07","slug":"zasah-v-ruzinove-policia-zasahovala-v-byte-na-mierovej-ulici","status":"publish","type":"post","link":"https:\/\/www.europesays.com\/sk\/169204\/","title":{"rendered":"Z\u00e1sah v Ru\u017einove: Pol\u00edcia zasahovala v byte na mierovej ulici"},"content":{"rendered":"<p>Na mierovej ulici v bratislavskom Ru\u017einove je od r\u00e1na zv\u00fd\u0161en\u00fd pohyb policajn\u00fdch zlo\u017eiek. Na mieste sa nach\u00e1dza viacero policajn\u00fdch hliadok vr\u00e1tane policajnej dod\u00e1vky a civiln\u00fdch vozidiel.<\/p>\n<p>Bratislavsk\u00e1 pol\u00edcia zasahuje v byte na mierovej ulici. Pod\u013ea informaci\u00ed TV JOJ z\u00e1sah s\u00favis\u00ed s poru\u0161en\u00edm mravnostnej trestnej \u010dinnosti. Zadr\u017ean\u00e1 je jedna osoba. Policajn\u00ed vy\u0161etrovatelia preh\u013ead\u00e1vaj\u00fa byt a zais\u0165uj\u00fa d\u00f4kazy. Z\u00e1sah prebiehal pribli\u017ene od 8:00 r\u00e1no.<\/p>\n<p>\u00a0Na mieste je report\u00e9r Krimi Andrej Zav\u0159el.<\/p>\n<p>Viac si m\u00f4\u017eete pozrie\u0165 vo videu:<\/p>\n","protected":false},"excerpt":{"rendered":"Na mierovej ulici v bratislavskom Ru\u017einove je od r\u00e1na zv\u00fd\u0161en\u00fd pohyb policajn\u00fdch zlo\u017eiek. Na mieste sa nach\u00e1dza viacero&hellip;\n","protected":false},"author":2,"featured_media":169205,"comment_status":"","ping_status":"","sticky":false,"template":"","format":"standard","meta":{"footnotes":"","_share_on_mastodon":"0"},"categories":[32],"tags":[34,37,33,525,43,40,39,42,41,36,38,35,5086],"class_list":["post-169204","post","type-post","status-publish","format-standard","has-post-thumbnail","category-spravy","tag-headlines","tag-hlavne-spravy","tag-news","tag-policia","tag-sk","tag-slovak","tag-slovakia","tag-slovencina","tag-slovensko","tag-spravy","tag-titulky","tag-top-stories","tag-zasah"],"share_on_mastodon":{"url":"https:\/\/pubeurope.com\/@sk\/117206215976328693","error":""},"_links":{"self":[{"href":"https:\/\/www.europesays.com\/sk\/wp-json\/wp\/v2\/posts\/169204","targetHints":{"allow":["GET"]}}],"collection":[{"href":"https:\/\/www.europesays.com\/sk\/wp-json\/wp\/v2\/posts"}],"about":[{"href":"https:\/\/www.europesays.com\/sk\/wp-json\/wp\/v2\/types\/post"}],"author":[{"embeddable":true,"href":"https:\/\/www.europesays.com\/sk\/wp-json\/wp\/v2\/users\/2"}],"replies":[{"embeddable":true,"href":"https:\/\/www.europesays.com\/sk\/wp-json\/wp\/v2\/comments?post=169204"}],"version-history":[{"count":0,"href":"https:\/\/www.europesays.com\/sk\/wp-json\/wp\/v2\/posts\/169204\/revisions"}],"wp:featuredmedia":[{"embeddable":true,"href":"https:\/\/www.europesays.com\/sk\/wp-json\/wp\/v2\/media\/169205"}],"wp:attachment":[{"href":"https:\/\/www.europesays.com\/sk\/wp-json\/wp\/v2\/media?parent=169204"}],"wp:term":[{"taxonomy":"category","embeddable":true,"href":"https:\/\/www.europesays.com\/sk\/wp-json\/wp\/v2\/categories?post=169204"},{"taxonomy":"post_tag","embeddable":true,"href":"https:\/\/www.europesays.com\/sk\/wp-json\/wp\/v2\/tags?post=169204"}],"curies":[{"name":"wp","href":"https:\/\/api.w.org\/{rel}","templated":true}]}}