{"id":169212,"date":"2026-09-03T08:49:10","date_gmt":"2026-09-03T08:49:10","guid":{"rendered":"https:\/\/www.europesays.com\/sk\/169212\/"},"modified":"2026-09-03T08:49:10","modified_gmt":"2026-09-03T08:49:10","slug":"slovan-mal-ponuku-za-marcelliho-v-hre-bolo-9-milionov-eur","status":"publish","type":"post","link":"https:\/\/www.europesays.com\/sk\/169212\/","title":{"rendered":"Slovan mal ponuku za Marcelliho: V hre bolo 9 mili\u00f3nov eur"},"content":{"rendered":"<p>Z\u00e1ver prestupov\u00e9ho obdobia priniesol v z\u00e1kulis\u00ed poriadnu dr\u00e1mu. Pod\u013ea inform\u00e1ci\u00ed port\u00e1lu Bold sa d\u00e1nsky klub FC Koda\u0148 v posledn\u00fdch hodin\u00e1ch deadline day intenz\u00edvne zauj\u00edmal o kr\u00eddeln\u00edka bratislavsk\u00e9ho Slovana, Nina Marcelliho.<\/p>\n<p>D\u00e1ni sa na samom konci prestupov\u00e9ho okna z\u00fafalo sna\u017eili posilni\u0165 \u013eav\u00fd kraj ofenz\u00edvy, \u010do je prim\u00e1rna poz\u00edcia tohto slovensk\u00e9ho talentu. Napriek akt\u00edvnemu dial\u00f3gu oboch t\u00e1borov v\u0161ak zohral hlavn\u00fa rolu ne\u00faprosn\u00fd \u010das a stran\u00e1m sa nepodarilo dohodu v\u010das sfinalizova\u0165.<\/p>\n<p>Hos\u0165ovanie a lukrat\u00edvna dev\u00e4\u0165mili\u00f3nov\u00e1 opcia<\/p>\n<p>Pod\u013ea zisten\u00ed webu <a target=\"_blank\" class=\"editor-link\" href=\"https:\/\/www.tipsbladet.dk\/nyhed\/superliga\/afsloering-fck-ville-leje-marcelli-tiden-loeb-ud\" rel=\"nofollow noopener\">Tipsbladet<\/a> sa z\u00e1stupcovia oboch str\u00e1n sna\u017eili sfinalizova\u0165 dohodu o hos\u0165ovan\u00ed 21-ro\u010dn\u00e9ho kr\u00eddeln\u00edka. Z kulo\u00e1rov prenikla aj inform\u00e1cia, \u017ee s\u00fa\u010das\u0165ou kontraktu mala by\u0165 lukrat\u00edvna opcia na trval\u00fd prestup vo v\u00fd\u0161ke pribli\u017ene 9 mili\u00f3nov eur.<\/p>\n<p>Zotrvanie odchovanca ml\u00e1de\u017en\u00edckej akad\u00e9mie je pre bratislavsk\u00fd celok d\u00f4le\u017eitou spr\u00e1vou. Nino Marcelli sa toti\u017e napriek svojmu mlad\u00e9mu veku dok\u00e1zal vypracova\u0165 na mimoriadne v\u00fdrazn\u00fa postavu prv\u00e9ho t\u00edmu a nazbieral mno\u017estvo cenn\u00fdch sk\u00fasenost\u00ed. V uplynulej sez\u00f3ne nasko\u010dil do 27 ligov\u00fdch duelov, v ktor\u00fdch zaznamenal 7 g\u00f3lov a 6 asistenci\u00ed.<\/p>\n<p>Celkovo u\u017e tento ofenz\u00edvny \u0165ah\u00fa\u0148 stihol za slovensk\u00fd ve\u013ekoklub odohra\u0165 \u00factyhodn\u00fdch 127 z\u00e1pasov s bilanciou 24 presn\u00fdch z\u00e1sahov a 19 g\u00f3lov\u00fdch prihr\u00e1vok. Svoje nesporn\u00e9 kvality navy\u0161e potvrdzuje aj na medzin\u00e1rodnej sc\u00e9ne, kde m\u00e1 na konte u\u017e 24 \u0161tartov za slovensk\u00fa reprezent\u00e1ciu do 21 rokov.<\/p>\n","protected":false},"excerpt":{"rendered":"Z\u00e1ver prestupov\u00e9ho obdobia priniesol v z\u00e1kulis\u00ed poriadnu dr\u00e1mu. Pod\u013ea inform\u00e1ci\u00ed port\u00e1lu Bold sa d\u00e1nsky klub FC Koda\u0148 v&hellip;\n","protected":false},"author":2,"featured_media":169213,"comment_status":"","ping_status":"","sticky":false,"template":"","format":"standard","meta":{"footnotes":"","_share_on_mastodon":"0"},"categories":[13],"tags":[35658,37541,153,43,152,40,39,42,41,69,68,48067],"class_list":["post-169212","post","type-post","status-publish","format-standard","has-post-thumbnail","category-sport","tag-fc-kodan","tag-futbalove-prestupy","tag-nike-liga","tag-sk","tag-sk-slovan-bratislava","tag-slovak","tag-slovakia","tag-slovencina","tag-slovensko","tag-sport","tag-sports","tag-superleague"],"share_on_mastodon":{"url":"https:\/\/pubeurope.com\/@sk\/117206251393059570","error":""},"_links":{"self":[{"href":"https:\/\/www.europesays.com\/sk\/wp-json\/wp\/v2\/posts\/169212","targetHints":{"allow":["GET"]}}],"collection":[{"href":"https:\/\/www.europesays.com\/sk\/wp-json\/wp\/v2\/posts"}],"about":[{"href":"https:\/\/www.europesays.com\/sk\/wp-json\/wp\/v2\/types\/post"}],"author":[{"embeddable":true,"href":"https:\/\/www.europesays.com\/sk\/wp-json\/wp\/v2\/users\/2"}],"replies":[{"embeddable":true,"href":"https:\/\/www.europesays.com\/sk\/wp-json\/wp\/v2\/comments?post=169212"}],"version-history":[{"count":0,"href":"https:\/\/www.europesays.com\/sk\/wp-json\/wp\/v2\/posts\/169212\/revisions"}],"wp:featuredmedia":[{"embeddable":true,"href":"https:\/\/www.europesays.com\/sk\/wp-json\/wp\/v2\/media\/169213"}],"wp:attachment":[{"href":"https:\/\/www.europesays.com\/sk\/wp-json\/wp\/v2\/media?parent=169212"}],"wp:term":[{"taxonomy":"category","embeddable":true,"href":"https:\/\/www.europesays.com\/sk\/wp-json\/wp\/v2\/categories?post=169212"},{"taxonomy":"post_tag","embeddable":true,"href":"https:\/\/www.europesays.com\/sk\/wp-json\/wp\/v2\/tags?post=169212"}],"curies":[{"name":"wp","href":"https:\/\/api.w.org\/{rel}","templated":true}]}}