{"id":169234,"date":"2026-09-03T09:08:10","date_gmt":"2026-09-03T09:08:10","guid":{"rendered":"https:\/\/www.europesays.com\/sk\/169234\/"},"modified":"2026-09-03T09:08:10","modified_gmt":"2026-09-03T09:08:10","slug":"meciarova-pri-vyroci-markizy-otvorila-stare-spomienky-ani-po-13-rokoch-nezanevrela-na-televiziu","status":"publish","type":"post","link":"https:\/\/www.europesays.com\/sk\/169234\/","title":{"rendered":"Me\u010diarov\u00e1 pri v\u00fdro\u010d\u00ed Mark\u00edzy otvorila star\u00e9 spomienky: Ani po 13 rokoch nezanevrela na telev\u00edziu!"},"content":{"rendered":"<p>BRATISLAVA &#8211; Martina Me\u010diarov\u00e1 patrila dlh\u00e9 roky k zn\u00e1mym tv\u00e1ram Mark\u00edzy. Pri pr\u00edle\u017eitosti 30. v\u00fdro\u010dia telev\u00edzie si zaspom\u00ednala na svoje za\u010diatky, prv\u00e9 vysielanie aj ne\u010dakan\u00e9 situ\u00e1cie, ktor\u00e9 ju formovali. <\/p>\n<p>Martina Me\u010diarov\u00e1 patrila dlh\u00e9 roky medzi zn\u00e1me tv\u00e1re telev\u00edzie Mark\u00edza. Pri pr\u00edle\u017eitosti jej 30. v\u00fdro\u010dia sa vr\u00e1tila v spomienkach na \u00fapln\u00e9 za\u010diatky svojej telev\u00edznej kari\u00e9ry, prv\u00e9 vysielanie aj roky, po\u010das ktor\u00fdch pred kamerami dospievala. Jej p\u00f4sobenie na obrazovk\u00e1ch sa v\u0161ak napokon skon\u010dilo v z\u00e1vere roka 2013. Ke\u010f Mark\u00edza 31. augusta 1996 od\u0161tartovala svoje vysielanie, Me\u010diarov\u00e1 bola e\u0161te \u0161tudentkou a nach\u00e1dzala sa vo Ve\u013ekej Brit\u00e1nii.<\/p>\n<p>O vzniku novej s\u00fakromnej telev\u00edzie sa dozvedela od mamy a okam\u017eite jej napadlo, \u017ee pr\u00e1ve tam by raz mohla pracova\u0165. Sen sa jej splnil o p\u00e4\u0165 rokov nesk\u00f4r. Na rann\u00fd konkurz pricestovala no\u010dn\u00fdm vlakom a ako sama spom\u00edna, Bratislavu v tom \u010dase prakticky nepoznala. Napriek tomu dostala pr\u00edle\u017eitos\u0165 a za\u010dala sa etapa, ktor\u00e1 v\u00fdrazne ovplyvnila jej \u010fal\u0161\u00ed \u017eivot. Za\u010diatky pritom neboli jednoduch\u00e9.<\/p>\n<p>U\u017e t\u00fd\u017ede\u0148 po prvom vysielan\u00ed pri\u0161iel no\u010dn\u00fd telefon\u00e1t z dramaturgie s inform\u00e1ciou, \u017ee p\u00f4vodn\u00fd program sa men\u00ed a namiesto neho sa bude venova\u0165 aktu\u00e1lnej t\u00e9me. V \u010dase bez soci\u00e1lnych siet\u00ed, dne\u0161n\u00fdch mo\u017enost\u00ed internetu \u010di umelej inteligencie sa telev\u00edzna pr\u00e1ca robila \u00faplne inak. \u201eU\u010dili sme sa za pochodu. Tak\u00ed sme boli. Tak\u00e1 bola Mark\u00edza: Navz\u00e1jom sme sa u\u010dili,\u201c zaspom\u00ednala si Me\u010diarov\u00e1. Pr\u00e1ve v telev\u00edzii pod\u013ea vlastn\u00fdch slov dospela, za\u017eila \u00faspechy, rados\u0165, ale aj sklamania.<\/p>\n<p>Objavila sa v Teler\u00e1ne, rel\u00e1ci\u00e1ch Doma s Mark\u00edzou, Po\u010dasie \u010di Reflex a z kolegov sa v mnoh\u00fdch pr\u00edpadoch stali jej celo\u017eivotn\u00ed priatelia. Jej telev\u00edzna kapitola sa uzavrela na konci roka 2013. V tom obdob\u00ed Mark\u00edza prist\u00fapila k zmen\u00e1m v rel\u00e1cii Reflex a Me\u010diarov\u00e1 sa s obrazovkami rozl\u00fa\u010dila. Po odchode z telev\u00edzie sa postupne stiahla z intenz\u00edvneho medi\u00e1lneho \u017eivota a venovala sa aj podnikaniu a \u010fal\u0161\u00edm aktivit\u00e1m mimo kamier. Napriek tomu na roky str\u00e1ven\u00e9 v Mark\u00edze o\u010dividne nezanevrela.<\/p>\n<p>Pri okr\u00fahlom v\u00fdro\u010d\u00ed telev\u00edzii adresovala emot\u00edvne po\u010fakovanie a priznala, \u017ee pr\u00e1ve tam sa formovala nielen ako moder\u00e1torka, ale aj ako \u010dlovek. \u201eVe\u013ea zo m\u0148a vzniklo pr\u00e1ve tam,\u201c nap\u00edsala Me\u010diarov\u00e1, ktor\u00e1 dnes svoje sk\u00fasenosti odovzd\u00e1va \u010falej \u0161tudentom aj klientom. Na roky pred kamerami jej tak zostalo mno\u017estvo spomienok \u2013 a ako sama s humorom dodala, aj \u201ecelkom slu\u0161n\u00e9 kruhy pod o\u010dami\u201c.<\/p>\n<p>\t\tHlasovanie ukon\u010den\u00e9<\/p>\n<p>\t\t\t\t{{ poll.title }}<\/p>\n<p>\t\t\t\t\t<img :alt=\"pollImageDescription()\" :src=\"https:\/\/www.topky.sk\/cl\/100313\/9483879\/poll.img_url\" class=\"box-quiz-new-image-questionnaire\"\/><\/p>\n<p>{{ poll.image_description }} (Zdroj: {{ poll.image_resource }})<\/p>\n<p>\t\t\t\t\t\t\t\t\t\t\t<img :alt=\"questionImageDescription(question)\" :src=\"https:\/\/www.topky.sk\/cl\/100313\/9483879\/question.img_url\" class=\"box-quiz-new-image-top\"\/><\/p>\n<p>Zdroj: {{ question.image_resource }}<\/p>\n<p>\n\t\t\t\t\t\t\t\t\t\t\t{{ question.text }}\n\t\t\t\t\t\t\t\t\t\t<\/p>\n<p>{{ question.text }}<\/p>\n<p>\t\t\t\t\t\t\t\t\t\t\t\t\t\t<img :alt=\"questionImageDescription(question)\" :src=\"https:\/\/www.topky.sk\/cl\/100313\/9483879\/question.img_url\" class=\"box-quiz-new-image-top\"\/><\/p>\n<p>Zdroj: {{ question.image_resource }}<\/p>\n<p>{{ poll.title }}<\/p>\n<p>{{ question.text }}<\/p>\n<p>\t\t\t\t\t\t\t\t\t\t\t\t\t\t<img :alt=\"questionImageDescription(question)\" :src=\"https:\/\/www.topky.sk\/cl\/100313\/9483879\/question.img_url\" class=\"box-quiz-new-image-top\"\/><\/p>\n<p>Zdroj: {{ question.image_resource }}<\/p>\n<p>{{ poll.rating_worst}}<\/p>\n<p>{{ poll.rating_best}}<\/p>\n<p>{{ poll.rating_best}}<\/p>\n<p>{{ poll.rating_worst}}<\/p>\n<p>\t\t\t\t\t\t\t\t\t\t\t\t\t{{ answer.text }}<\/p>\n<p>\t\t\t\t\t\t\t\t\t\t\t\t\t{{ answer.text }}<\/p>\n<p>\t\t\t\t\t{{ poll.title }}<\/p>\n<p v-if=\"poll.contact_form\">{{ poll.thanks }}<\/p>\n<p>{{ question.text }}<\/p>\n<p>\t\t\t\t\t\t\t\t\t<img :alt=\"questionImageDescription(question)\" :src=\"https:\/\/www.topky.sk\/cl\/100313\/9483879\/question.img_url\" class=\"box-quiz-new-image-top\"\/><\/p>\n<p>Zdroj: {{ question.image_resource }}<\/p>\n<p>Priemern\u00e9 hodnotenie: {{ question.rating }}<\/p>\n<p> Va\u0161e hodnotenie: {{ question.user_rating }}<\/p>\n<p>{{ question.text }}<\/p>\n<p>\t\t\t\t\t\t\t\t\t<img :alt=\"questionImageDescription(question)\" :src=\"https:\/\/www.topky.sk\/cl\/100313\/9483879\/question.img_url\" class=\"box-quiz-new-image-top\"\/><\/p>\n<p>Zdroj: {{ question.image_resource }}<\/p>\n<p>{{ poll.rating_worst}}<\/p>\n<p>{{ poll.rating_best}}<\/p>\n<p>{{ poll.rating_best}}<\/p>\n<p>{{ poll.rating_worst}}<\/p>\n<p>Priemern\u00e9 hodnotenie: {{ question.rating }}<\/p>\n<p> Va\u0161e hodnotenie: {{ question.user_rating }}<\/p>\n<p>Hlasovalo: {{questions[0].votes}}<\/p>\n<p>\t\t\t\t\t\t{{ poll.title }}<\/p>\n<p>\t\t\t\t\t\t\t<img :alt=\"pollImageDescription()\" :src=\"https:\/\/www.topky.sk\/cl\/100313\/9483879\/poll.img_url\" class=\"box-quiz-new-image-questionnaire\"\/><\/p>\n<p>{{ poll.image_description }} (Zdroj: {{ poll.image_resource }})<\/p>\n<p>{{ qIndex+1 }}\/{{ questions.length }}<\/p>\n<p>\t\t\t\t\t\t\t\t\t<img :alt=\"questionImageDescription(question)\" :src=\"https:\/\/www.topky.sk\/cl\/100313\/9483879\/question.img_url\" class=\"box-quiz-new-image-top\"\/><br \/>\n\t\t\t\t\t\t\t\t\t<a class=\"box-quiz-new-magnifier\" href=\"#\" title=\"Zv\u00e4\u010d\u0161i\u0165 obr\u00e1zok\">\u00a0<\/a><\/p>\n<p>Zdroj: {{ question.image_resource }}<\/p>\n<p>{{ question.text }}<\/p>\n<p>M\u00f4\u017eete ozna\u010di\u0165 viacero odpoved\u00ed.<\/p>\n<p class=\"profile-name\">{{ profiles[profileEvalueated.index].name }}<\/p>\n<p v-if=\"poll.show_profiles_percentage\">Zhoda: {{ profileEvalueated.weightPercentage }}%<\/p>\n<p>\t\t\t\t\t\t\t\t\t<img :alt=\"profiles[profileEvalueated.index].image_description\" :src=\"https:\/\/www.topky.sk\/cl\/100313\/9483879\/profiles[profileEvalueated.index].img_url\" class=\"box-quiz-new-image-questionnaire\"\/><\/p>\n<p>{{ profiles[profileEvalueated.index].image_description }} (Zdroj: {{ profiles[profileEvalueated.index].image_resource }})<\/p>\n<p><\/p>\n<p>\t\t\t\t\t\t\t\u00d7<br \/>\n\t\t\t\t\t\t\t<img :alt=\"imageModal.imgDescription\" :src=\"https:\/\/www.topky.sk\/cl\/100313\/9483879\/imageModal.imgUrl\" :style=\"isEmbed ? computeModalImageStyle() : ''\"\/><\/p>\n","protected":false},"excerpt":{"rendered":"BRATISLAVA &#8211; Martina Me\u010diarov\u00e1 patrila dlh\u00e9 roky k zn\u00e1mym tv\u00e1ram Mark\u00edzy. Pri pr\u00edle\u017eitosti 30. v\u00fdro\u010dia telev\u00edzie si zaspom\u00ednala&hellip;\n","protected":false},"author":2,"featured_media":169235,"comment_status":"","ping_status":"","sticky":false,"template":"","format":"standard","meta":{"footnotes":"","_share_on_mastodon":"0"},"categories":[32],"tags":[34,37,48069,33,43,40,39,42,41,36,38,35,252],"class_list":["post-169234","post","type-post","status-publish","format-standard","has-post-thumbnail","category-spravy","tag-headlines","tag-hlavne-spravy","tag-martina-meciarova","tag-news","tag-sk","tag-slovak","tag-slovakia","tag-slovencina","tag-slovensko","tag-spravy","tag-titulky","tag-top-stories","tag-tv-markiza"],"share_on_mastodon":{"url":"https:\/\/pubeurope.com\/@sk\/117206326185323307","error":""},"_links":{"self":[{"href":"https:\/\/www.europesays.com\/sk\/wp-json\/wp\/v2\/posts\/169234","targetHints":{"allow":["GET"]}}],"collection":[{"href":"https:\/\/www.europesays.com\/sk\/wp-json\/wp\/v2\/posts"}],"about":[{"href":"https:\/\/www.europesays.com\/sk\/wp-json\/wp\/v2\/types\/post"}],"author":[{"embeddable":true,"href":"https:\/\/www.europesays.com\/sk\/wp-json\/wp\/v2\/users\/2"}],"replies":[{"embeddable":true,"href":"https:\/\/www.europesays.com\/sk\/wp-json\/wp\/v2\/comments?post=169234"}],"version-history":[{"count":0,"href":"https:\/\/www.europesays.com\/sk\/wp-json\/wp\/v2\/posts\/169234\/revisions"}],"wp:featuredmedia":[{"embeddable":true,"href":"https:\/\/www.europesays.com\/sk\/wp-json\/wp\/v2\/media\/169235"}],"wp:attachment":[{"href":"https:\/\/www.europesays.com\/sk\/wp-json\/wp\/v2\/media?parent=169234"}],"wp:term":[{"taxonomy":"category","embeddable":true,"href":"https:\/\/www.europesays.com\/sk\/wp-json\/wp\/v2\/categories?post=169234"},{"taxonomy":"post_tag","embeddable":true,"href":"https:\/\/www.europesays.com\/sk\/wp-json\/wp\/v2\/tags?post=169234"}],"curies":[{"name":"wp","href":"https:\/\/api.w.org\/{rel}","templated":true}]}}