{"id":169238,"date":"2026-09-03T09:10:15","date_gmt":"2026-09-03T09:10:15","guid":{"rendered":"https:\/\/www.europesays.com\/sk\/169238\/"},"modified":"2026-09-03T09:10:15","modified_gmt":"2026-09-03T09:10:15","slug":"muz-ukradol-hodinky-vo-fitnescentre-v-bratislave-skoda-je-45-000-eur-2","status":"publish","type":"post","link":"https:\/\/www.europesays.com\/sk\/169238\/","title":{"rendered":"Mu\u017e ukradol hodinky vo fitnescentre v Bratislave: \u0160koda je 45.000 eur"},"content":{"rendered":"<p>Bratislava 3. septembra (TASR) &#8211; Policajti vy\u0161etruj\u00fa augustov\u00fa kr\u00e1de\u017e vo fitnescentre v Bratislave. P\u00e1traj\u00fa po toto\u017enosti jednej osoby a verejnos\u0165 v tejto s\u00favislosti \u017eiadaj\u00fa o pomoc. Informovala o tom bratislavsk\u00e1 krajsk\u00e1 pol\u00edcia na soci\u00e1lnej sieti.<\/p>\n<p>\u201eZlo\u010dinu kr\u00e1de\u017ee sa dopustil doposia\u013e nezn\u00e1my p\u00e1chate\u013e v priestoroch \u0161atn\u00ed fitnescentra na Pribinovej ulici d\u0148a 31. augusta tohto roka v \u010dase od 9.00 h do pribli\u017ene 10.45 h. Nezn\u00e1my p\u00e1chate\u013e tam doposia\u013e nezisten\u00fdm sp\u00f4sobom odcudzil z riadne uzamknutej skrinky hodinky. Svoj\u00edm konan\u00edm tak sp\u00f4sobil po\u0161koden\u00e9mu \u0161kodu v celkovej v\u00fd\u0161ke 45.000 eur,\u201c pribl\u00ed\u017eila.<\/p>\n<p>Pol\u00edcia v tejto s\u00favislosti \u013eud\u00ed vyzvala, aby v pr\u00edpade, ak maj\u00fa inform\u00e1cie o osobe, ktorej fotografie zverejnila na soci\u00e1lnej sieti, ju kontaktovali.<\/p>\n","protected":false},"excerpt":{"rendered":"Bratislava 3. septembra (TASR) &#8211; Policajti vy\u0161etruj\u00fa augustov\u00fa kr\u00e1de\u017e vo fitnescentre v Bratislave. P\u00e1traj\u00fa po toto\u017enosti jednej osoby&hellip;\n","protected":false},"author":2,"featured_media":169239,"comment_status":"","ping_status":"","sticky":false,"template":"","format":"standard","meta":{"footnotes":"","_share_on_mastodon":"0"},"categories":[21],"tags":[136,35287,298,453,525,43,40,39,42,41],"class_list":["post-169238","post","type-post","status-publish","format-standard","has-post-thumbnail","category-bratislava","tag-bratislava","tag-fitnescentrum","tag-kradez","tag-patranie","tag-policia","tag-sk","tag-slovak","tag-slovakia","tag-slovencina","tag-slovensko"],"share_on_mastodon":{"url":"https:\/\/pubeurope.com\/@sk\/117206333875002458","error":""},"_links":{"self":[{"href":"https:\/\/www.europesays.com\/sk\/wp-json\/wp\/v2\/posts\/169238","targetHints":{"allow":["GET"]}}],"collection":[{"href":"https:\/\/www.europesays.com\/sk\/wp-json\/wp\/v2\/posts"}],"about":[{"href":"https:\/\/www.europesays.com\/sk\/wp-json\/wp\/v2\/types\/post"}],"author":[{"embeddable":true,"href":"https:\/\/www.europesays.com\/sk\/wp-json\/wp\/v2\/users\/2"}],"replies":[{"embeddable":true,"href":"https:\/\/www.europesays.com\/sk\/wp-json\/wp\/v2\/comments?post=169238"}],"version-history":[{"count":0,"href":"https:\/\/www.europesays.com\/sk\/wp-json\/wp\/v2\/posts\/169238\/revisions"}],"wp:featuredmedia":[{"embeddable":true,"href":"https:\/\/www.europesays.com\/sk\/wp-json\/wp\/v2\/media\/169239"}],"wp:attachment":[{"href":"https:\/\/www.europesays.com\/sk\/wp-json\/wp\/v2\/media?parent=169238"}],"wp:term":[{"taxonomy":"category","embeddable":true,"href":"https:\/\/www.europesays.com\/sk\/wp-json\/wp\/v2\/categories?post=169238"},{"taxonomy":"post_tag","embeddable":true,"href":"https:\/\/www.europesays.com\/sk\/wp-json\/wp\/v2\/tags?post=169238"}],"curies":[{"name":"wp","href":"https:\/\/api.w.org\/{rel}","templated":true}]}}