{"id":169250,"date":"2026-09-03T09:22:11","date_gmt":"2026-09-03T09:22:11","guid":{"rendered":"https:\/\/www.europesays.com\/sk\/169250\/"},"modified":"2026-09-03T09:22:11","modified_gmt":"2026-09-03T09:22:11","slug":"pravdivy-pribeh-kvoli-intrigam-mojej-mamy-sa-nasa-rodina-uplne-rozpadla","status":"publish","type":"post","link":"https:\/\/www.europesays.com\/sk\/169250\/","title":{"rendered":"Pravdiv\u00fd PR\u00cdBEH: Kv\u00f4li intrig\u00e1m mojej mamy sa na\u0161a rodina \u00faplne rozpadla"},"content":{"rendered":"<p>Nikdy som si nemyslela, \u017ee raz budem musie\u0165 obmedzi\u0165 kontakt s vlastnou mamou. Roky som sa sna\u017eila udr\u017ea\u0165 v rodine pokoj a dobr\u00e9 vz\u0165ahy, no postupne som mala pocit, \u017ee je to takmer nemo\u017en\u00e9. Sta\u010dilo, aby som pred mamou povedala oby\u010dajn\u00fa vetu, a o p\u00e1r dn\u00ed som rie\u0161ila h\u00e1dku s niek\u00fdm z rodiny. Moje slov\u00e1 toti\u017e pod\u013ea m\u0148a \u010dasto prekr\u00facala a stavala n\u00e1s proti sebe.<\/p>\n<p>S mamou som mala v\u017edy trochu komplikovan\u00fd vz\u0165ah. Nikdy by mi v\u0161ak nenapadlo, \u017ee pr\u00edde de\u0148, ke\u010f si budem musie\u0165 premyslie\u0165 ka\u017ed\u00fa jednu vec, ktor\u00fa jej poviem. \u010coraz \u010dastej\u0161ie sa toti\u017e st\u00e1valo, \u017ee som sa s niek\u00fdm z rodiny poh\u00e1dala pre nie\u010do, \u010do som \u00fadajne povedala. Probl\u00e9m bol v tom, \u017ee som ni\u010d tak\u00e9 nepovedala.<\/p>\n<p>Mohlo by v\u00e1s zauj\u00edma\u0165:<\/p>\n<p>Reklama<\/p>\n<p>Ned\u00e1vno mi napr\u00edklad zavolala sestra. Bola nahnevan\u00e1 a vy\u010d\u00edtala mi veci, ktor\u00e9 som o nej vraj povedala. Hne\u010f som vedela, odkia\u013e vietor f\u00faka. \u201eZase za t\u00fdm bola mama a vymyslela si \u010fal\u0161iu lo\u017e,\u201c pomyslela som si. Najhor\u0161ie na tom bolo, \u017ee ma to u\u017e vlastne ani neprekvapovalo.<\/p>\n<p>Raz som sa pred mamou zmienila o svojej sesternici. Povedala som iba, \u017ee sa mi ve\u013emi nep\u00e1\u010di jej \u00fa\u010des a \u017ee by som si sama zvolila in\u00fd. Mama jej v\u0161ak pod\u013ea m\u00f4jho n\u00e1zoru nesk\u00f4r zavolala a moje slov\u00e1 jej podala \u00faplne inak. Zrazu to vyzeralo, akoby som ju kritizovala a tvrdila, \u017ee jej \u00fa\u010des v\u00f4bec nepristane.<\/p>\n<p>Podobn\u00fa sk\u00fasenos\u0165 som mala aj so sestrou. Raz som povedala, \u017ee by som nechcela doch\u00e1dza\u0165 do pr\u00e1ce pol hodiny vlakom. Pre m\u0148a by to jednoducho bolo pr\u00edli\u0161 ve\u013ea \u010dasu str\u00e1ven\u00e9ho cestovan\u00edm. Mama to v\u0161ak pod\u013ea m\u0148a podala tak, akoby som odsudzovala sestru za jej pr\u00e1cu. Op\u00e4\u0165 vznikla h\u00e1dka.<\/p>\n<p>Postupne som preto za\u010dala prem\u00fd\u0161\u013ea\u0165, \u010do pred mamou v\u00f4bec m\u00f4\u017eem poveda\u0165. Mala som pocit, \u017ee \u010doko\u013evek jej poviem, m\u00f4\u017ee sa ku mne nesk\u00f4r vr\u00e1ti\u0165 v \u00faplne inej podobe.<\/p>\n<p>Jedn\u00e9ho d\u0148a mi do\u0161la trpezlivos\u0165. Nechcela som sa \u010falej h\u00e1da\u0165 so s\u00farodencami a ostatn\u00fdmi pr\u00edbuzn\u00fdmi. Chcela som vedie\u0165, pre\u010do medzi nami neust\u00e1le vznikaj\u00fa konflikty. Op\u00fdtala som sa jej teda priamo: \u201eMami, pre\u010do to rob\u00ed\u0161? Pre\u010do si neust\u00e1le vym\u00fd\u0161\u013ea\u0161 a nerozo\u0161tv\u00e1va\u0161 svoje deti proti sebe? Ty ako mama nechce\u0161, aby tvoje dc\u00e9ry mali pekn\u00fd vz\u0165ah?\u201c<\/p>\n<p>\u010cakala som, \u017ee sa nad t\u00fdm zamysl\u00ed. Mo\u017eno prizn\u00e1, \u017ee niektor\u00e9 veci prehnala. Nestalo sa. V\u0161etko poprela. Tvrdila, \u017ee nikoho proti nikomu ne\u0161tve a \u017ee n\u00e1s m\u00e1 v\u0161etky rada. Dokonca mi povedala, \u017ee som pr\u00edli\u0161 nerv\u00f3zna a mala by som viac odpo\u010d\u00edva\u0165. Vtedy som pochopila, \u017ee \u010fal\u0161ia h\u00e1dka nikam nepovedie.<\/p>\n<p>Rozhodla som sa preto urobi\u0165 nie\u010do, \u010do som si kedysi nevedela predstavi\u0165. Za\u010dala som si od mamy dr\u017ea\u0165 odstup. Rozhodla som sa kv\u00f4li svojmu psychick\u00e9mu zdraviu, \u017ee sa s mamou budem rozpr\u00e1va\u0165 u\u017e len o form\u00e1lnych veciach. Ke\u010f sa stretneme, m\u00f4\u017eeme sa porozpr\u00e1va\u0165 o po\u010das\u00ed, o rastlin\u00e1ch, o dom\u00e1cnosti alebo o \u00faplne be\u017en\u00fdch veciach. O rodine sa rad\u0161ej nebav\u00edme.<\/p>\n<p>Mo\u017eno to znie zvl\u00e1\u0161tne. Je predsa smutn\u00e9, ke\u010f sa dc\u00e9ra so svojou vlastnou mamou nem\u00f4\u017ee porozpr\u00e1va\u0165 o tom, \u010do sa deje v rodine. Pre m\u0148a je to v\u0161ak v s\u00fa\u010dasnosti jedin\u00fd sp\u00f4sob, ako si zachova\u0165 pokoj.<\/p>\n<p>Ani moje rozhodnutie v\u0161ak nezostalo bez n\u00e1sledkov. Mama za\u010dala pred ostatn\u00fdmi hovori\u0165, \u017ee som sa k nej oto\u010dila chrbtom a \u017ee som zl\u00e1 dc\u00e9ra. Bolelo ma to. Ve\u010f som ju neopustila. Ke\u010f potrebuje pomoc, som tu pre \u0148u. Pom\u00f4\u017eem jej s n\u00e1kupom, upratovan\u00edm alebo s t\u00fdm, \u010do potrebuje. Len u\u017e nechcem by\u0165 s\u00fa\u010das\u0165ou konfliktov, ktor\u00e9 pod\u013ea m\u0148a sama vytv\u00e1ra.<\/p>\n<p>Nakoniec v\u0161ak nejde iba o m\u00f4j vz\u0165ah s mamou. Najviac ma tr\u00e1pi, \u017ee sa postupne rozpadli aj vz\u0165ahy medzi ostatn\u00fdmi \u010dlenmi na\u0161ej rodiny. \u013dudia sa za\u010dali h\u00e1da\u0165, obvi\u0148ova\u0165 a vysvet\u013eova\u0165 si veci, ktor\u00e9 pod\u013ea m\u0148a v\u00f4bec nemuseli vznikn\u00fa\u0165.<\/p>\n<p>Nikomu predsa nie je pr\u00edjemn\u00e9, ke\u010f sa mus\u00ed obhajova\u0165 za nie\u010do, \u010do nepovedal. Aj ja som sa takto c\u00edtila nespo\u010detnekr\u00e1t. Kedysi sme boli rodina, ktor\u00e1 dr\u017eala spolu. Dnes si niektor\u00ed z n\u00e1s d\u00e1vaj\u00fa pozor na to, \u010do pred k\u00fdm povedia. A pr\u00e1ve to ma bol\u00ed najviac.<\/p>\n<p>\u010casto mysl\u00edm aj na svojho otca. S mamou \u017eije u\u017e takmer p\u00e4\u0165desiat rokov. Ke\u010f sa na nich \u010dlovek pozrie zvonku, mo\u017eno by ani netu\u0161il, \u017ee v rodine m\u00e1me tak\u00e9to probl\u00e9my. Rozpr\u00e1vaj\u00fa sa, sedia spolu v z\u00e1hrade, pij\u00fa k\u00e1vu a smej\u00fa sa. Niekedy preto prem\u00fd\u0161\u013eam, ako to otec cel\u00e9 tie roky zvl\u00e1da. Mo\u017eno si ka\u017ed\u00fd z n\u00e1s jednoducho na\u0161iel vlastn\u00fd sp\u00f4sob, ako s mamou vych\u00e1dza\u0165.<\/p>\n<p>Dnes u\u017e viem, \u017ee svoju mamu nezmen\u00edm. Nem\u00f4\u017eem ju prin\u00fati\u0165, aby si priznala svoje chyby, ani nem\u00f4\u017eem ovplyvni\u0165, \u010do o mne povie ostatn\u00fdm. M\u00f4\u017eem v\u0161ak rozhodova\u0165 o tom, \u010do jej poviem a do ak\u00fdch rozhovorov sa zapoj\u00edm. Preto som si nastavila hranice. Nie preto, \u017ee by som ju prestala ma\u0165 rada, ale preto, \u017ee u\u017e nechcem, aby ma rodinn\u00e9 konflikty ni\u010dili.<\/p>\n<p>Mo\u017eno sa raz na\u0161e vz\u0165ahy zlep\u0161ia. Mo\u017eno nie. Dnes v\u0161ak viem jedno \u2013\u00a0niekedy je odstup jedin\u00fd sp\u00f4sob, ako si \u010dlovek m\u00f4\u017ee zachova\u0165 pokoj, aj ke\u010f ide o \u010dloveka, ktor\u00e9ho m\u00e1 najrad\u0161ej.<\/p>\n<p><a class=\"fasc-button fasc-size-medium fasc-type-flat fasc-ico-before dashicons-camera\" style=\"background-color: #fdda38; color: #0a0a0a;\" href=\"https:\/\/www.facebook.com\/plnielanu\/\" rel=\"nofollow noopener\" target=\"_blank\">Sledujte n\u00e1\u0161 Facebook<\/a><\/p>\n","protected":false},"excerpt":{"rendered":"Nikdy som si nemyslela, \u017ee raz budem musie\u0165 obmedzi\u0165 kontakt s vlastnou mamou. Roky som sa sna\u017eila udr\u017ea\u0165&hellip;\n","protected":false},"author":2,"featured_media":169251,"comment_status":"","ping_status":"","sticky":false,"template":"","format":"standard","meta":{"footnotes":"","_share_on_mastodon":"0"},"categories":[32],"tags":[34,37,33,983,43,40,39,42,41,36,38,35],"class_list":["post-169250","post","type-post","status-publish","format-standard","has-post-thumbnail","category-spravy","tag-headlines","tag-hlavne-spravy","tag-news","tag-pravda-alebo-loz","tag-sk","tag-slovak","tag-slovakia","tag-slovencina","tag-slovensko","tag-spravy","tag-titulky","tag-top-stories"],"share_on_mastodon":{"url":"https:\/\/pubeurope.com\/@sk\/117206381062491352","error":""},"_links":{"self":[{"href":"https:\/\/www.europesays.com\/sk\/wp-json\/wp\/v2\/posts\/169250","targetHints":{"allow":["GET"]}}],"collection":[{"href":"https:\/\/www.europesays.com\/sk\/wp-json\/wp\/v2\/posts"}],"about":[{"href":"https:\/\/www.europesays.com\/sk\/wp-json\/wp\/v2\/types\/post"}],"author":[{"embeddable":true,"href":"https:\/\/www.europesays.com\/sk\/wp-json\/wp\/v2\/users\/2"}],"replies":[{"embeddable":true,"href":"https:\/\/www.europesays.com\/sk\/wp-json\/wp\/v2\/comments?post=169250"}],"version-history":[{"count":0,"href":"https:\/\/www.europesays.com\/sk\/wp-json\/wp\/v2\/posts\/169250\/revisions"}],"wp:featuredmedia":[{"embeddable":true,"href":"https:\/\/www.europesays.com\/sk\/wp-json\/wp\/v2\/media\/169251"}],"wp:attachment":[{"href":"https:\/\/www.europesays.com\/sk\/wp-json\/wp\/v2\/media?parent=169250"}],"wp:term":[{"taxonomy":"category","embeddable":true,"href":"https:\/\/www.europesays.com\/sk\/wp-json\/wp\/v2\/categories?post=169250"},{"taxonomy":"post_tag","embeddable":true,"href":"https:\/\/www.europesays.com\/sk\/wp-json\/wp\/v2\/tags?post=169250"}],"curies":[{"name":"wp","href":"https:\/\/api.w.org\/{rel}","templated":true}]}}