{"id":169272,"date":"2026-09-03T09:49:10","date_gmt":"2026-09-03T09:49:10","guid":{"rendered":"https:\/\/www.europesays.com\/sk\/169272\/"},"modified":"2026-09-03T09:49:10","modified_gmt":"2026-09-03T09:49:10","slug":"hasici-bojuju-s-poziarom-lesa-v-juznej-casti-slovenskeho-raja","status":"publish","type":"post","link":"https:\/\/www.europesays.com\/sk\/169272\/","title":{"rendered":"Hasi\u010di bojuj\u00fa s po\u017eiarom lesa v ju\u017enej \u010dasti Slovensk\u00e9ho raja"},"content":{"rendered":"<p>SPI\u0160SK\u00c1 NOV\u00c1 VES &#8211; Hasi\u010di od stredy (2. 9.) bojuj\u00fa s po\u017eiarom lesa v sedle Pukanec na ju\u017enom okraji Slovensk\u00e9ho raja. Potvrdil to hovorca Krajsk\u00e9ho riadite\u013estva Hasi\u010dsk\u00e9ho a z\u00e1chrann\u00e9ho zboru v Ko\u0161iciach Jozef B\u00e1lint s t\u00fdm, \u017ee na hasenie nasadili aj vrtu\u013en\u00edk. Na mieste zasahuj\u00fa profesion\u00e1li, dobrovo\u013en\u00ed hasi\u010di, modul pozemn\u00e9ho hasenia V\u00fdchod a tie\u017e zamestnanci lesnej spr\u00e1vy. Po\u017eiar nahl\u00e1sili v stredu popoludn\u00ed, pri\u010dom hasi\u010dom sa ho st\u00e1le nepodarilo lokalizova\u0165.<\/p>\n<p>Hovorca uviedol, \u017ee aktu\u00e1lne hor\u00ed plocha ihli\u010dnat\u00e9ho lesa o rozmeroch pribli\u017ene 200 kr\u00e1t 200 metrov. \u201eV stredu kr\u00e1tko po 15.00 h bolo nahl\u00e1sen\u00e9 zadymenie z lesa medzi obcami Mlynky a Novovesk\u00e1 Huta. Pr\u00edslu\u0161n\u00edci vykonali prieskum aj pomocou hasi\u010dsk\u00e9ho dronu, po\u017eiar bol lokalizovan\u00fd v oblasti sedla Pukanec a hor\u00ed v \u0165a\u017eko pr\u00edstupnom ter\u00e9ne,\u201c pribl\u00ed\u017eil B\u00e1lint. V stredu podve\u010der nasadili do hasenia aj dva vrtu\u013en\u00edky. Na mieste aktu\u00e1lne zasahuj\u00fa profesion\u00e1li s viac ako desiatimi kusmi techniky a tie\u017e p\u00e4\u0165 dobrovo\u013en\u00fdch zborov z okolit\u00fdch obc\u00ed. Op\u00e4\u0165 by mal po\u010das d\u0148a do hasenia zasiahnu\u0165 aj vrtu\u013en\u00edk.<\/p>\n<p>Po\u017eiar pod\u013ea hovorcu moment\u00e1lne nie je lokalizovan\u00fd, \u010falej sa \u0161\u00edri a prebieha jeho likvid\u00e1cia. \u201eNa mieste spolupracujeme aj so zamestnancami lesov, ktor\u00ed pomocou \u0165a\u017ekej techniky rozhrab\u00e1vaj\u00fa ter\u00e9n a sna\u017eia sa n\u00e1m spravi\u0165 pr\u00edstupov\u00e9 cesty pre hasi\u010dsk\u00fa techniku. M\u00e1me tam zriaden\u00e9 aj dva vodn\u00e9 zdroje, odkia\u013e \u010derp\u00e1me vodu, to s\u00fa miestne lok\u00e1lne rybn\u00edky,\u201c dodal.<\/p>\n","protected":false},"excerpt":{"rendered":"SPI\u0160SK\u00c1 NOV\u00c1 VES &#8211; Hasi\u010di od stredy (2. 9.) bojuj\u00fa s po\u017eiarom lesa v sedle Pukanec na ju\u017enom&hellip;\n","protected":false},"author":2,"featured_media":169273,"comment_status":"","ping_status":"","sticky":false,"template":"","format":"standard","meta":{"footnotes":"","_share_on_mastodon":"0"},"categories":[6],"tags":[150,9152,147,43,40,44,39,42,45,41,27420,5086],"class_list":["post-169272","post","type-post","status-publish","format-standard","has-post-thumbnail","category-slovensko","tag-hasici","tag-les","tag-poziar","tag-sk","tag-slovak","tag-slovak-republic","tag-slovakia","tag-slovencina","tag-slovenska-republika","tag-slovensko","tag-slovensky-raj","tag-zasah"],"share_on_mastodon":{"url":"https:\/\/pubeurope.com\/@sk\/117206487131460998","error":""},"_links":{"self":[{"href":"https:\/\/www.europesays.com\/sk\/wp-json\/wp\/v2\/posts\/169272","targetHints":{"allow":["GET"]}}],"collection":[{"href":"https:\/\/www.europesays.com\/sk\/wp-json\/wp\/v2\/posts"}],"about":[{"href":"https:\/\/www.europesays.com\/sk\/wp-json\/wp\/v2\/types\/post"}],"author":[{"embeddable":true,"href":"https:\/\/www.europesays.com\/sk\/wp-json\/wp\/v2\/users\/2"}],"replies":[{"embeddable":true,"href":"https:\/\/www.europesays.com\/sk\/wp-json\/wp\/v2\/comments?post=169272"}],"version-history":[{"count":0,"href":"https:\/\/www.europesays.com\/sk\/wp-json\/wp\/v2\/posts\/169272\/revisions"}],"wp:featuredmedia":[{"embeddable":true,"href":"https:\/\/www.europesays.com\/sk\/wp-json\/wp\/v2\/media\/169273"}],"wp:attachment":[{"href":"https:\/\/www.europesays.com\/sk\/wp-json\/wp\/v2\/media?parent=169272"}],"wp:term":[{"taxonomy":"category","embeddable":true,"href":"https:\/\/www.europesays.com\/sk\/wp-json\/wp\/v2\/categories?post=169272"},{"taxonomy":"post_tag","embeddable":true,"href":"https:\/\/www.europesays.com\/sk\/wp-json\/wp\/v2\/tags?post=169272"}],"curies":[{"name":"wp","href":"https:\/\/api.w.org\/{rel}","templated":true}]}}