{"id":169274,"date":"2026-09-03T09:50:10","date_gmt":"2026-09-03T09:50:10","guid":{"rendered":"https:\/\/www.europesays.com\/sk\/169274\/"},"modified":"2026-09-03T09:50:10","modified_gmt":"2026-09-03T09:50:10","slug":"poslankynu-vladimiru-marcinkovu-pobodala-osa-a-musi-rusit-verejne-vystupenia","status":"publish","type":"post","link":"https:\/\/www.europesays.com\/sk\/169274\/","title":{"rendered":"Poslanky\u0148u Vladim\u00edru Marcinkov\u00fa pobodala osa a mus\u00ed ru\u0161i\u0165 verejn\u00e9 vyst\u00fapenia"},"content":{"rendered":"<p>Poslanky\u0148u na konci leta pobodala osa.\t\t\t\t\t\t(Zdroj: Instagram\/vladimira.marcinko, Topky\/Vlado Anjel, gettyimages.com)\t\t\t\t\t<\/p>\n<p>BRATISLAVA &#8211; Koniec leta si zrejme vedela predstavi\u0165 podstatne pozit\u00edvnej\u0161ie. Prakticky p\u00e1r hod\u00edn po tom, \u010do odprevadila dc\u00e9ru na jej nov\u00fd \u0161kolsk\u00fd rok, sa poslankyni Vladim\u00edre Marcinkovej zo Slobody a Solidarity prihodila ve\u013ek\u00e1 smola. Pobodala ju osa a jej telo na to zareagovalo vidite\u013en\u00fdm opuchnut\u00edm v oblasti tv\u00e1re. Zn\u00e1ma blond\u00ednka zo SaSky tak mus\u00ed ru\u0161i\u0165 verejn\u00e9 vyst\u00fapenia, aspo\u0148 na ist\u00fd \u010das.<\/p>\n<p>Marcinkovej sa ne\u0161\u0165astn\u00e1 udalos\u0165 prihodila po\u010das ve\u010dera na ihrisku.<\/p>\n<p>Strach za volantom<\/p>\n<p>&#8222;U\u0161tipla ma osa na \u010dele. V noci sa mi za\u010dalo \u0165a\u017eko d\u00fdcha\u0165. R\u00e1no po liekoch trochu lep\u0161ie a v aute mi to progradovalo tak, \u017ee som odstavila na vozovke a rie\u0161ila, \u010do robi\u0165,&#8220;\u00a0pop\u00edsala dr\u00e1mu za volantom poslanky\u0148a. Dokonca verejnosti aspo\u0148 s\u010dasti uk\u00e1zala, ako teraz vyzer\u00e1 jej tv\u00e1r a opuch je zjavn\u00fd. Rozhodla sa to preto rie\u0161i\u0165 s odborn\u00ed\u010dkou.<\/p>\n<p>\t<a href=\"https:\/\/www.topky.sk\/gl\/9603865\/6584009\/Bodnutie-OSOU-a-nahly-strach-o-zivot--Poslankyna-SaS-skoncila-s-vazne-opuchnutou-tvarou-na-URGENTE\" rel=\"nofollow noopener\" target=\"_blank\"><br \/>\n\t\t<img decoding=\"async\" alt=\"Bodnutie OSOU a n\u00e1hly\" aria-describedby=\"img-res-6584009\" class=\"\" height=\"2842\" id=\"6584009\" loading=\"lazy\" onerror=\"imgArticleLoadErr(this)\" src=\"https:\/\/www.europesays.com\/sk\/wp-content\/uploads\/2026\/09\/osa-poslankyna-bodnutie-Vladimira-Marcinkova.jpg\" style=\"aspect-ratio:0.563\" title=\"Bodnutie OSOU a n\u00e1hly\" width=\"1600\"\/>\t\t\t<\/p>\n<p>\n\t\t\t\tZobrazi\u0165 gal\u00e9riu (2)\t\t\t<\/p>\n<p>\t<\/a><\/p>\n<p>\t\u00a0(Zdroj: Instagram\/vladimira.marcinko)<\/p>\n<p>Musela uteka\u0165 na urgent, rel\u00e1cie a tla\u010dovky ru\u0161\u00ed<\/p>\n<p>&#8222;Skon\u010dila som na urgente. A \u010fakujem svojej ko\u017enej, \u017ee ma tam poslala. Ja som si myslela, \u017ee hor\u0161ie ako v noci to u\u017e s odstupom \u010dasu by\u0165 nem\u00f4\u017ee. A verte, \u017ee m\u00f4\u017ee. Ove\u013ea hor\u0161ie,&#8220;\u00a0nap\u00edsala poslanky\u0148a, ktorej telo na pichnutie osou zareagovalo ve\u013ek\u00fdm opuchnut\u00edm v oblasti tv\u00e1re.<\/p>\n<p>Marcinkov\u00e1 v\u0161ak pokra\u010dovala s posolstvom pre ostatn\u00fdch. &#8222;P\u00ed\u0161em to sem, aby ste aj vy vedeli, \u017ee ke\u010f v\u00e1s u\u0161tipne osa alebo nie\u010do hor\u0161ie, reakcia sa m\u00f4\u017ee zhor\u0161ova\u0165 aj po \u010dase, nemus\u00ed nast\u00fapi\u0165 hne\u010f a m\u00f4\u017ee by\u0165 \u017eivotu nebezpe\u010dn\u00e1. Ja som to nevedela, u\u017e budem vedie\u0165 a sn\u00e1\u010f sa to zlep\u0161\u00ed,&#8220;\u00a0poradila verejnosti, pri\u010dom ist\u00fd \u010das sa nebude ukazova\u0165 na verejnosti.<\/p>\n<p>&#8222;Nateraz tla\u010dovky a rel\u00e1cie ru\u0161im, aby som nevydesila n\u00e1rod,&#8220;\u00a0za\u017eartovala zn\u00e1ma tv\u00e1r SaS.<\/p>\n","protected":false},"excerpt":{"rendered":"Poslanky\u0148u na konci leta pobodala osa. (Zdroj: Instagram\/vladimira.marcinko, Topky\/Vlado Anjel, gettyimages.com) BRATISLAVA &#8211; Koniec leta si zrejme vedela&hellip;\n","protected":false},"author":2,"featured_media":169275,"comment_status":"","ping_status":"","sticky":false,"template":"","format":"standard","meta":{"footnotes":"","_share_on_mastodon":"0"},"categories":[32],"tags":[14930,34,37,33,17569,19248,1343,43,7390,40,39,42,41,36,38,35,10666],"class_list":["post-169274","post","type-post","status-publish","format-standard","has-post-thumbnail","category-spravy","tag-bodnutie","tag-headlines","tag-hlavne-spravy","tag-news","tag-osa","tag-poslankyna","tag-sas","tag-sk","tag-sloboda-a-solidarita","tag-slovak","tag-slovakia","tag-slovencina","tag-slovensko","tag-spravy","tag-titulky","tag-top-stories","tag-vladimira-marcinkova"],"share_on_mastodon":{"url":"https:\/\/pubeurope.com\/@sk\/117206491462737418","error":""},"_links":{"self":[{"href":"https:\/\/www.europesays.com\/sk\/wp-json\/wp\/v2\/posts\/169274","targetHints":{"allow":["GET"]}}],"collection":[{"href":"https:\/\/www.europesays.com\/sk\/wp-json\/wp\/v2\/posts"}],"about":[{"href":"https:\/\/www.europesays.com\/sk\/wp-json\/wp\/v2\/types\/post"}],"author":[{"embeddable":true,"href":"https:\/\/www.europesays.com\/sk\/wp-json\/wp\/v2\/users\/2"}],"replies":[{"embeddable":true,"href":"https:\/\/www.europesays.com\/sk\/wp-json\/wp\/v2\/comments?post=169274"}],"version-history":[{"count":0,"href":"https:\/\/www.europesays.com\/sk\/wp-json\/wp\/v2\/posts\/169274\/revisions"}],"wp:featuredmedia":[{"embeddable":true,"href":"https:\/\/www.europesays.com\/sk\/wp-json\/wp\/v2\/media\/169275"}],"wp:attachment":[{"href":"https:\/\/www.europesays.com\/sk\/wp-json\/wp\/v2\/media?parent=169274"}],"wp:term":[{"taxonomy":"category","embeddable":true,"href":"https:\/\/www.europesays.com\/sk\/wp-json\/wp\/v2\/categories?post=169274"},{"taxonomy":"post_tag","embeddable":true,"href":"https:\/\/www.europesays.com\/sk\/wp-json\/wp\/v2\/tags?post=169274"}],"curies":[{"name":"wp","href":"https:\/\/api.w.org\/{rel}","templated":true}]}}