{"id":169298,"date":"2026-09-03T10:13:07","date_gmt":"2026-09-03T10:13:07","guid":{"rendered":"https:\/\/www.europesays.com\/sk\/169298\/"},"modified":"2026-09-03T10:13:07","modified_gmt":"2026-09-03T10:13:07","slug":"jose-mourinho-zavadza-v-reale-madrid-zeleznu-disciplinu","status":"publish","type":"post","link":"https:\/\/www.europesays.com\/sk\/169298\/","title":{"rendered":"Jos\u00e9 Mourinho zav\u00e1dza v Reale Madrid \u017eelezn\u00fa discipl\u00ednu"},"content":{"rendered":"<p>Nov\u00fd tr\u00e9ner Realu Madrid Jos\u00e9 Mourinho zav\u00e1dza v t\u00edme pr\u00edsne disciplin\u00e1rne opatrenia. Finan\u010dn\u00e9 sankcie za me\u0161kanie ru\u0161\u00ed a nahr\u00e1dza ich tvrd\u0161\u00edmi trestami, informuje Defensa Central.<\/p>\n<p>Pod\u013ea nov\u00fdch pravidiel riskuje ka\u017ed\u00fd futbalista, ktor\u00fd sa nedostav\u00ed v\u010das na tr\u00e9ning, vyl\u00fa\u010denie z tr\u00e9ningu s hlavnou skupinou. Namiesto toho bude poslan\u00fd na individu\u00e1lny tr\u00e9ning do posil\u0148ovne a n\u00e1sledne nemus\u00ed by\u0165 zaraden\u00fd do k\u00e1dra na nadch\u00e1dzaj\u00faci z\u00e1pas.<\/p>\n<p>Portugalsk\u00fd odborn\u00edk zaviedol po\u017eiadavku, aby hr\u00e1\u010di prich\u00e1dzali do tr\u00e9ningov\u00e9ho centra Valdebebas hodinu pred za\u010diatkom ka\u017ed\u00e9ho tr\u00e9ningu. Tr\u00e9nersk\u00fd \u0161t\u00e1b bude tie\u017e pr\u00edsnej\u0161ie kontrolova\u0165 procesy regener\u00e1cie a stravovac\u00ed re\u017eim futbalistov.<\/p>\n<p>V\u0161etky rehabilita\u010dn\u00e9 proced\u00fary po zraneniach sa bud\u00fa povinne vykon\u00e1va\u0165 v klubovej z\u00e1kladni, aj ke\u010f hr\u00e1\u010d vyu\u017e\u00edva slu\u017eby osobn\u00e9ho fyzioterapeuta. Di\u00e9ta hr\u00e1\u010dov bude tie\u017e plne v s\u00falade s odpor\u00fa\u010daniami klubov\u00fdch \u0161pecialistov.<\/p>\n<p>Mourinho sa vr\u00e1til na \u010delo \u201ebieleho baletu\u201c v lete 2026, pri\u010dom 63-ro\u010dn\u00fd tr\u00e9ner bol ofici\u00e1lne predstaven\u00fd 11. j\u00fana. Jeho zmluva je na tri sez\u00f3ny a plat\u00ed do 30. j\u00fana 2029.<\/p>\n<p>Ide o druh\u00fd anga\u017em\u00e1n Portugal\u010dana v Reale Madrid, ke\u010f\u017ee t\u00edm viedol u\u017e v rokoch 2010 a\u017e 2013. V tomto obdob\u00ed, v sez\u00f3ne 2011\/12, Mourinho priviedol t\u00edm k majstrovsk\u00e9mu titulu v \u0160panielsku, pri\u010dom dosiahol rekordn\u00fdch 100 bodov v lige.<\/p>\n","protected":false},"excerpt":{"rendered":"Nov\u00fd tr\u00e9ner Realu Madrid Jos\u00e9 Mourinho zav\u00e1dza v t\u00edme pr\u00edsne disciplin\u00e1rne opatrenia. Finan\u010dn\u00e9 sankcie za me\u0161kanie ru\u0161\u00ed a&hellip;\n","protected":false},"author":2,"featured_media":169299,"comment_status":"","ping_status":"","sticky":false,"template":"","format":"standard","meta":{"footnotes":"","_share_on_mastodon":"0"},"categories":[13],"tags":[19951,5470,2317,43,40,39,42,41,69,68],"class_list":["post-169298","post","type-post","status-publish","format-standard","has-post-thumbnail","category-sport","tag-jose-mourinho","tag-laliga","tag-real-madrid-cf","tag-sk","tag-slovak","tag-slovakia","tag-slovencina","tag-slovensko","tag-sport","tag-sports"],"share_on_mastodon":{"url":"https:\/\/pubeurope.com\/@sk\/117206581402570344","error":""},"_links":{"self":[{"href":"https:\/\/www.europesays.com\/sk\/wp-json\/wp\/v2\/posts\/169298","targetHints":{"allow":["GET"]}}],"collection":[{"href":"https:\/\/www.europesays.com\/sk\/wp-json\/wp\/v2\/posts"}],"about":[{"href":"https:\/\/www.europesays.com\/sk\/wp-json\/wp\/v2\/types\/post"}],"author":[{"embeddable":true,"href":"https:\/\/www.europesays.com\/sk\/wp-json\/wp\/v2\/users\/2"}],"replies":[{"embeddable":true,"href":"https:\/\/www.europesays.com\/sk\/wp-json\/wp\/v2\/comments?post=169298"}],"version-history":[{"count":0,"href":"https:\/\/www.europesays.com\/sk\/wp-json\/wp\/v2\/posts\/169298\/revisions"}],"wp:featuredmedia":[{"embeddable":true,"href":"https:\/\/www.europesays.com\/sk\/wp-json\/wp\/v2\/media\/169299"}],"wp:attachment":[{"href":"https:\/\/www.europesays.com\/sk\/wp-json\/wp\/v2\/media?parent=169298"}],"wp:term":[{"taxonomy":"category","embeddable":true,"href":"https:\/\/www.europesays.com\/sk\/wp-json\/wp\/v2\/categories?post=169298"},{"taxonomy":"post_tag","embeddable":true,"href":"https:\/\/www.europesays.com\/sk\/wp-json\/wp\/v2\/tags?post=169298"}],"curies":[{"name":"wp","href":"https:\/\/api.w.org\/{rel}","templated":true}]}}