{"id":169316,"date":"2026-09-03T10:32:11","date_gmt":"2026-09-03T10:32:11","guid":{"rendered":"https:\/\/www.europesays.com\/sk\/169316\/"},"modified":"2026-09-03T10:32:11","modified_gmt":"2026-09-03T10:32:11","slug":"hasici-nadalej-zasahuju-pri-poziari-druzstva-v-nahaci","status":"publish","type":"post","link":"https:\/\/www.europesays.com\/sk\/169316\/","title":{"rendered":"Hasi\u010di na\u010falej zasahuj\u00fa pri po\u017eiari dru\u017estva v Nah\u00e1\u010di"},"content":{"rendered":"<p>NAH\u00c1\u010c &#8211; Hasi\u010di na\u010falej zasahuj\u00fa pri po\u017eiari dru\u017estva v obci Nah\u00e1\u010d v okrese Trnava, ku ktor\u00e9mu do\u0161lo v stredu (2. 9.) ve\u010der. Informovali o tom hasi\u010di z Jaslovsk\u00fdch Bohun\u00edc na soci\u00e1lnej sieti.<\/p>\n<p>\t<a href=\"https:\/\/www.topky.sk\/gl\/9603837\/6584205\/Poziar-druzstva-stale-neutichol--Hasici-bojuju-s-ohnom-uz-druhy-den\" rel=\"nofollow noopener\" target=\"_blank\"><br \/>\n\t\t<img decoding=\"async\" alt=\"Po\u017eiar senn\u00edka v Nah\u00e1\u010di\" aria-describedby=\"img-res-6584205\" class=\"\" height=\"1200\" id=\"6584205\" loading=\"lazy\" onerror=\"imgArticleLoadErr(this)\" src=\"https:\/\/www.europesays.com\/sk\/wp-content\/uploads\/2026\/09\/sennik-HaZZ-Nahac.jpg\" style=\"aspect-ratio:1.333\" title=\"Po\u017eiar senn\u00edka v Nah\u00e1\u010di\" width=\"1600\"\/>\t\t\t<\/p>\n<p>\n\t\t\t\tZobrazi\u0165 gal\u00e9riu (4)\t\t\t<\/p>\n<p>\t<\/a><\/p>\n<p>Po\u017eiar senn\u00edka v Nah\u00e1\u010di\t\u00a0(Zdroj: Facebook\/Hasi\u010dsk\u00fd a z\u00e1chrann\u00fd zbor\ufeff)<\/p>\n<p>\u201eNoc m\u00e1me za sebou, no pr\u00e1ce na po\u017eiari st\u00e1le pokra\u010duj\u00fa,\u201c ozrejmili. Dobrovo\u013en\u00fd hasi\u010dsk\u00fd zbor (DHZ) z Chtelnice ozna\u010dil z\u00e1sah za n\u00e1ro\u010dn\u00fd. Zapojili sa aj DHZ zo Smolen\u00edc \u010di Dobrovo\u013en\u00e1 civiln\u00e1 ochrana (DCO), ktor\u00e1 vytvorila z\u00e1sobovac\u00ed bod a zabezpe\u010duje pitn\u00fd re\u017eim. Nasadili aj dron, ktor\u00fd pom\u00e1ha s monitorovan\u00edm situ\u00e1cie a poskytuje zasahuj\u00facim situa\u010dn\u00fd preh\u013ead.<\/p>\n<p>\t<a href=\"https:\/\/www.topky.sk\/gl\/9603837\/6584203\/Poziar-druzstva-stale-neutichol--Hasici-bojuju-s-ohnom-uz-druhy-den\" rel=\"nofollow noopener\" target=\"_blank\"><br \/>\n\t\t<img decoding=\"async\" alt=\"Po\u017eiar senn\u00edka v Nah\u00e1\u010di\" aria-describedby=\"img-res-6584203\" class=\"\" height=\"899\" id=\"6584203\" loading=\"lazy\" onerror=\"imgArticleLoadErr(this)\" src=\"https:\/\/www.europesays.com\/sk\/wp-content\/uploads\/2026\/09\/1788431531_538_sennik-HaZZ-Nahac.jpg\" style=\"aspect-ratio:1.779\" title=\"Po\u017eiar senn\u00edka v Nah\u00e1\u010di\" width=\"1600\"\/>\t\t\t<\/p>\n<p>\n\t\t\t\tZobrazi\u0165 gal\u00e9riu (4)\t\t\t<\/p>\n<p>\t<\/a><\/p>\n<p>Po\u017eiar senn\u00edka v Nah\u00e1\u010di\t\u00a0(Zdroj: Facebook\/Hasi\u010dsk\u00fd a z\u00e1chrann\u00fd zbor\ufeff)<\/p>\n<p>Presn\u00fd rozsah \u0161k\u00f4d ani pr\u00ed\u010dina po\u017eiaru zatia\u013e nie s\u00fa zn\u00e1me. Hasi\u010di na soci\u00e1lnej sieti uviedli, \u017ee pri likvid\u00e1cii po\u017eiaru vyu\u017e\u00edvaj\u00fa aj hasi\u010dsk\u00fd robot Colossus, ktor\u00fd umo\u017e\u0148uje zasahova\u0165 v n\u00e1ro\u010dn\u00fdch podmienkach a ochladzova\u0165 po\u017eiarisko z bezpe\u010dnej vzdialenosti. \u201ePo\u017eiar sa hasi\u010dom postupne dar\u00ed dosta\u0165 pod kontrolu. Sily a prostriedky na mieste sa postupne redukuj\u00fa a hasi\u010di pokra\u010duj\u00fa v hasebn\u00fdch pr\u00e1cach,\u201c ozrejmili.<\/p>\n<p>Po\u010das stredaj\u0161ieho ve\u010dera zasahovalo na mieste 16 pr\u00edslu\u0161n\u00edkov Hasi\u010dsk\u00e9ho a z\u00e1chrann\u00e9ho zboru a 43 \u010dlenov DHZ, spolu s 23 kusmi hasi\u010dskej techniky. Aktu\u00e1lne na mieste zasahuj\u00fa profesion\u00e1lni hasi\u010di z Trnavy, Galanty, Tren\u010d\u00edna a Nitry spolu s \u010dlenmi DHZ z obc\u00ed Trst\u00edn, Chtelnica, Doln\u00e1 Krup\u00e1, Horn\u00e1 Krup\u00e1, Smolenice, Doln\u00e9 Dubov\u00e9, Boler\u00e1z &#8211; Kl\u010dovany, Dobr\u00e1 Voda, Jaslovsk\u00e9 Bohunice, Horn\u00e9 Dubov\u00e9 a Jablonica.<\/p>\n","protected":false},"excerpt":{"rendered":"NAH\u00c1\u010c &#8211; Hasi\u010di na\u010falej zasahuj\u00fa pri po\u017eiari dru\u017estva v obci Nah\u00e1\u010d v okrese Trnava, ku ktor\u00e9mu do\u0161lo v&hellip;\n","protected":false},"author":2,"featured_media":169317,"comment_status":"","ping_status":"","sticky":false,"template":"","format":"standard","meta":{"footnotes":"","_share_on_mastodon":"0"},"categories":[32],"tags":[48001,3409,34,37,8656,28131,33,147,43,40,39,42,41,36,38,35],"class_list":["post-169316","post","type-post","status-publish","format-standard","has-post-thumbnail","category-spravy","tag-druzstvo","tag-hazz","tag-headlines","tag-hlavne-spravy","tag-likvidacia","tag-nahac","tag-news","tag-poziar","tag-sk","tag-slovak","tag-slovakia","tag-slovencina","tag-slovensko","tag-spravy","tag-titulky","tag-top-stories"],"share_on_mastodon":{"url":"https:\/\/pubeurope.com\/@sk\/117206657192960497","error":""},"_links":{"self":[{"href":"https:\/\/www.europesays.com\/sk\/wp-json\/wp\/v2\/posts\/169316","targetHints":{"allow":["GET"]}}],"collection":[{"href":"https:\/\/www.europesays.com\/sk\/wp-json\/wp\/v2\/posts"}],"about":[{"href":"https:\/\/www.europesays.com\/sk\/wp-json\/wp\/v2\/types\/post"}],"author":[{"embeddable":true,"href":"https:\/\/www.europesays.com\/sk\/wp-json\/wp\/v2\/users\/2"}],"replies":[{"embeddable":true,"href":"https:\/\/www.europesays.com\/sk\/wp-json\/wp\/v2\/comments?post=169316"}],"version-history":[{"count":0,"href":"https:\/\/www.europesays.com\/sk\/wp-json\/wp\/v2\/posts\/169316\/revisions"}],"wp:featuredmedia":[{"embeddable":true,"href":"https:\/\/www.europesays.com\/sk\/wp-json\/wp\/v2\/media\/169317"}],"wp:attachment":[{"href":"https:\/\/www.europesays.com\/sk\/wp-json\/wp\/v2\/media?parent=169316"}],"wp:term":[{"taxonomy":"category","embeddable":true,"href":"https:\/\/www.europesays.com\/sk\/wp-json\/wp\/v2\/categories?post=169316"},{"taxonomy":"post_tag","embeddable":true,"href":"https:\/\/www.europesays.com\/sk\/wp-json\/wp\/v2\/tags?post=169316"}],"curies":[{"name":"wp","href":"https:\/\/api.w.org\/{rel}","templated":true}]}}