{"id":169334,"date":"2026-09-03T10:46:16","date_gmt":"2026-09-03T10:46:16","guid":{"rendered":"https:\/\/www.europesays.com\/sk\/169334\/"},"modified":"2026-09-03T10:46:16","modified_gmt":"2026-09-03T10:46:16","slug":"tieto-nohavice-budu-hitom-jesene-2026-opticky-predlzia-nohy-a-postave-dodaju-krajsie-proporcie","status":"publish","type":"post","link":"https:\/\/www.europesays.com\/sk\/169334\/","title":{"rendered":"Tieto nohavice bud\u00fa hitom jesene 2026: Opticky pred\u013a\u017eia nohy a postave dodaj\u00fa kraj\u0161ie proporcie"},"content":{"rendered":"<p>Tieto nohavice bud\u00fa hitom jesene 2026: Opticky pred\u013a\u017eia nohy a postave dodaj\u00fa kraj\u0161ie proporcie&#13;<br \/>\n\t\t\t\t\t\t(Zdroj: Getty Images)\t\t\t\t\t<\/p>\n<p>Na prv\u00fd poh\u013ead p\u00f4sobia elegantne, dok\u00e1\u017eu zv\u00fdrazni\u0165 p\u00e1s, opticky pred\u013a\u017ei\u0165 nohy a vytvori\u0165 kraj\u0161ie proporcie postavy. Navy\u0161e sa jednoducho kombinuj\u00fa s \u00fapletmi, ko\u0161e\u013eami aj sakami. Tu\u0161\u00edte, ktor\u00fd strih ovl\u00e1dne jese\u0148 2026?&#13;\n<\/p>\n<p style=\"text-align:justify\">Po sez\u00f3nach, po\u010das ktor\u00fdch sa v uliciach striedali \u0161irok\u00e9 d\u017e\u00ednsy, cargo modely aj v\u00fdrazn\u00e9 \u201ebarrel\u201c strihy, sa do centra pozornosti vracia elegantnej\u0161ia silueta. <a href=\"https:\/\/feminity.zoznam.sk\/cl\/2005430\/9482113\/Pat-fashion-chyb--ktore-zbytocne-pridavaju-roky--Na-jesen-ich-robi-mnozstvo-zien\" target=\"_blank\" rel=\"nofollow noopener\">Jese\u0148<\/a> 2026 bude patri\u0165 \u0161irok\u00fdm oblekov\u00fdm nohaviciam s vy\u0161\u0161\u00edm p\u00e1som a d\u013a\u017ekou siahaj\u00facou takmer po zem. Ich v\u00fdhodou je spojenie pohodlia a upraven\u00e9ho vzh\u013eadu. P\u00f4sobia \u017eensky, no nie pr\u00edli\u0161 form\u00e1lne a bez probl\u00e9mov ich vyu\u017eijete v pr\u00e1ci, cez v\u00edkend aj po\u010das ve\u010dera.\u00a0<\/p>\n<p>Pre\u010do lichotia postave?<\/p>\n<p style=\"text-align:justify\">Tajomstvo sa ukr\u00fdva v kombin\u00e1cii vy\u0161\u0161ieho p\u00e1su, pukov a dlhej rovnej l\u00ednie. P\u00e1s umiestnen\u00fd nad prirodzen\u00fdmi bokmi opticky posunie za\u010diatok n\u00f4h vy\u0161\u0161ie. Zvisl\u00e9 puky n\u00e1sledne ved\u00fa poh\u013ead smerom nadol a vytv\u00e1raj\u00fa dojem dlh\u0161ej siluety. Najlichotivej\u0161ie s\u00fa modely, ktor\u00e9 jemne obopn\u00fa p\u00e1s a cez boky padaj\u00fa bez zbyto\u010dn\u00e9ho nap\u00e4tia. Nohavice by nemali by\u0165 pr\u00edli\u0161 tesn\u00e9, ale ani nato\u013eko objemn\u00e9, aby sa v nich postava \u00faplne stratila.<\/p>\n<p>\t<a href=\"https:\/\/feminity.zoznam.sk\/gl\/9603267\/6582717\/Tieto-nohavice-budu-hitom-jesene-2026--Opticky-predlzia-nohy-a-postave-dodaju-krajsie-proporcie\" rel=\"nofollow noopener\" target=\"_blank\"><br \/>\n\t\t<img decoding=\"async\" alt=\"Ich v\u00fdhodou je spojenie pohodlia a upraven\u00e9ho vzh\u013eadu\" aria-describedby=\"img-res-6582717\" class=\"\" height=\"2399\" id=\"6582717\" loading=\"lazy\" onerror=\"imgArticleLoadErr(this)\" src=\"https:\/\/www.europesays.com\/sk\/wp-content\/uploads\/2026\/09\/styl--zivot-moda-zena.jpg\" style=\"aspect-ratio:0.667\" title=\"Ich v\u00fdhodou je spojenie\" width=\"1600\"\/>\t\t\t<\/p>\n<p>\n\t\t\t\tZobrazi\u0165 gal\u00e9riu (5)\t\t\t<\/p>\n<p>\t<\/a><\/p>\n<p>Ich v\u00fdhodou je spojenie pohodlia a upraven\u00e9ho vzh\u013eadu\t\u00a0(Zdroj: Getty Images)<\/p>\n<p>Rozhoduje spr\u00e1vna d\u013a\u017eka<\/p>\n<p style=\"text-align:justify\">Ak chcete dosiahnu\u0165 predl\u017euj\u00faci <a href=\"https:\/\/feminity.zoznam.sk\/cl\/2005430\/9472167\/Topanky--ktore-budete-potrebovat-tuto-jesen--Fashionistky-davaju-teniskam-na-chvilu-zbohom\" target=\"_blank\" rel=\"nofollow noopener\">efekt<\/a>, nohavice by mali siaha\u0165 tesne nad zem a \u010diasto\u010dne prekr\u00fdva\u0165 top\u00e1nku. Pri sk\u00fa\u0161an\u00ed preto myslite na obuv, s ktorou ich pl\u00e1nujete naj\u010dastej\u0161ie nosi\u0165. In\u00fa d\u013a\u017eku potrebujete k tenisk\u00e1m a in\u00fa k \u010di\u017em\u00e1m alebo lodi\u010dk\u00e1m.<\/p>\n<p style=\"text-align:justify\">\n\t<a href=\"https:\/\/feminity.zoznam.sk\/gl\/9603267\/6582715\/Tieto-nohavice-budu-hitom-jesene-2026--Opticky-predlzia-nohy-a-postave-dodaju-krajsie-proporcie\" rel=\"nofollow noopener\" target=\"_blank\"><br \/>\n\t\t<img decoding=\"async\" alt=\"Na prv\u00fd poh\u013ead p\u00f4sobia elegantne, dok\u00e1\u017eu zv\u00fdrazni\u0165 p\u00e1s\" aria-describedby=\"img-res-6582715\" class=\"\" height=\"2399\" id=\"6582715\" loading=\"lazy\" onerror=\"imgArticleLoadErr(this)\" src=\"https:\/\/www.europesays.com\/sk\/wp-content\/uploads\/2026\/09\/1788432375_427_styl--zivot-moda-zena.jpg\" style=\"aspect-ratio:0.667\" title=\"Na prv\u00fd poh\u013ead p\u00f4sobia\" width=\"1600\"\/>\t\t\t<\/p>\n<p>\n\t\t\t\tZobrazi\u0165 gal\u00e9riu (5)\t\t\t<\/p>\n<p>\t<\/a><\/p>\n<p>Na prv\u00fd poh\u013ead p\u00f4sobia elegantne, dok\u00e1\u017eu zv\u00fdrazni\u0165 p\u00e1s\t\u00a0(Zdroj: Getty Images)<\/p>\n<\/p>\n<p>S \u010d\u00edm ich kombinova\u0165?<\/p>\n<p style=\"text-align:justify\">Na be\u017en\u00fd de\u0148 posta\u010d\u00ed jednoduch\u00e9 priliehav\u00e9 tri\u010dko, mokas\u00edny a krat\u0161ie sako. Do pr\u00e1ce ich m\u00f4\u017eete doplni\u0165 ko\u0161e\u013eou zasunutou do p\u00e1sa a \u0161picat\u00fdmi top\u00e1nkami. Na ve\u010der zase funguj\u00fa s jemn\u00fdm topom, opaskom a v\u00fdraznej\u0161\u00edmi n\u00e1u\u0161nicami.<\/p>\n<p style=\"text-align:justify\">D\u00f4le\u017eit\u00e9 je zachova\u0165 vidite\u013en\u00fd p\u00e1s. Ak k \u0161irok\u00fdm nohaviciam prid\u00e1te dlh\u00fd a objemn\u00fd sveter, silueta m\u00f4\u017ee strati\u0165 tvar. Lep\u0161ie p\u00f4sob\u00ed krat\u0161\u00ed \u00faplet alebo svetr\u00edk zasunut\u00fd aspo\u0148 v prednej \u010dasti.\u00a0\u010co sa t\u00fdka farby, na jese\u0148 bud\u00fa najpraktickej\u0161ie \u010dierne, siv\u00e9, \u010dokol\u00e1dovohned\u00e9 a tmavomodr\u00e9 <a href=\"https:\/\/feminity.zoznam.sk\/cl\/2005430\/9471421\/Vyzeraju-luxusne--no-nepotrebujete-na-ne-velky-rozpocet--5-kuskov--ktore-okamzite-pozdvihnu-kazdy-outfit\" target=\"_blank\" rel=\"nofollow noopener\">modely<\/a>.\u00a0<\/p>\n<p style=\"text-align:justify\">\n\t<a href=\"https:\/\/feminity.zoznam.sk\/gl\/9603267\/6582713\/Tieto-nohavice-budu-hitom-jesene-2026--Opticky-predlzia-nohy-a-postave-dodaju-krajsie-proporcie\" rel=\"nofollow noopener\" target=\"_blank\"><br \/>\n\t\t<img decoding=\"async\" alt=\"Tajomstvo sa ukr\u00fdva v kombin\u00e1cii vy\u0161\u0161ieho p\u00e1su, pukov a dlhej rovnej l\u00ednie\" aria-describedby=\"img-res-6582713\" class=\"\" height=\"2399\" id=\"6582713\" loading=\"lazy\" onerror=\"imgArticleLoadErr(this)\" src=\"https:\/\/www.europesays.com\/sk\/wp-content\/uploads\/2026\/09\/1788432375_372_styl--zivot-moda-zena.jpg\" style=\"aspect-ratio:0.667\" title=\"&#13;&#10;Tajomstvo sa ukr\u00fdva v\" width=\"1600\"\/>\t\t\t<\/p>\n<p>\n\t\t\t\tZobrazi\u0165 gal\u00e9riu (5)\t\t\t<\/p>\n<p>\t<\/a><\/p>\n<p>Tajomstvo sa ukr\u00fdva v kombin\u00e1cii vy\u0161\u0161ieho p\u00e1su, pukov a dlhej rovnej l\u00ednie\t\u00a0(Zdroj: Getty Images)<\/p>\n<\/p>\n<p>N\u00e1jdite strih pre svoju postavu<\/p>\n<p style=\"text-align:justify\">\u017den\u00e1m s v\u00fdraznej\u0161\u00edmi bokmi pristan\u00fa nohavice bez n\u00e1padn\u00fdch bo\u010dn\u00fdch vreciek a s hladkou prednou \u010das\u0165ou. Chlap\u010denskej postave naopak bud\u00fa sedie\u0165 sklady v p\u00e1se, ktor\u00e9 jej dodaj\u00fa viac tvary. Ni\u017e\u0161ie \u017eeny by mali uprednostni\u0165 jednoliatu farbu, vy\u0161\u0161\u00ed p\u00e1s a top\u00e1nky v podobnom odtieni.<\/p>\n<p style=\"text-align:justify\">V r\u00e1mci top\u00e1nok, rovnako dobre funguj\u00fa s mokas\u00ednami, jednoduch\u00fdmi teniskami aj baler\u00ednkami. \u0160irok\u00e9 oblekov\u00e9 nohavice nie s\u00fa k\u00faskom iba na jednu sez\u00f3nu. Na jese\u0148 ich vyu\u017eijete so sakom a ko\u0161e\u013eou, v zime s rol\u00e1kom, kab\u00e1tom a na jar s jednoduch\u00fdm tri\u010dkom. Pr\u00e1ve spojenie lichotiv\u00e9ho strihu a v\u0161estrannosti z nich rob\u00ed jeden z naju\u017eito\u010dnej\u0161\u00edch trendov jesene 2026.<\/p>\n<p>\t<a href=\"https:\/\/feminity.zoznam.sk\/gl\/9603267\/6582735\/Tieto-nohavice-budu-hitom-jesene-2026--Opticky-predlzia-nohy-a-postave-dodaju-krajsie-proporcie\" rel=\"nofollow noopener\" target=\"_blank\"><br \/>\n\t\t<img decoding=\"async\" alt=\"\u010co sa t\u00fdka top\u00e1nok, rovnako dobre funguj\u00fa s mokas\u00ednami, jednoduch\u00fdmi teniskami aj baler\u00ednkami\" aria-describedby=\"img-res-6582735\" class=\"\" height=\"2395\" id=\"6582735\" loading=\"lazy\" onerror=\"imgArticleLoadErr(this)\" src=\"https:\/\/www.europesays.com\/sk\/wp-content\/uploads\/2026\/09\/1788432376_411_svet-zivot-zena-krasa.jpg\" style=\"aspect-ratio:0.668\" title=\"\u010co sa t\u00fdka top\u00e1nok,\" width=\"1600\"\/>\t\t\t<\/p>\n<p>\n\t\t\t\tZobrazi\u0165 gal\u00e9riu (5)\t\t\t<\/p>\n<p>\t<\/a><\/p>\n<p>\u010co sa t\u00fdka top\u00e1nok, rovnako dobre funguj\u00fa s mokas\u00ednami, jednoduch\u00fdmi teniskami aj baler\u00ednkami\t\u00a0(Zdroj: Getty Images)<\/p>\n","protected":false},"excerpt":{"rendered":"Tieto nohavice bud\u00fa hitom jesene 2026: Opticky pred\u013a\u017eia nohy a postave dodaj\u00fa kraj\u0161ie proporcie&#13; (Zdroj: Getty Images) Na&hellip;\n","protected":false},"author":2,"featured_media":169335,"comment_status":"","ping_status":"","sticky":false,"template":"","format":"standard","meta":{"footnotes":"","_share_on_mastodon":"0"},"categories":[32],"tags":[8398,10184,34,37,44949,2050,33,48082,43,40,39,42,41,36,10709,38,35,916],"class_list":["post-169334","post","type-post","status-publish","format-standard","has-post-thumbnail","category-spravy","tag-dokonalost","tag-fashion","tag-headlines","tag-hlavne-spravy","tag-jesen-2026","tag-moda","tag-news","tag-nohavice","tag-sk","tag-slovak","tag-slovakia","tag-slovencina","tag-slovensko","tag-spravy","tag-streetstyle","tag-titulky","tag-top-stories","tag-zena"],"share_on_mastodon":{"url":"https:\/\/pubeurope.com\/@sk\/117206711424281671","error":""},"_links":{"self":[{"href":"https:\/\/www.europesays.com\/sk\/wp-json\/wp\/v2\/posts\/169334","targetHints":{"allow":["GET"]}}],"collection":[{"href":"https:\/\/www.europesays.com\/sk\/wp-json\/wp\/v2\/posts"}],"about":[{"href":"https:\/\/www.europesays.com\/sk\/wp-json\/wp\/v2\/types\/post"}],"author":[{"embeddable":true,"href":"https:\/\/www.europesays.com\/sk\/wp-json\/wp\/v2\/users\/2"}],"replies":[{"embeddable":true,"href":"https:\/\/www.europesays.com\/sk\/wp-json\/wp\/v2\/comments?post=169334"}],"version-history":[{"count":0,"href":"https:\/\/www.europesays.com\/sk\/wp-json\/wp\/v2\/posts\/169334\/revisions"}],"wp:featuredmedia":[{"embeddable":true,"href":"https:\/\/www.europesays.com\/sk\/wp-json\/wp\/v2\/media\/169335"}],"wp:attachment":[{"href":"https:\/\/www.europesays.com\/sk\/wp-json\/wp\/v2\/media?parent=169334"}],"wp:term":[{"taxonomy":"category","embeddable":true,"href":"https:\/\/www.europesays.com\/sk\/wp-json\/wp\/v2\/categories?post=169334"},{"taxonomy":"post_tag","embeddable":true,"href":"https:\/\/www.europesays.com\/sk\/wp-json\/wp\/v2\/tags?post=169334"}],"curies":[{"name":"wp","href":"https:\/\/api.w.org\/{rel}","templated":true}]}}