{"id":169350,"date":"2026-09-03T11:00:28","date_gmt":"2026-09-03T11:00:28","guid":{"rendered":"https:\/\/www.europesays.com\/sk\/169350\/"},"modified":"2026-09-03T11:00:28","modified_gmt":"2026-09-03T11:00:28","slug":"diskusia-smeru-aj-ps-sa-zastavil-prepad-demokrati-padli-pod-hranicu-zvolitelnosti-ako-vyzeraju-prieskumy-po-lete-grafy-aktuality","status":"publish","type":"post","link":"https:\/\/www.europesays.com\/sk\/169350\/","title":{"rendered":"Diskusia: Smeru aj PS sa zastavil prepad, Demokrati padli pod hranicu zvolite\u013enosti. Ako vyzeraj\u00fa prieskumy po lete? (grafy) &#8211; Aktuality"},"content":{"rendered":"<p><a href=\"https:\/\/news.google.com\/rss\/articles\/CBMi5wFBVV95cUxPNGs3bktFVnlZdnBIbERlXzNzajVHcmtuaGxuN29BV3NGN0tGdEp4ak5qekdEUko0Y3JhVW9vM094UjZ2SXlWck9zUEo5VEVjcG5ZMzAxQ3VreHl0MUhRZFEtWDBqVy11LXpyQzZOLTFJbWQ1SjVtQkt5bENuTm1ucG9kaDZXZ0dLaGFMQVRBN2VadHN5SFZtV2RLOW52T1N2SHRMRkFteUVPcGxYLVQ0akNlRkRwbUVZU093YVhyaU1zTFIzT0xsTGYzQVRHREpYeVpHbmZlWGVPTDdTNlhHUGpwNWs0dG8?oc=5\" target=\"_blank\" rel=\"nofollow noopener\">Diskusia: Smeru aj PS sa zastavil prepad, Demokrati padli pod hranicu zvolite\u013enosti. Ako vyzeraj\u00fa prieskumy po lete? (grafy)<\/a>&nbsp;&nbsp;Aktuality<a href=\"https:\/\/news.google.com\/rss\/articles\/CBMilAFBVV95cUxPVFNNNDI0Q3E0REhpWWRBRndjZlpFR2VnSjBDSTRQS1lNWk1wa2pDOXhIajNhY01fcks1cExWTDdrVEFvNUdkNmR2M2VwdUhHbXFMYjRwYjdGR0I5OFJKcllBdnMwWkk0Ry1VcFhiMUFYZjlNeU9OME1ycUczUy03WTMxdGFNc2VLMDBDVFVhVFNXMkJw?oc=5\" target=\"_blank\" rel=\"nofollow noopener\">Prieskum: vo\u013eby by vyhralo PS, za Smerom nasleduje Republika<\/a>&nbsp;&nbsp;\u0160tandard<a href=\"https:\/\/news.google.com\/rss\/articles\/CBMi7AFBVV95cUxQZmRycllwRGQtX3lqS0ROS280YXA1cE1BMkRraDlwYmVDcmRRTTNVMk5oOHR3eHpwcm9ueW1qc1RyLTRMSXBUcHlHNm9RWEVUeUFMRUpkdTcza1VFM2NVVU13RXk0cHgwNm5uQ3F3WktfZDdBV29KRzdmNU03c01DOHJLdHA3MEpQLThGUnZtTzFfeXVRcXR1R3NGY0RqRUpzelNQNEtjMnFkTFRTMEgyMmdVRjBUTDNCQTJFWlRsYnJWNVM3WnhacG5qeG56X2RQYUtndGJWZndieDBZUnFuNVRIbXp1alBlank5Vg?oc=5\" target=\"_blank\" rel=\"nofollow noopener\">Politick\u00fd s\u00fahrn 24: Koho by sme si zvolili do parlamentu? Kauzy voli\u010dmi u\u017e v\u00fdrazne neh\u00fdbu, hovoria odborn\u00edci<\/a>&nbsp;&nbsp;JOJ24<a href=\"https:\/\/news.google.com\/rss\/articles\/CBMiygFBVV95cUxOczhYMWgtZmN4UWdubERJUnJOLWVYNVo5VHJsQ01QYUc5dFJJRTl4VzdLZEFMd1h2MmpBb0ZMV3dGZS1oNmRqRmZkVTZZcEE4aFhmMVNUYnF4SUE1UzFRY1ZBX3dWeng3bUlSYmVWT3hjTXl5M3VFQnFFaHZWd2JxZ21TcE9nellfdU1YVjBFdVQ2REgwTXZpc0t1NzRTcE9lcmJ4d19oX0RtQndvdHo5Z2R1UmNweGFpN2hXWjg2b0NDMFlXWGdWTXFn?oc=5\" target=\"_blank\" rel=\"nofollow noopener\">Demokrati maj\u00fa v prieskume menej percent ako SNS, vo\u013eby by vyhralo Progres\u00edvne Slovensko<\/a>&nbsp;&nbsp;finreport.sk<a href=\"https:\/\/news.google.com\/rss\/articles\/CBMi1wFBVV95cUxQZUo5WHBpZndqNnNrT0Vidlo0NnRWUE5RVGFoZTZQQVNfMGEwZGx1X2xOVzVWYjdoVWM0NHlJak90VUxGZVJIRGpoNW1ZeHdfVGJ0SHR0d0xNaDRPWklWRkpJRDZCZndvaXlMc2Z0Z3dnd09LZWN2VHpZRkZ1aW84eDhDNmNFSDcxNW96SUFzc2NUbm5EaXFJdTNxREJUN2RWWVo2dk9YcHFRTEx3VDFuSDB0RkpSMmdVSVIteG5pNjFuOS1tbWdaV1NnSTZwQzFZYkxER092Yw?oc=5\" target=\"_blank\" rel=\"nofollow noopener\">Vo\u013en\u00fd p\u00e1d Progres\u00edvneho Slovenska je len il\u00fazia. S\u00faboj so Smerom je pod\u013ea d\u00e1t st\u00e1le mimoriadne tesn\u00fd<\/a>&nbsp;&nbsp;Aktuality<\/p>\n","protected":false},"excerpt":{"rendered":"Diskusia: Smeru aj PS sa zastavil prepad, Demokrati padli pod hranicu zvolite\u013enosti. Ako vyzeraj\u00fa prieskumy po lete? (grafy)&nbsp;&nbsp;AktualityPrieskum:&hellip;\n","protected":false},"author":2,"featured_media":169351,"comment_status":"","ping_status":"","sticky":false,"template":"","format":"standard","meta":{"footnotes":"","_share_on_mastodon":"0"},"categories":[32],"tags":[8953,140,16978,34,13954,37,48051,10098,8679,48085,22970,3439,1688,33,19512,772,43,7390,40,39,42,41,21530,803,36,38,35],"class_list":["post-169350","post","type-post","status-publish","format-standard","has-post-thumbnail","category-spravy","tag-demokrati","tag-fico","tag-focus","tag-headlines","tag-hlas","tag-hlavne-spravy","tag-hnutie-republika","tag-hnutie-slovensko","tag-igor-matovic","tag-krestanskodemokraticko-hnutie","tag-madarska-aliancia","tag-matus-sutaj-estok","tag-michal-simecka","tag-news","tag-prieskumy","tag-progresivne-slovensko","tag-sk","tag-sloboda-a-solidarita","tag-slovak","tag-slovakia","tag-slovencina","tag-slovensko","tag-sme-rodina","tag-smer","tag-spravy","tag-titulky","tag-top-stories"],"share_on_mastodon":{"url":"https:\/\/pubeurope.com\/@sk\/117206766232939631","error":""},"_links":{"self":[{"href":"https:\/\/www.europesays.com\/sk\/wp-json\/wp\/v2\/posts\/169350","targetHints":{"allow":["GET"]}}],"collection":[{"href":"https:\/\/www.europesays.com\/sk\/wp-json\/wp\/v2\/posts"}],"about":[{"href":"https:\/\/www.europesays.com\/sk\/wp-json\/wp\/v2\/types\/post"}],"author":[{"embeddable":true,"href":"https:\/\/www.europesays.com\/sk\/wp-json\/wp\/v2\/users\/2"}],"replies":[{"embeddable":true,"href":"https:\/\/www.europesays.com\/sk\/wp-json\/wp\/v2\/comments?post=169350"}],"version-history":[{"count":0,"href":"https:\/\/www.europesays.com\/sk\/wp-json\/wp\/v2\/posts\/169350\/revisions"}],"wp:featuredmedia":[{"embeddable":true,"href":"https:\/\/www.europesays.com\/sk\/wp-json\/wp\/v2\/media\/169351"}],"wp:attachment":[{"href":"https:\/\/www.europesays.com\/sk\/wp-json\/wp\/v2\/media?parent=169350"}],"wp:term":[{"taxonomy":"category","embeddable":true,"href":"https:\/\/www.europesays.com\/sk\/wp-json\/wp\/v2\/categories?post=169350"},{"taxonomy":"post_tag","embeddable":true,"href":"https:\/\/www.europesays.com\/sk\/wp-json\/wp\/v2\/tags?post=169350"}],"curies":[{"name":"wp","href":"https:\/\/api.w.org\/{rel}","templated":true}]}}