{"id":169356,"date":"2026-09-03T11:09:13","date_gmt":"2026-09-03T11:09:13","guid":{"rendered":"https:\/\/www.europesays.com\/sk\/169356\/"},"modified":"2026-09-03T11:09:13","modified_gmt":"2026-09-03T11:09:13","slug":"cech-mi-nadaval-na-rodinu-zbytocne-som-vybuchol-kaja-sa-mlada-hviezda-nitry","status":"publish","type":"post","link":"https:\/\/www.europesays.com\/sk\/169356\/","title":{"rendered":"\u010cech mi nad\u00e1val na rodinu, zbyto\u010dne som vybuchol, kaj\u00e1 sa mlad\u00e1 hviezda Nitry"},"content":{"rendered":"<p class=\"align-left\">Tom\u00e1\u0161 Chrenko mal v\u00fdborn\u00fa draftov\u00fa sez\u00f3nu. V extralige si prip\u00edsal osemn\u00e1s\u0165ro\u010dn\u00fd \u00fato\u010dn\u00edk aj s play-off 43 bodov, ke\u010f strelil pre Nitru titulov\u00fd g\u00f3l v pred\u013a\u017een\u00ed siedmeho z\u00e1pasu fin\u00e1lovej s\u00e9rie proti Slovanu Bratislava. K<\/p>\n<p class=\"align-left\"> tomu bol aj jasn\u00fdm l\u00eddrom juniorskej reprezent\u00e1cie na svetovom \u0161ampion\u00e1te. <\/p>\n<p class=\"align-left\">V Nitre s n\u00edm u\u017e po\u010d\u00edtaj\u00fa ako s jedn\u00fdm z l\u00eddrov, \u010do m\u00f4\u017ee uk\u00e1za\u0165 na konci t\u00fd\u017ed\u0148a v \u00favodn\u00fdch dvoch z\u00e1pasoch prest\u00ed\u017enej Ligy majstrov. <\/p>\n<p class=\"align-left\">Po nich let\u00ed na kemp New Yorku Rangers, ktor\u00fd si ho vybral v poslednom drafte NHL v tre\u0165om kole.<\/p>\n<p class=\"align-left\">V Nitre ste hrdinom, ke\u010f ste rozhodli o titule a mali ste v\u00fdborn\u00fd draftov\u00fd rok, teraz sa bude \u010daka\u0165 e\u0161te viac, ste na to pripraven\u00fd?<\/p>\n<p class=\"align-left\">\u201eSom nastaven\u00fd ve\u013emi dobre, neviem sa do\u010dka\u0165 novej sez\u00f3ny. V piatok to vypukne v Lige majstrov.\u201c<\/p>\n<p class=\"align-left\">Ako vid\u00edte va\u0161e \u0161ance v prest\u00ed\u017enej s\u00fa\u0165a\u017ei?<\/p>\n<p class=\"align-left\">\u201eM\u00e1me ve\u013emi \u0165a\u017ek\u00fa skupinu. Je to akokeby pri\u0161li Real Madrid a Barcelona. Sme v\u0161ak pripraven\u00ed, te\u0161\u00edme sa. Ver\u00edme si, s\u00faperi n\u00e1s m\u00f4\u017eu aj podceni\u0165. M\u00e1me \u0161ancu bodova\u0165. Potom let\u00edm do New Yorku na kemp, vo F\u00ednsku z\u00e1pasy nest\u00edham. O to viac sa teraz te\u0161\u00edm.\u201c<\/p>\n<p class=\"align-left\">Najviac sa sklo\u0148uje, \u017ee m\u00e1te dvoch nesk\u00fasen\u00fdch brank\u00e1rov, treba si da\u0165 o to viac pozor v defenz\u00edve?<\/p>\n<p class=\"align-left\">\u201eMaj\u00fa to \u0165a\u017ek\u00e9, mus\u00edm poveda\u0165 pravdu. Obom v\u0161ak ver\u00edm, s\u00fa to super brank\u00e1ri.\u201c<\/p>\n<p class=\"align-left\">Vymenil sa v\u00e1m hlavn\u00fd tr\u00e9ner, ke\u010f vystriedal Andreja Kme\u010da Erik \u010cal\u00e1di, ak\u00fd m\u00e1te z neho pocit?<\/p>\n<p class=\"align-left\">\u201eZ Erika m\u00e1m super pocit, \u010di u\u017e \u013eudsky alebo hokejovo. Skvele zapadol do kab\u00edny. Ka\u017ed\u00fd chalan si ho ob\u013e\u00fabil, je tak\u00fd par\u0165\u00e1k. Aj si s nami zahr\u00e1 bago na tr\u00e9ningu.\u201c<\/p>\n<p>            <a class=\"embed-related embed-related--photo flex\" href=\"https:\/\/www.denniksport.sk\/hokej\/c\/pripravny-zapas-hc-slovan-kometa-brno-sumar-1-september-2026\" rel=\"nofollow noopener\" target=\"_blank\"><\/p>\n<p>                <img decoding=\"async\" data-js-image-id=\"01a05e54-f541-780e-b83b-d7c534147b71\" class=\"img lazyload\" src=\"https:\/\/www.europesays.com\/sk\/wp-content\/uploads\/2026\/09\/1788433752_68_01a05e54-f541-780e-b83b-d7c534147b71.jpg\"  loading=\"lazy\" alt=\"Z trib\u00fany ho sledoval brat z NHL, na \u013eade pou\u010doval supertalent a skvele vyu\u017eil risk Slovana\" width=\"640\" height=\"360\"\/><\/p>\n<p>\n                    S\u00favisiaci \u010dl\u00e1nok\n                <\/p>\n<p>\n                    Z trib\u00fany ho sledoval brat z NHL, na \u013eade pou\u010doval supertalent a skvele vyu\u017eil risk Slovana\n                <\/p>\n<p>\n                    \u010c\u00edtajte viac<\/p>\n<p>        <\/a><\/p>\n<p class=\"align-left\">Okrem v\u00e1s ve\u013emi chv\u00e1lia z mlad\u00edkov Olivera Botku, ako vn\u00edmate mlad\u00e9ho beka?<\/p>\n<p class=\"align-left\">\u201eJe so mnou na presilovke. Dostane dobr\u00fa \u0161ancu. Je to skvel\u00fd bek s potenci\u00e1lom na prv\u00e9 kolo draftu NHL. Je neskuto\u010dn\u00fdm kor\u010duliarom, najlep\u0161\u00edm v na\u0161om t\u00edme.\u201c<\/p>\n<p>    <img decoding=\"async\" data-js-image-id=\"019de1fb-28c6-7671-9eac-f002874f967e\" class=\"img lazyload\" src=\"https:\/\/www.europesays.com\/sk\/wp-content\/uploads\/2026\/09\/019de1fb-28c6-7671-9eac-f002874f967e.jpg\"  loading=\"lazy\" alt=\"Nitrianski hr\u00e1\u010di Ondrej Moln\u00e1r (v\u013eavo) a Tom\u00e1\u0161 Chrenko po skon\u010den\u00ed rozhoduj\u00faceho 7. z\u00e1pasu fin\u00e1lovej s\u00e9rie hokejovej Tipsport ligy medzi HK Nitra a HC Slovan Bratislava 30. apr\u00edla v Nitre.\" width=\"640\" height=\"360\"\/><\/p>\n<p>\n                            Nitrianski hr\u00e1\u010di Ondrej Moln\u00e1r (v\u013eavo) a Tom\u00e1\u0161 Chrenko po skon\u010den\u00ed rozhoduj\u00faceho 7. z\u00e1pasu fin\u00e1lovej s\u00e9rie hokejovej Tipsport ligy medzi HK Nitra a HC Slovan Bratislava 30. apr\u00edla v Nitre. (zdroj: \u0160port\/Jano Koller)\n            <\/p>\n<p class=\"align-left\">Vr\u00e1\u0165me sa e\u0161te k minulot\u00fd\u017ed\u0148ov\u00e9mu turnaju reprezent\u00e1cie do 20 rokov vo F\u00ednsku, kde ste zdolali \u0160vaj\u010diarov, dom\u00e1ci t\u00edm aj \u0160v\u00e9dov, ale vybuchli ste s \u010ceskom, ako to cel\u00e9 vn\u00edmate?<\/p>\n<p class=\"align-left\">\u201eBola to super previerka, malo to kvalitn\u00e9 obsadenie, aj ke\u010f F\u00edni a \u0160v\u00e9di nehrali v plnej sile, ale oni maj\u00fa \u0161irok\u00e9 s\u00fapisky. Hralo sa mi super, u\u017eil som si to s Adamom Nemcom, k\u00fdm sa stretneme znova a\u017e v decembri na \u0161ampion\u00e1te. Celkovo sme hrali dobre, a\u017e na ten debakel proti \u010cechom.\u201c<\/p>\n<p>        V rozhovore sa \u010falej do\u010d\u00edtate:<\/p>\n<p class=\"align-left\">ako berie vyl\u00fa\u010denie proti \u010cechom a kto mu to najviac vy\u010d\u00edtal,<\/p>\n<p class=\"align-left\">pre\u010do si ve\u013emi v\u00e1\u017ei reakciu tr\u00e9nera Petra Fr\u00fchaufa,<\/p>\n<p class=\"align-left\">ako vyzeraj\u00fa \u0161ance juniorskej reprezent\u00e1cie smerom ku MS,<\/p>\n<p class=\"align-left\">v \u010dom sa zlep\u0161il najviac Adam Nemec,<\/p>\n<p class=\"align-left\">koho m\u00f4\u017eu draftova\u0165 v prvom kole do NHL.,<\/p>\n<p class=\"align-left\">pre\u010do hr\u00e1 Slovensko v\u00fdborne na MS18 a nie na MS20,<\/p>\n<p class=\"align-left\">ako to bolo s jeho vyhl\u00e1sen\u00edm ku draftu, ktor\u00e9 vyznelo arogantne,<\/p>\n<p class=\"align-left\">na \u010dom mus\u00ed najviac pracova\u0165 pod\u013ea New Yorku Rangers,<\/p>\n<p class=\"align-left\">kde by u\u017e najrad\u0161ej p\u00f4sobil.<\/p>\n<p class=\"align-left\">S \u010ceskom to bolo dlho vyrovnan\u00e9, potom pri\u0161li chyby v defenz\u00edve a vy aj Timothy Kazda ste dostali tresty do konca z\u00e1pasu, poviete n\u00e1m k tomu viac?<\/p>\n<p class=\"align-left\">\u201eNechal som sa zbyto\u010dne unies\u0165, vybuchol som, bola to moja chyba. Nie\u010do mi protihr\u00e1\u010d zanad\u00e1val na rodinu, bol som frustrovan\u00fd zo z\u00e1pasu, tak som vypenil. <\/p>\n","protected":false},"excerpt":{"rendered":"Tom\u00e1\u0161 Chrenko mal v\u00fdborn\u00fa draftov\u00fa sez\u00f3nu. V extralige si prip\u00edsal osemn\u00e1s\u0165ro\u010dn\u00fd \u00fato\u010dn\u00edk aj s play-off 43 bodov, ke\u010f&hellip;\n","protected":false},"author":2,"featured_media":169357,"comment_status":"","ping_status":"","sticky":false,"template":"","format":"standard","meta":{"footnotes":"","_share_on_mastodon":"0"},"categories":[13],"tags":[172,352,1005,1008,3533,1464,43,40,39,42,1009,41,69,68,5094],"class_list":["post-169356","post","type-post","status-publish","format-standard","has-post-thumbnail","category-sport","tag-hk-nitra","tag-hokej","tag-hokej-nhl","tag-hokej-slovensko","tag-new-york-rangers","tag-nhl","tag-sk","tag-slovak","tag-slovakia","tag-slovencina","tag-slovenska-hokejova-extraliga","tag-slovensko","tag-sport","tag-sports","tag-tomas-chrenko"],"share_on_mastodon":{"url":"https:\/\/pubeurope.com\/@sk\/117206801959064122","error":""},"_links":{"self":[{"href":"https:\/\/www.europesays.com\/sk\/wp-json\/wp\/v2\/posts\/169356","targetHints":{"allow":["GET"]}}],"collection":[{"href":"https:\/\/www.europesays.com\/sk\/wp-json\/wp\/v2\/posts"}],"about":[{"href":"https:\/\/www.europesays.com\/sk\/wp-json\/wp\/v2\/types\/post"}],"author":[{"embeddable":true,"href":"https:\/\/www.europesays.com\/sk\/wp-json\/wp\/v2\/users\/2"}],"replies":[{"embeddable":true,"href":"https:\/\/www.europesays.com\/sk\/wp-json\/wp\/v2\/comments?post=169356"}],"version-history":[{"count":0,"href":"https:\/\/www.europesays.com\/sk\/wp-json\/wp\/v2\/posts\/169356\/revisions"}],"wp:featuredmedia":[{"embeddable":true,"href":"https:\/\/www.europesays.com\/sk\/wp-json\/wp\/v2\/media\/169357"}],"wp:attachment":[{"href":"https:\/\/www.europesays.com\/sk\/wp-json\/wp\/v2\/media?parent=169356"}],"wp:term":[{"taxonomy":"category","embeddable":true,"href":"https:\/\/www.europesays.com\/sk\/wp-json\/wp\/v2\/categories?post=169356"},{"taxonomy":"post_tag","embeddable":true,"href":"https:\/\/www.europesays.com\/sk\/wp-json\/wp\/v2\/tags?post=169356"}],"curies":[{"name":"wp","href":"https:\/\/api.w.org\/{rel}","templated":true}]}}