{"id":169370,"date":"2026-09-03T11:27:11","date_gmt":"2026-09-03T11:27:11","guid":{"rendered":"https:\/\/www.europesays.com\/sk\/169370\/"},"modified":"2026-09-03T11:27:11","modified_gmt":"2026-09-03T11:27:11","slug":"policia-vysetruje-kradez-vo-fitnescentre-v-bratislave","status":"publish","type":"post","link":"https:\/\/www.europesays.com\/sk\/169370\/","title":{"rendered":"Pol\u00edcia vy\u0161etruje kr\u00e1de\u017e vo fitnescentre v Bratislave"},"content":{"rendered":"<p>Pol\u00edcia vy\u0161etruje kr\u00e1de\u017e vo fitnescentre v Bratislave\t\t\t\t\t\t(Zdroj: Facebook\/Pol\u00edcia SR &#8211; Bratislavsk\u00fd kraj\ufeff)\t\t\t\t\t<\/p>\n<p>BRATISLAVA &#8211; Policajti vy\u0161etruj\u00fa augustov\u00fa kr\u00e1de\u017e vo fitnescentre v Bratislave. P\u00e1traj\u00fa po toto\u017enosti jednej osoby a verejnos\u0165 v tejto s\u00favislosti \u017eiadaj\u00fa o pomoc. Informovala o tom bratislavsk\u00e1 krajsk\u00e1 pol\u00edcia na soci\u00e1lnej sieti.<\/p>\n<p>\u201eZlo\u010dinu kr\u00e1de\u017ee sa dopustil doposia\u013e nezn\u00e1my p\u00e1chate\u013e v priestoroch \u0161atn\u00ed fitnescentra na Pribinovej ulici d\u0148a 31. augusta tohto roka v \u010dase od 9.00 h do pribli\u017ene 10.45 h. Nezn\u00e1my p\u00e1chate\u013e tam doposia\u013e nezisten\u00fdm sp\u00f4sobom odcudzil z riadne uzamknutej skrinky hodinky. Svoj\u00edm konan\u00edm tak sp\u00f4sobil po\u0161koden\u00e9mu \u0161kodu v celkovej v\u00fd\u0161ke 45.000 eur,\u201c pribl\u00ed\u017eila. Pol\u00edcia v tejto s\u00favislosti \u013eud\u00ed vyzvala, aby v pr\u00edpade, ak maj\u00fa inform\u00e1cie o osobe, ktorej fotografie zverejnila na soci\u00e1lnej sieti, ju kontaktovali.<\/p>\n<p>\t<a href=\"https:\/\/www.topky.sk\/gl\/9603897\/6584119\/Zlodej-vo-fitnescentre--Policia-zverejnila-FOTO-hladanej-osoby\" rel=\"nofollow noopener\" target=\"_blank\"><br \/>\n\t\t<img decoding=\"async\" alt=\"Pol\u00edcia vy\u0161etruje kr\u00e1de\u017e vo fitnescentre v Bratislave\" aria-describedby=\"img-res-6584119\" class=\"\" height=\"1338\" id=\"6584119\" loading=\"lazy\" onerror=\"imgArticleLoadErr(this)\" src=\"https:\/\/www.europesays.com\/sk\/wp-content\/uploads\/2026\/09\/fitnescentrum-policia--kradez.jpg\" style=\"aspect-ratio:1.196\" title=\"Pol\u00edcia vy\u0161etruje kr\u00e1de\u017e vo\" width=\"1600\"\/>\t\t\t<\/p>\n<p>\n\t\t\t\tZobrazi\u0165 gal\u00e9riu (2)\t\t\t<\/p>\n<p>\t<\/a><\/p>\n<p>Pol\u00edcia vy\u0161etruje kr\u00e1de\u017e vo fitnescentre v Bratislave\t\u00a0(Zdroj: Facebook\/Pol\u00edcia SR &#8211; Bratislavsk\u00fd kraj\ufeff)<\/p>\n","protected":false},"excerpt":{"rendered":"Pol\u00edcia vy\u0161etruje kr\u00e1de\u017e vo fitnescentre v Bratislave (Zdroj: Facebook\/Pol\u00edcia SR &#8211; Bratislavsk\u00fd kraj\ufeff) BRATISLAVA &#8211; Policajti vy\u0161etruj\u00fa augustov\u00fa&hellip;\n","protected":false},"author":2,"featured_media":169371,"comment_status":"","ping_status":"","sticky":false,"template":"","format":"standard","meta":{"footnotes":"","_share_on_mastodon":"0"},"categories":[6],"tags":[136,35287,298,525,43,40,44,39,42,45,41],"class_list":["post-169370","post","type-post","status-publish","format-standard","has-post-thumbnail","category-slovensko","tag-bratislava","tag-fitnescentrum","tag-kradez","tag-policia","tag-sk","tag-slovak","tag-slovak-republic","tag-slovakia","tag-slovencina","tag-slovenska-republika","tag-slovensko"],"share_on_mastodon":{"url":"https:\/\/pubeurope.com\/@sk\/117206872616178138","error":""},"_links":{"self":[{"href":"https:\/\/www.europesays.com\/sk\/wp-json\/wp\/v2\/posts\/169370","targetHints":{"allow":["GET"]}}],"collection":[{"href":"https:\/\/www.europesays.com\/sk\/wp-json\/wp\/v2\/posts"}],"about":[{"href":"https:\/\/www.europesays.com\/sk\/wp-json\/wp\/v2\/types\/post"}],"author":[{"embeddable":true,"href":"https:\/\/www.europesays.com\/sk\/wp-json\/wp\/v2\/users\/2"}],"replies":[{"embeddable":true,"href":"https:\/\/www.europesays.com\/sk\/wp-json\/wp\/v2\/comments?post=169370"}],"version-history":[{"count":0,"href":"https:\/\/www.europesays.com\/sk\/wp-json\/wp\/v2\/posts\/169370\/revisions"}],"wp:featuredmedia":[{"embeddable":true,"href":"https:\/\/www.europesays.com\/sk\/wp-json\/wp\/v2\/media\/169371"}],"wp:attachment":[{"href":"https:\/\/www.europesays.com\/sk\/wp-json\/wp\/v2\/media?parent=169370"}],"wp:term":[{"taxonomy":"category","embeddable":true,"href":"https:\/\/www.europesays.com\/sk\/wp-json\/wp\/v2\/categories?post=169370"},{"taxonomy":"post_tag","embeddable":true,"href":"https:\/\/www.europesays.com\/sk\/wp-json\/wp\/v2\/tags?post=169370"}],"curies":[{"name":"wp","href":"https:\/\/api.w.org\/{rel}","templated":true}]}}