{"id":169390,"date":"2026-09-03T11:54:06","date_gmt":"2026-09-03T11:54:06","guid":{"rendered":"https:\/\/www.europesays.com\/sk\/169390\/"},"modified":"2026-09-03T11:54:06","modified_gmt":"2026-09-03T11:54:06","slug":"iba-7-rocny-chlapec-v-prahe-spadol-do-kolajiska-metra","status":"publish","type":"post","link":"https:\/\/www.europesays.com\/sk\/169390\/","title":{"rendered":"Iba 7-ro\u010dn\u00fd chlapec v Prahe spadol do ko\u013eajiska metra"},"content":{"rendered":"<p>PRAHA &#8211; Dramatick\u00e9 z\u00e1bery z prv\u00e9ho \u0161kolsk\u00e9ho d\u0148a. Iba sedemro\u010dn\u00fd chlapec spadol do ko\u013eajiska pra\u017esk\u00e9ho metra len chv\u00ed\u013eu pred t\u00fdm, ne\u017e do stanice vo\u0161la vlakov\u00e1 s\u00faprava. Pol\u00edcia zverejnila z\u00e1bery zachyt\u00e1vaj\u00face chv\u00edle pln\u00e9 hr\u00f4zy.<\/p>\n<p>&#8222;1. septembra okolo osemn\u00e1stej hodiny prijali policajti ozn\u00e1menie o p\u00e1de die\u0165a\u0165a do ko\u013eajiska v stanici metra M\u00fazeum,&#8220; uviedla hovorky\u0148a pra\u017eskej pol\u00edcie Eva Krop\u00e1\u010dov\u00e1. Na kamerov\u00fdch z\u00e1znamov je vidie\u0165 ako chlapec prich\u00e1dza na stanicu metra sprev\u00e1dzan\u00fd rodinn\u00fdm pr\u00edslu\u0161n\u00edkom. Cel\u00fd \u010das m\u00e1 v ruke telef\u00f3n, do ktor\u00e9ho sa pozer\u00e1. Ako kr\u00e1\u010da zah\u013eaden\u00fd do telef\u00f3nu, nev\u0161imne si, \u017ee n\u00e1stupi\u0161te kon\u010d\u00ed a nohou stupil do pr\u00e1zdna, nasledoval p\u00e1d do ko\u013eajiska.\u00a0<\/p>\n<p>Chlapcovi pomohol mu\u017e, ktor\u00fd sa nach\u00e1dzal v tom \u010dase nabl\u00edzku. &#8222;V\u010faka ve\u013emi r\u00fdchlej reakcii cudzinca, ktor\u00fd pre chlapca sko\u010dil do ko\u013eajiska a \u010fal\u0161\u00edm cestuj\u00facim sa podarilo die\u0165a dosta\u0165 behom p\u00e1r sek\u00fand sp\u00e4\u0165 na per\u00f3n,&#8220; uviedla hovorky\u0148a.<\/p>\n<p>Na z\u00e1beroch je vidie\u0165, \u017ee vlak metrapostupne prich\u00e1dza u\u017e vo chv\u00edli, ke\u010f sa v ko\u013eajisku e\u0161te nach\u00e1dza mu\u017e. Na posledn\u00fa chv\u00ed\u013eu sa mu s pomocou ostatn\u00fdch podarilo vysko\u010di\u0165 von.\u00a0K jeho z\u00e1chrane prispelo aj pohotov\u00e9 stla\u010denie n\u00fadzov\u00e9ho tla\u010didla umiestnen\u00e9ho na okraji n\u00e1stupi\u0161\u0165a. Bezpe\u010dnostn\u00e9 tla\u010didl\u00e1 N\u00fadzov\u00e9 zastavenie vlaku (NZV) s\u00fa umiestnen\u00e9 na n\u00e1stupi\u0161tiach stan\u00edc metra pre ka\u017ed\u00fa ko\u013eaj zvl\u00e1\u0161\u0165.<\/p>\n","protected":false},"excerpt":{"rendered":"PRAHA &#8211; Dramatick\u00e9 z\u00e1bery z prv\u00e9ho \u0161kolsk\u00e9ho d\u0148a. Iba sedemro\u010dn\u00fd chlapec spadol do ko\u013eajiska pra\u017esk\u00e9ho metra len chv\u00ed\u013eu&hellip;\n","protected":false},"author":2,"featured_media":169391,"comment_status":"","ping_status":"","sticky":false,"template":"","format":"standard","meta":{"footnotes":"","_share_on_mastodon":"0"},"categories":[8],"tags":[5389,10506,33,525,802,43,40,42,36,50,49,48],"class_list":["post-169390","post","type-post","status-publish","format-standard","has-post-thumbnail","category-svet","tag-chlapec","tag-metro","tag-news","tag-policia","tag-praha","tag-sk","tag-slovak","tag-slovencina","tag-spravy","tag-svet","tag-world","tag-world-news"],"share_on_mastodon":{"url":"https:\/\/pubeurope.com\/@sk\/117206978789027250","error":""},"_links":{"self":[{"href":"https:\/\/www.europesays.com\/sk\/wp-json\/wp\/v2\/posts\/169390","targetHints":{"allow":["GET"]}}],"collection":[{"href":"https:\/\/www.europesays.com\/sk\/wp-json\/wp\/v2\/posts"}],"about":[{"href":"https:\/\/www.europesays.com\/sk\/wp-json\/wp\/v2\/types\/post"}],"author":[{"embeddable":true,"href":"https:\/\/www.europesays.com\/sk\/wp-json\/wp\/v2\/users\/2"}],"replies":[{"embeddable":true,"href":"https:\/\/www.europesays.com\/sk\/wp-json\/wp\/v2\/comments?post=169390"}],"version-history":[{"count":0,"href":"https:\/\/www.europesays.com\/sk\/wp-json\/wp\/v2\/posts\/169390\/revisions"}],"wp:featuredmedia":[{"embeddable":true,"href":"https:\/\/www.europesays.com\/sk\/wp-json\/wp\/v2\/media\/169391"}],"wp:attachment":[{"href":"https:\/\/www.europesays.com\/sk\/wp-json\/wp\/v2\/media?parent=169390"}],"wp:term":[{"taxonomy":"category","embeddable":true,"href":"https:\/\/www.europesays.com\/sk\/wp-json\/wp\/v2\/categories?post=169390"},{"taxonomy":"post_tag","embeddable":true,"href":"https:\/\/www.europesays.com\/sk\/wp-json\/wp\/v2\/tags?post=169390"}],"curies":[{"name":"wp","href":"https:\/\/api.w.org\/{rel}","templated":true}]}}