{"id":169434,"date":"2026-09-03T12:38:10","date_gmt":"2026-09-03T12:38:10","guid":{"rendered":"https:\/\/www.europesays.com\/sk\/169434\/"},"modified":"2026-09-03T12:38:10","modified_gmt":"2026-09-03T12:38:10","slug":"nahy-ukrajinec-vycinal-v-uliciach-krical-utekal-a-napadol-policajta","status":"publish","type":"post","link":"https:\/\/www.europesays.com\/sk\/169434\/","title":{"rendered":"Nah\u00fd Ukrajinec vy\u010d\u00ed\u0148al v uliciach, kri\u010dal, utekal a NAPADOL policajta"},"content":{"rendered":"<p>VAR\u0160AVA &#8211; No\u010dn\u00fd incident v Katoviciach skon\u010dil z\u00e1sahom pol\u00edcie, hospitaliz\u00e1ciou a n\u00e1sledne aj obvinen\u00edm. Mlad\u00fd Ukrajinec mal nah\u00fd beha\u0165 po ulici, kri\u010da\u0165 a nereagova\u0165 na v\u00fdzvy policajtov. Po\u010das z\u00e1sahu jedn\u00e9ho z nich udrel do tv\u00e1re. Pol\u00edcia teraz \u017eiada jeho vyhostenie z Po\u013eska. O pr\u00edpade informoval po\u013esk\u00fd port\u00e1l wiadomosci.wp.pl.<\/p>\n<p>K udalosti do\u0161lo v noci z 29. na 30. augusta na ulici Lwowskej v Katoviciach. Policajti pri\u0161li na miesto po ozn\u00e1men\u00ed, \u017ee sa tam nach\u00e1dza mu\u017e, ktor\u00fd svoj\u00edm spr\u00e1van\u00edm vzbudzoval pozornos\u0165. Po pr\u00edchode ho na\u0161li le\u017ea\u0165 na vozovke. Situ\u00e1cia sa v\u0161ak pod\u013ea pol\u00edcie po pr\u00edchode hliadky vyostrila. Mlad\u00edk za\u010dal by\u0165 agres\u00edvny, nereagoval na pokyny policajtov a jeho spr\u00e1vanie predstavovalo riziko nielen pre neho samotn\u00e9ho, ale aj pre zasahuj\u00facich pr\u00edslu\u0161n\u00edkov.<\/p>\n<p style=\"text-align:center\">VIDEO<\/p>\n<p>18-ro\u010dn\u00fd Ukrajinec behal nah\u00fd po ulici a napadol policajta\t\t(Zdroj: X\/GoniecPL)\t<\/p>\n<p>Policajti preto prist\u00fapili k pou\u017eitiu donucovac\u00edch prostriedkov a sna\u017eili sa ho zadr\u017ea\u0165. Z\u00e1sah zachytil na video jeden z miestnych obyvate\u013eov a z\u00e1bery sa n\u00e1sledne za\u010dali \u0161\u00edri\u0165 na soci\u00e1lnych sie\u0165ach. Na videu m\u00e1 by\u0165 vidie\u0165 nah\u00fd mu\u017e, ktor\u00fd beh\u00e1 po ulici a hlasno kri\u010d\u00ed, zatia\u013e \u010do sa ho policajti sna\u017eia spacifikova\u0165. Napriek opakovan\u00fdm v\u00fdzvam, aby si \u013eahol na zem, ich mal ignorova\u0165 a pok\u00fasi\u0165 sa utiec\u0165.<\/p>\n<p>\t<a href=\"https:\/\/www.topky.sk\/gl\/9603967\/6584393\/Nahy-Ukrajinec-vycinal-v-uliciach--Krical--utekal-a-NAPADOL-policajta--Teraz-ho-chcu-VYHOSTIT\" rel=\"nofollow noopener\" target=\"_blank\"><br \/>\n\t\t<img decoding=\"async\" alt=\"Nah\u00fd Ukrajinec vy\u010d\u00ed\u0148al v\" aria-describedby=\"img-res-6584393\" class=\"\" height=\"1709\" id=\"6584393\" loading=\"lazy\" onerror=\"imgArticleLoadErr(this)\" src=\"https:\/\/www.europesays.com\/sk\/wp-content\/uploads\/2026\/09\/policia--Polsko-Ukrajinec-nahy.jpg\" style=\"aspect-ratio:0.936\" title=\"Nah\u00fd Ukrajinec vy\u010d\u00ed\u0148al v\" width=\"1600\"\/>\t\t\t<\/p>\n<p>\n\t\t\t\tZobrazi\u0165 gal\u00e9riu (3)\t\t\t<\/p>\n<p>\t<\/a><\/p>\n<p>\t\u00a0(Zdroj: X\/GoniecPL)<\/p>\n<p>Po\u010das z\u00e1sahu policajti pou\u017eili aj obu\u0161ky a slzotvorn\u00fd plyn. V jednom momente sa mal mlad\u00edk pok\u00fasi\u0165 udrie\u0165 jedn\u00e9ho z policajtov. Prv\u00fd pokus mu nevy\u0161iel, no pri \u010fal\u0161om \u00fadere policajta zasiahol priamo do tv\u00e1re.<\/p>\n<p>Mlad\u00edka po z\u00e1sahu previezli do nemocnice<\/p>\n<p>Vzh\u013eadom na jeho psychofyzick\u00fd stav privolali na miesto aj zdravotn\u00edkov. Osemn\u00e1s\u0165ro\u010dn\u00e9ho ob\u010dana Ukrajiny n\u00e1sledne za asistencie pol\u00edcie odviezli do nemocnice, kde absolvoval potrebn\u00e9 vy\u0161etrenia. Po nich skon\u010dil v policajnej cele. Nasleduj\u00faci de\u0148 \u010delil obvineniu z napadnutia verejn\u00e9ho \u010dinite\u013ea. K svojmu konaniu sa pod\u013ea pol\u00edcie priznal.<\/p>\n<p>Mlad\u00edk z\u00e1rove\u0148 dostal pokuty za pohor\u0161uj\u00face spr\u00e1vanie na verejnosti a za priestupok s\u00favisiaci s cestnou prem\u00e1vkou. Pr\u00edpad v\u0161ak pre neho m\u00f4\u017ee ma\u0165 aj v\u00e1\u017enej\u0161ie n\u00e1sledky. Katovick\u00e1 pol\u00edcia toti\u017e podala na po\u013esk\u00fa pohrani\u010dn\u00fa str\u00e1\u017e \u017eiados\u0165 o jeho vyhostenie z krajiny.<\/p>\n<p>\t<a href=\"https:\/\/www.topky.sk\/gl\/9603967\/6584391\/Nahy-Ukrajinec-vycinal-v-uliciach--Krical--utekal-a-NAPADOL-policajta--Teraz-ho-chcu-VYHOSTIT\" rel=\"nofollow noopener\" target=\"_blank\"><br \/>\n\t\t<img decoding=\"async\" alt=\"Nah\u00fd Ukrajinec vy\u010d\u00ed\u0148al v\" aria-describedby=\"img-res-6584391\" class=\"\" height=\"1252\" id=\"6584391\" loading=\"lazy\" onerror=\"imgArticleLoadErr(this)\" src=\"https:\/\/www.europesays.com\/sk\/wp-content\/uploads\/2026\/09\/1788439090_328_policia--Polsko-Ukrajinec-nahy.jpg\" style=\"aspect-ratio:1.278\" title=\"Nah\u00fd Ukrajinec vy\u010d\u00ed\u0148al v\" width=\"1600\"\/>\t\t\t<\/p>\n<p>\n\t\t\t\tZobrazi\u0165 gal\u00e9riu (3)\t\t\t<\/p>\n<p>\t<\/a><\/p>\n<p>\t\u00a0(Zdroj: X\/GoniecPL)<\/p>\n","protected":false},"excerpt":{"rendered":"VAR\u0160AVA &#8211; No\u010dn\u00fd incident v Katoviciach skon\u010dil z\u00e1sahom pol\u00edcie, hospitaliz\u00e1ciou a n\u00e1sledne aj obvinen\u00edm. Mlad\u00fd Ukrajinec mal nah\u00fd&hellip;\n","protected":false},"author":2,"featured_media":169435,"comment_status":"","ping_status":"","sticky":false,"template":"","format":"standard","meta":{"footnotes":"","_share_on_mastodon":"0"},"categories":[32],"tags":[34,37,5236,33,525,315,43,40,39,42,41,36,38,35,9463,710],"class_list":["post-169434","post","type-post","status-publish","format-standard","has-post-thumbnail","category-spravy","tag-headlines","tag-hlavne-spravy","tag-nahota","tag-news","tag-policia","tag-polsko","tag-sk","tag-slovak","tag-slovakia","tag-slovencina","tag-slovensko","tag-spravy","tag-titulky","tag-top-stories","tag-ukrajinec","tag-utok"],"share_on_mastodon":{"url":"https:\/\/pubeurope.com\/@sk\/117207152200747174","error":""},"_links":{"self":[{"href":"https:\/\/www.europesays.com\/sk\/wp-json\/wp\/v2\/posts\/169434","targetHints":{"allow":["GET"]}}],"collection":[{"href":"https:\/\/www.europesays.com\/sk\/wp-json\/wp\/v2\/posts"}],"about":[{"href":"https:\/\/www.europesays.com\/sk\/wp-json\/wp\/v2\/types\/post"}],"author":[{"embeddable":true,"href":"https:\/\/www.europesays.com\/sk\/wp-json\/wp\/v2\/users\/2"}],"replies":[{"embeddable":true,"href":"https:\/\/www.europesays.com\/sk\/wp-json\/wp\/v2\/comments?post=169434"}],"version-history":[{"count":0,"href":"https:\/\/www.europesays.com\/sk\/wp-json\/wp\/v2\/posts\/169434\/revisions"}],"wp:featuredmedia":[{"embeddable":true,"href":"https:\/\/www.europesays.com\/sk\/wp-json\/wp\/v2\/media\/169435"}],"wp:attachment":[{"href":"https:\/\/www.europesays.com\/sk\/wp-json\/wp\/v2\/media?parent=169434"}],"wp:term":[{"taxonomy":"category","embeddable":true,"href":"https:\/\/www.europesays.com\/sk\/wp-json\/wp\/v2\/categories?post=169434"},{"taxonomy":"post_tag","embeddable":true,"href":"https:\/\/www.europesays.com\/sk\/wp-json\/wp\/v2\/tags?post=169434"}],"curies":[{"name":"wp","href":"https:\/\/api.w.org\/{rel}","templated":true}]}}