{"id":169480,"date":"2026-09-03T13:34:11","date_gmt":"2026-09-03T13:34:11","guid":{"rendered":"https:\/\/www.europesays.com\/sk\/169480\/"},"modified":"2026-09-03T13:34:11","modified_gmt":"2026-09-03T13:34:11","slug":"ludmila-opisala-skusenost-so-stipancom-z-dovolenky-varuje-aj-ostatnych","status":"publish","type":"post","link":"https:\/\/www.europesays.com\/sk\/169480\/","title":{"rendered":"\u013dudmila op\u00edsala sk\u00fasenos\u0165 so \u0161t\u00edpancom z dovolenky, varuje aj ostatn\u00fdch"},"content":{"rendered":"<p>KASTRI LOUTRO &#8211; Z oby\u010dajn\u00e9ho \u0161t\u00edpanca od kom\u00e1ra sa stala no\u010dn\u00e1 mora. Slovenka \u013dudmila tr\u00e1vi u\u017e tradi\u010dne dovolenku v Gr\u00e9cku, v oblasti, ktor\u00fa nav\u0161tevuje pravidelne a preto dobre vie, \u017ee sa v nej dobre dar\u00ed aj otravn\u00e9mu hmyzu. Napriek tomu, \u017ee boli na t\u00fato situ\u00e1ciu vopred pripraven\u00ed, tento rok si u\u0161tipnutie kom\u00e1ra u nej vyp\u00fdtalo vysok\u00fa da\u0148. <\/p>\n<p>\u013dudmila je na dovolenke\u00a0v oblasti Kastri Loutro, k\u00fasok od Nei Poroi. Ke\u010f\u017ee do tejto oblasti chodia u\u017e nieko\u013eko rokov, dobre ju poznaj\u00fa a so sebou si v\u017edy ber\u00fa aj\u00a0 dezinfek\u010dn\u00fd z\u00e1syp, fenistil a protiz\u00e1palov\u00e9 lieky aescin. &#8222;My tu m\u00e1me z jednej strany more, ale z druhej sladk\u00e9 rybn\u00edky, tak kom\u00e1rom je tu sveta \u017ei\u0165,&#8220; op\u00edsala na soci\u00e1lnej sieti v skupine <a href=\"https:\/\/www.facebook.com\/groups\/208344219736004\/permalink\/2171862540050819\/?mibextid=wwXIfr&amp;rdid=pe3KRG9lYUcSiXkZ\" target=\"_blank\" rel=\"nofollow noopener\">Autom do Grecka<\/a>. Okrem toho ich majite\u013e v\u017edy po pr\u00edchode vybav\u00ed aj sprejom. &#8222;Majite\u013e n\u00e1s informoval \u017ee tohto roku s\u00fa nielen kom\u00e1re agres\u00edvne, ale aj nejak\u00e9 \u010dierne mu\u0161ky,&#8220; prezradila.<\/p>\n<p>Rozhodli sa, \u017ee po u\u0161tipnutiach aplikuj\u00fa &#8222;be\u017en\u00fd postup&#8220;. &#8222;Sme tu traja a div sa svete, ka\u017ed\u00fd mal bodance in\u00e9. Dvaja \u00faplne zdrav\u00ed chlapi mali klasiku s men\u0161\u00edm rozdielom. Mal\u00fd \u0161t\u00edpanec, tro\u0161ku \u010derven\u00e9, svrbiv\u00e9 a za p\u00e1r dn\u00ed im to zmizlo. A ja? Bodance ve\u013ek\u00e9, ohrani\u010den\u00e9 \u010derven\u00fdm kruhom a dlho sa hojace,&#8220; uviedla a objasnila, \u017ee ona je reumatologick\u00fd pacient na biologickej lie\u010dbe s poruchou imunity. Za 15 rokov, odkedy chorobu m\u00e1, v\u0161ak pod\u013ea vlastn\u00fdch slov nikdy ni\u010d so \u0161t\u00edpancami nerie\u0161ila. Tento rok to v\u0161ak bolo in\u00e9. Spo\u010diatku to v\u0161ak pripisovala \u0165a\u017e\u0161iemu hojeniu kv\u00f4li imunite ako aj biologickej lie\u010dbe. Jeden \u0161t\u00edpanec sa v\u0161ak pod\u013ea jej slov za\u010dal chova\u0165 inak. &#8222;Vpich sa na piaty de\u0148 za\u010dal zv\u00e4\u010d\u0161ova\u0165 a doslova otv\u00e1ra\u0165,&#8220; uviedla. Miesto si vydezinfikovala, zasypala, prelepila a vynechala k\u00fapanie v mori. Miesto v\u0161ak za\u010dalo mokva\u0165 a \u010derven\u00fd kruh okolo \u0161t\u00edpanca sa zv\u00e4\u010d\u0161oval. Nemala v\u0161ak zatia\u013e zv\u00fd\u0161en\u00fa teplotu, zimnicu a ani nechu\u0165 k jedlu.<\/p>\n<p>\t<a href=\"https:\/\/www.topky.sk\/gl\/9604075\/6584743\/Obycajny-stipanec-mal-vaznu-dohru--Ludmila-opisala-skusenost-z-dovolenky--FOTO-rany--varuje-aj-ostatnych\" rel=\"nofollow noopener\" target=\"_blank\"><br \/>\n\t\t<img decoding=\"async\" alt=\"Oby\u010dajn\u00fd \u0161t\u00edpanec mal v\u00e1\u017enu\" aria-describedby=\"img-res-6584743\" class=\"\" height=\"1154\" id=\"6584743\" loading=\"lazy\" onerror=\"imgArticleLoadErr(this)\" src=\"https:\/\/www.europesays.com\/sk\/wp-content\/uploads\/2026\/09\/dovolenka-komar--grecko-ludmila.jpg\" style=\"aspect-ratio:1.386\" title=\"Oby\u010dajn\u00fd \u0161t\u00edpanec mal v\u00e1\u017enu\" width=\"1600\"\/>\t\t\t<\/p>\n<p>\n\t\t\t\tZobrazi\u0165 gal\u00e9riu (3)\t\t\t<\/p>\n<p>\t<\/a><\/p>\n<p>\t\u00a0(Zdroj: Facebook\/Autom do Grecka &#8211; \u013dudmila \u0160.)<\/p>\n<p>Lek\u00e1ra v tom \u010dase e\u0161te nezva\u017eovala. &#8222;Povedala som si, \u017ee je mo\u017en\u00e9, \u017ee sa mi tam mo\u017eno z piesku pri mori dostala nejak\u00e1 infekcia a zap\u00e1lilo sa to,&#8220; prezradila. Rozhodla sa, \u017ee vydr\u017e\u00ed e\u0161te tri dni a uvid\u00ed. Navy\u0161e po z\u00e1sype sa rana za\u010dala zmen\u0161ova\u0165 a boles\u0165 ustupovala. \u013dudmila sa v\u0161ak te\u0161ila pred\u010dasne. Zvrat nastal po\u010das noci, ke\u010f za\u010dala poci\u0165ova\u0165 v nohe boles\u0165. &#8222;U\u017e v noci sa \u010derven\u00fd kruh zv\u00e4\u010d\u0161il a r\u00e1no bolo ist\u00e9, \u017ee lek\u00e1r ma neminie a to \u010do najsk\u00f4r,&#8220; hovor\u00ed s t\u00fdm, \u017ee cel\u00fa vec rie\u0161ila s asisten\u010dnou slu\u017ebou pois\u0165ovne, v ktorej \u00e1 cstovn\u00e9 poistenie. Tam jej nadiktovali okrem \u0161t\u00e1tnych nemocn\u00edc aj zoznam lek\u00e1rov s dobrou recenziou v okol\u00ed.<\/p>\n<p>Zamierili tak k jednej z miestnych lek\u00e1rok.\u00a0T\u00e1 jej ranu pozrela, odfotila ju na mobil a zavolala ko\u017en\u00e9mu \u0161pecialistovi. &#8222;Cez videohovor sa poradili a dostala som verdikt &#8230;.. u\u0161tipnutie infikovan\u00fdm kom\u00e1rom. Pozerala som sa na t\u00fa doktorku ako puk. A potom mi do\u0161lo, \u017ee som videla na mnoh\u00fdch miestach let\u00e1\u010diky, kde je na obr\u00e1zkoch kom\u00e1r, vt\u00e1k, \u010dlovek a dlh\u00fd text,&#8220; prezradila. Predt\u00fdm jej v\u0161ak nenapadlo pre\u010d\u00edta\u0165 si ich, teraz u\u017e vie, \u017ee sa nich p\u00ed\u0161e, aby ste si ne\u0161kriabali \u0161t\u00edpance od kom\u00e1rov, nesiahali na ne \u0161pinav\u00fdmi rukami a pokia\u013e sa rana chov\u00e1 inak, ako by mala, tak treba ihned vyh\u013eada\u0165 lek\u00e1ra.<\/p>\n<p>\u013dudmila tak skon\u010dila s otvorenou l\u00e9ziou s opuchom, siln\u00fdm z\u00e1palom, za\u010dervenan\u00edm, zatvrdnut\u00edm a mokvan\u00edm. &#8222;Toto dok\u00e1\u017ee spravi\u0165 infikovan\u00fd kom\u00e1r. Ako je mo\u017en\u00e9 \u017ee sa infikuje? Z chor\u00e9ho vt\u00e1ka. Toho \u010fobne ako prv\u00e9ho, nainfikuje sa a potom si s rados\u0165ou pr\u00edde pochutna\u0165 na v\u00e1s. Najviac ohrozen\u00ed \u013eudia s\u00fa cukrovk\u00e1ri, mal\u00e9 deti, star\u0161\u00ed \u013eudia a \u013eudia s oslabenou imunitou,kedy v\u00e1\u0161 imunitn\u00fd syst\u00e9m nedok\u00e1\u017ee bojova\u0165 s infekciou,&#8220; op\u00edsala.\u00a0<\/p>\n<p>Po tejto sk\u00fasenosti ceestovate\u013eom rad\u00ed, aby v pr\u00edpade, \u017ee ich nie\u010do po\u0161t\u00edpe, okolo miesta vpichu sa za\u010dne tvori\u0165 \u010derven\u00fd kruh a \u0161t\u00edpanec sa premen\u00ed na otvoren\u00fa ranu, ni\u010d nepodce\u0148ovali a okam\u017eite vyh\u013eadali lek\u00e1ra. &#8222;\u017diadne babsk\u00e9 rady v\u00e1m nepom\u00f4\u017eu,&#8220; odk\u00e1zala. Ona sama dostala antibiotick\u00fa mas\u0165, antibiotik\u00e1, ktor\u00e9 berie ka\u017ed\u00fdch 12 hod\u00edn a absolvova\u0165 musela aj kontrolu. &#8222;Doktorka mi povedala, \u017ee bez antibiot\u00edk by som to nedala. N\u00e1sledovala by zimnica, hor\u00fa\u010dka a nemocnica. Tieto antibiotik\u00e1 zaber\u00fa a za p\u00e1r dn\u00ed sa budem m\u00f4c\u0165 aj k\u00fapa\u0165. Teraz mus\u00ed by\u0165 rana na vzduchu, sprchovanie len s vodotesn\u00fdm prelepen\u00edm ktor\u00e9 sme k\u00fapili v lek\u00e1rni a d\u00e1va\u0165 pozor na pra\u0161n\u00e9 prostredie a kadejak\u00fd hmyz ktor\u00fd na to r\u00e1d sad\u00e1,&#8220; prezradila.<\/p>\n<p>\u013dudmila tie\u017e upozor\u0148uje, \u017ee aj pri cestvan\u00ed je pre \u013eud\u00ed so z\u00e1va\u017enej\u0161\u00edmi ochoreniami dobr\u00e9 nosi\u0165 si cel\u00fa krabi\u010dku liekov aj s pr\u00edbalov\u00fdm let\u00e1kom. Ona sama mala pri sebe aj potvrdenie, \u017ee m\u00e1 dva druhy \u0161peci\u00e1lnych injek\u010dn\u00fdch pier, ktor\u00e9 mus\u00edm prev\u00e1\u017ea\u0165 v chlade a apier od lek\u00e1ra \u0161pecialistu, ktor\u00fd obsahuje n\u00e1zov choroby v latin\u010dine, n\u00e1zvy liekov a d\u00e1vkovanie, meno lek\u00e1ra, \u010d\u00edslo na neho, krajinu, jej \u00fadaje a pe\u010diatku. V\u0161etky tieto inform\u00e1cie vedia lek\u00e1rovi, ktor\u00e9mu sa dostanete &#8222;pod ruky&#8220; v cudzej krajine pom\u00f4c\u0165 r\u00fdchlej\u0161ie sa zorientova\u0165.<\/p>\n","protected":false},"excerpt":{"rendered":"KASTRI LOUTRO &#8211; Z oby\u010dajn\u00e9ho \u0161t\u00edpanca od kom\u00e1ra sa stala no\u010dn\u00e1 mora. Slovenka \u013dudmila tr\u00e1vi u\u017e tradi\u010dne dovolenku&hellip;\n","protected":false},"author":2,"featured_media":169481,"comment_status":"","ping_status":"","sticky":false,"template":"","format":"standard","meta":{"footnotes":"","_share_on_mastodon":"0"},"categories":[32],"tags":[48111,4091,34,37,48112,25882,1902,33,43,40,39,42,41,36,38,35,2510,36652],"class_list":["post-169480","post","type-post","status-publish","format-standard","has-post-thumbnail","category-spravy","tag-dovolenka-v-turecku","tag-grecko","tag-headlines","tag-hlavne-spravy","tag-infikovany-komar","tag-komar","tag-lekar","tag-news","tag-sk","tag-slovak","tag-slovakia","tag-slovencina","tag-slovensko","tag-spravy","tag-titulky","tag-top-stories","tag-upozornenie","tag-ustipnutie"],"share_on_mastodon":{"url":"https:\/\/pubeurope.com\/@sk\/117207372378290710","error":""},"_links":{"self":[{"href":"https:\/\/www.europesays.com\/sk\/wp-json\/wp\/v2\/posts\/169480","targetHints":{"allow":["GET"]}}],"collection":[{"href":"https:\/\/www.europesays.com\/sk\/wp-json\/wp\/v2\/posts"}],"about":[{"href":"https:\/\/www.europesays.com\/sk\/wp-json\/wp\/v2\/types\/post"}],"author":[{"embeddable":true,"href":"https:\/\/www.europesays.com\/sk\/wp-json\/wp\/v2\/users\/2"}],"replies":[{"embeddable":true,"href":"https:\/\/www.europesays.com\/sk\/wp-json\/wp\/v2\/comments?post=169480"}],"version-history":[{"count":0,"href":"https:\/\/www.europesays.com\/sk\/wp-json\/wp\/v2\/posts\/169480\/revisions"}],"wp:featuredmedia":[{"embeddable":true,"href":"https:\/\/www.europesays.com\/sk\/wp-json\/wp\/v2\/media\/169481"}],"wp:attachment":[{"href":"https:\/\/www.europesays.com\/sk\/wp-json\/wp\/v2\/media?parent=169480"}],"wp:term":[{"taxonomy":"category","embeddable":true,"href":"https:\/\/www.europesays.com\/sk\/wp-json\/wp\/v2\/categories?post=169480"},{"taxonomy":"post_tag","embeddable":true,"href":"https:\/\/www.europesays.com\/sk\/wp-json\/wp\/v2\/tags?post=169480"}],"curies":[{"name":"wp","href":"https:\/\/api.w.org\/{rel}","templated":true}]}}