{"id":169494,"date":"2026-09-03T13:48:09","date_gmt":"2026-09-03T13:48:09","guid":{"rendered":"https:\/\/www.europesays.com\/sk\/169494\/"},"modified":"2026-09-03T13:48:09","modified_gmt":"2026-09-03T13:48:09","slug":"medved-zdemoloval-vcelnicu-a-vyrazil-medzi-domy-video-nezlakol-sa-ani-aut","status":"publish","type":"post","link":"https:\/\/www.europesays.com\/sk\/169494\/","title":{"rendered":"Medve\u010f zdemoloval v\u010delnicu a vyrazil medzi domy: VIDEO Nez\u013eakol sa ani \u00e1ut!"},"content":{"rendered":"<p>LESZCZAWKA &#8211; Obyvatelia po\u013eskej obce Leszczawka ne\u010faleko Bie\u0161\u010dad vystra\u0161il medve\u010f. \u0160elma najsk\u00f4r zni\u010dila miestnu v\u010delnicu a ani po pokuse o odpla\u0161enie sa nevr\u00e1tila do lesa. Namiesto toho pokra\u010dovala v prech\u00e1dzke pomedzi domy, neznepokojili ju ani prech\u00e1dzaj\u00face aut\u00e1.<\/p>\n<p data-end=\"601\" data-start=\"274\">K incidentu do\u0161lo v utorok 1. septembra v obci Leszczawka, ktor\u00e1 patr\u00ed do gminy Bircza v Podkarpatskom vojvodstve. Ako informoval port\u00e1l <a href=\"https:\/\/wiadomosci.wp.pl\/niedzwiedz-w-gminie-bircza-zniszczyl-pasieke-i-spacerowal-miedzy-domami-7325023805696096a?utm_source=chatgpt.com\" target=\"_blank\" rel=\"nofollow noopener\">WP Wiadomo\u015bci<\/a>, medve\u010f sa dostal k miestnej v\u010delnici, kde nap\u00e1chal \u0161kody.<\/p>\n<p>\t<a href=\"https:\/\/www.topky.sk\/gl\/9603997\/6584491\/Medved-zdemoloval-vcelnicu-a-vyrazil-medzi-domy--VIDEO-Nezlakol-sa-ani-aut-\" rel=\"nofollow noopener\" target=\"_blank\"><br \/>\n\t\t<img decoding=\"async\" alt=\"Medve\u010f zdemoloval v\u010delnicu a\" aria-describedby=\"img-res-6584491\" class=\"\" height=\"2133\" id=\"6584491\" loading=\"lazy\" onerror=\"imgArticleLoadErr(this)\" src=\"https:\/\/www.europesays.com\/sk\/wp-content\/uploads\/2026\/09\/medvede-vcelin-polsko-.jpg\" style=\"aspect-ratio:0.750\" title=\"Medve\u010f zdemoloval v\u010delnicu a\" width=\"1600\"\/>\t\t\t<\/p>\n<p>\n\t\t\t\tZobrazi\u0165 gal\u00e9riu (2)\t\t\t<\/p>\n<p>\t<\/a><\/p>\n<p>\t\u00a0(Zdroj: X\/Andrzej Zapa\u0142owski)<\/p>\n<p>Nez\u013eakol sa ani \u00e1ut<\/p>\n<p data-end=\"870\" data-start=\"627\">Obyvatelia sa \u0161elmu pok\u00fasili odpla\u0161i\u0165, t\u00e1 v\u0161ak zastavan\u00e9 \u00fazemie neopustila. Pokojne sa \u010falej pohybovala po dedine a pod\u013ea dostupn\u00fdch z\u00e1berov nejavila strach ani z vozidiel. V jednom momente sa dokonca pribl\u00ed\u017eila k autu, z ktor\u00e9ho ju nakr\u00facali.<\/p>\n<p data-end=\"1144\" data-start=\"872\">Video zverejnil na soci\u00e1lnej sieti X po\u013esk\u00fd poslanec Andrzej Zapa\u0142owski. Upozornil, \u017ee medve\u010f po zni\u010den\u00ed v\u010delnice a n\u00e1slednom odpla\u0161en\u00ed na\u010falej bez ob\u00e1v prech\u00e1dzal obcou. Inform\u00e1cie o pr\u00edpadnom z\u00e1sahu pr\u00edslu\u0161n\u00fdch org\u00e1nov \u010di \u010fal\u0161om pohybe zviera\u0165a zatia\u013e zverejnen\u00e9 neboli.<\/p>\n<p>V oblasti u\u017e medvede za\u00fato\u010dili na \u013eud\u00ed<\/p>\n<p data-end=\"1517\" data-start=\"1189\">V\u00fdskyt medve\u010fov nie je v okol\u00ed Bircze ni\u010d\u00edm v\u00fdnimo\u010dn\u00fdm. V lesoch patriacich pod tamoj\u0161iu lesn\u00fa spr\u00e1vu sa v minulosti odohrali aj nebezpe\u010dn\u00e9 stretnutia s \u013eu\u010fmi. V oblasti Leszczyny napadla medvedica s dvoma ml\u00e1\u010fatami drevoruba\u010da. Mu\u017e sa dostal do bezpe\u010dia pri aute, pri\u010dom sa pred zviera\u0165om chr\u00e1nil na\u0161tartovanou motorovou p\u00edlou.<\/p>\n<p data-end=\"1634\" data-start=\"1519\">Pri obci Lipa zasa medve\u010f napadol hub\u00e1rku, ktor\u00e1 sa pred n\u00edm ukryla na strome. \u0160elme sa za \u0148ou nepodarilo vy\u0161plha\u0165.<\/p>\n<p data-end=\"1925\" data-is-last-node=\"\" data-is-only-node=\"\" data-start=\"1636\">Pod\u013ea lesn\u00edkov m\u00f4\u017ee v Bie\u0161\u010dadoch \u017ei\u0165 pribli\u017ene 100 a\u017e 150 medve\u010fov. Miestne samospr\u00e1vy a niektor\u00ed obyvatelia v\u0161ak odhaduj\u00fa, \u017ee ich po\u010det m\u00f4\u017ee dosahova\u0165 a\u017e okolo 400. Odborn\u00edci pri stretnut\u00ed s medve\u010fom odpor\u00fa\u010daj\u00fa zachova\u0165 pokoj, neuteka\u0165, nekri\u010da\u0165 a pomaly sa vzdiali\u0165 bez prudk\u00fdch pohybov.<\/p>\n","protected":false},"excerpt":{"rendered":"LESZCZAWKA &#8211; Obyvatelia po\u013eskej obce Leszczawka ne\u010faleko Bie\u0161\u010dad vystra\u0161il medve\u010f. \u0160elma najsk\u00f4r zni\u010dila miestnu v\u010delnicu a ani po&hellip;\n","protected":false},"author":2,"featured_media":169495,"comment_status":"","ping_status":"","sticky":false,"template":"","format":"standard","meta":{"footnotes":"","_share_on_mastodon":"0"},"categories":[32],"tags":[34,37,48114,1389,33,315,43,40,39,42,41,36,38,35,48113],"class_list":["post-169494","post","type-post","status-publish","format-standard","has-post-thumbnail","category-spravy","tag-headlines","tag-hlavne-spravy","tag-leszczawka","tag-medved","tag-news","tag-polsko","tag-sk","tag-slovak","tag-slovakia","tag-slovencina","tag-slovensko","tag-spravy","tag-titulky","tag-top-stories","tag-vcelnica"],"share_on_mastodon":{"url":"https:\/\/pubeurope.com\/@sk\/117207427126029511","error":""},"_links":{"self":[{"href":"https:\/\/www.europesays.com\/sk\/wp-json\/wp\/v2\/posts\/169494","targetHints":{"allow":["GET"]}}],"collection":[{"href":"https:\/\/www.europesays.com\/sk\/wp-json\/wp\/v2\/posts"}],"about":[{"href":"https:\/\/www.europesays.com\/sk\/wp-json\/wp\/v2\/types\/post"}],"author":[{"embeddable":true,"href":"https:\/\/www.europesays.com\/sk\/wp-json\/wp\/v2\/users\/2"}],"replies":[{"embeddable":true,"href":"https:\/\/www.europesays.com\/sk\/wp-json\/wp\/v2\/comments?post=169494"}],"version-history":[{"count":0,"href":"https:\/\/www.europesays.com\/sk\/wp-json\/wp\/v2\/posts\/169494\/revisions"}],"wp:featuredmedia":[{"embeddable":true,"href":"https:\/\/www.europesays.com\/sk\/wp-json\/wp\/v2\/media\/169495"}],"wp:attachment":[{"href":"https:\/\/www.europesays.com\/sk\/wp-json\/wp\/v2\/media?parent=169494"}],"wp:term":[{"taxonomy":"category","embeddable":true,"href":"https:\/\/www.europesays.com\/sk\/wp-json\/wp\/v2\/categories?post=169494"},{"taxonomy":"post_tag","embeddable":true,"href":"https:\/\/www.europesays.com\/sk\/wp-json\/wp\/v2\/tags?post=169494"}],"curies":[{"name":"wp","href":"https:\/\/api.w.org\/{rel}","templated":true}]}}