{"id":169498,"date":"2026-09-03T13:57:08","date_gmt":"2026-09-03T13:57:08","guid":{"rendered":"https:\/\/www.europesays.com\/sk\/169498\/"},"modified":"2026-09-03T13:57:08","modified_gmt":"2026-09-03T13:57:08","slug":"foto-pogacarova-partnerka-potesila-fanusikov-doktor-slovinskej-reprezentacie-ale-vyriekol-kruty-ortiel","status":"publish","type":"post","link":"https:\/\/www.europesays.com\/sk\/169498\/","title":{"rendered":"FOTO Poga\u010darova partnerka pote\u0161ila fan\u00fa\u0161ikov: Doktor slovinskej reprezent\u00e1cie ale vyriekol krut\u00fd ortie\u013e"},"content":{"rendered":"<p>\t<a href=\"https:\/\/sportky.zoznam.sk\/g\/493947\/foto-pogacarova-partnerka-potesila-fanusikov-doktor-slovinskej-reprezentacie-ale-vyriekol-kruty-ortiel?image=1195965\" title=\"Tadej Poga\u010dar (v\u013eavo) po odchode z nemocnice v sprievode osobn\u00e9ho mas\u00e9ra \u017digu Jermana\" rel=\"nofollow noopener\" target=\"_blank\">\t\t\t<img decoding=\"async\" loading=\"lazy\" src=\"https:\/\/www.europesays.com\/sk\/wp-content\/uploads\/2026\/09\/tadej-pogacar-ziga-jerman-1195965.jpg\"  alt=\"Tadej Poga\u010dar (v\u013eavo) po odchode z nemocnice v sprievode osobn\u00e9ho mas\u00e9ra \u017digu Jermana\"\/><\/a>Tadej Poga\u010dar (v\u013eavo) po odchode z nemocnice v sprievode osobn\u00e9ho mas\u00e9ra \u017digu Jermana\t\t\t Zdroj: Instagram\/urskazigart\t\t\t\t<\/p>\n<p>\t\t\t<a class=\"box-article-author-image\"><br \/>\n\t\t\t\t<img decoding=\"async\" src=\"https:\/\/sportky.zoznam.sk\/static\/2019_default\/img\/author.svg\"\/><br \/>\n\t\t\t<\/a><\/p>\n<p class=\"perex\">BARCELONA &#8211; P\u00e4\u0165n\u00e1sobn\u00fd v\u00ed\u0165az Tour de France Tadej Poga\u010dar opustil nemocnicu v Barcelone, kde v pondelok podst\u00fapil oper\u00e1ciu dislokovanej zlomeniny k\u013e\u00fa\u010dnej kosti.\t<\/p>\n<p>Zranenie utrpel v sobotu po \u0165a\u017ekom p\u00e1de na Vuelte, v ktorej dovtedy jasne viedol. Fotografiu, na ktorej slovinsk\u00fd pretek\u00e1r op\u00fa\u0161\u0165a nemocnicu, zverejnila na Instagrame jeho priate\u013eka a z\u00e1rove\u0148 cyklistka Ur\u0161ka \u017digartov\u00e1.<\/p>\n<p>&#13;<br \/>\n&#13;<\/p>\n<p>Poga\u010dar utrpel po hromadnej zr\u00e1\u017eke v \u00f4smej etape aj zlomeninu kr\u010dn\u00e9ho stavca, otras mozgu a r\u00f4zne odreniny. Zotavovanie bude pokra\u010dova\u0165 doma v Monaku.<\/p>\n<p>&#13;<br \/>\n&#13;<\/p>\n<p>Po Vuelte, kde chcel 27-ro\u010dn\u00fd Slovinec doplni\u0165 svoju zbierku titulov z Grand Tours, mal Poga\u010dar koncom septembra bojova\u0165 na majstrovstv\u00e1ch sveta v Montreale o tretie zlato v rade. Svoju \u00fa\u010das\u0165 na \u0161ampion\u00e1te zatia\u013e nevzdal, ale pod\u013ea lek\u00e1ra slovinskej reprezent\u00e1cie Kri\u0161tofa Knapa je jeho \u0161tart v podstate vyl\u00fa\u010den\u00fd.<\/p>\n<p>&#13;<br \/>\n&#13;<\/p>\n<p>&#8222;Nie je to realistick\u00e9, hoci by sme si to v\u0161etci \u017eelali,&#8220;\u00a0povedal Knap pre slovinsk\u00fa telev\u00edziu. &#8222;Koniec koncov, Tadej Poga\u010dar je tie\u017e \u010dlovek, ktor\u00fd po skon\u010den\u00ed kari\u00e9ry mus\u00ed pre\u017ei\u0165 zvy\u0161ok \u017eivota vo svojom vlastnom tele. Bolo by dobr\u00e9, keby nemal \u017eiadne n\u00e1sledky. Koniec koncov, m\u00e1 pred sebou e\u0161te p\u00e1r rokov kari\u00e9ry a je d\u00f4le\u017eit\u00e9, aby ni\u010d neupon\u00e1h\u013eal,&#8220;\u00a0uviedol lek\u00e1r.<\/p>\n<p>&#13;<br \/>\n&#13;<\/p>\n<p>\t<a href=\"https:\/\/sportky.zoznam.sk\/g\/493947\/foto-pogacarova-partnerka-potesila-fanusikov-doktor-slovinskej-reprezentacie-ale-vyriekol-kruty-ortiel?image=1195963\" title=\"FOTO Poga\u010darova partnerka pote\u0161ila\" rel=\"nofollow noopener\" target=\"_blank\"><br \/>\n\t\t<img decoding=\"async\" alt=\"FOTO Poga\u010darova partnerka pote\u0161ila\" src=\"https:\/\/www.europesays.com\/sk\/wp-content\/uploads\/2026\/09\/1195963..gif\"\/><br \/>\n\t<\/a>\t<a class=\"article-image-btn\" href=\"https:\/\/sportky.zoznam.sk\/g\/493947\/foto-pogacarova-partnerka-potesila-fanusikov-doktor-slovinskej-reprezentacie-ale-vyriekol-kruty-ortiel?image=1195963\" title=\"Gal\u00e9ria fotiek (1)\" rel=\"nofollow noopener\" target=\"_blank\"><br \/>\n\t\tGal\u00e9ria fotiek (1)<br \/>\n\t<\/a>Tadej Poga\u010dar po odchode z nemocnice v sprievode osobn\u00e9ho mas\u00e9ra \u017digu Jermana<br \/>\n&#13;<\/p>\n<p>\t\t\tAutor: \u00a9 Zoznam\/\t\t\tZdroj: \u010cTK\t<\/p>\n","protected":false},"excerpt":{"rendered":"Tadej Poga\u010dar (v\u013eavo) po odchode z nemocnice v sprievode osobn\u00e9ho mas\u00e9ra \u017digu Jermana Zdroj: Instagram\/urskazigart BARCELONA &#8211; P\u00e4\u0165n\u00e1sobn\u00fd&hellip;\n","protected":false},"author":2,"featured_media":169499,"comment_status":"","ping_status":"","sticky":false,"template":"","format":"standard","meta":{"footnotes":"","_share_on_mastodon":"0"},"categories":[13],"tags":[43,40,39,42,41,69,68,2529,35079,40383],"class_list":["post-169498","post","type-post","status-publish","format-standard","has-post-thumbnail","category-sport","tag-sk","tag-slovak","tag-slovakia","tag-slovencina","tag-slovensko","tag-sport","tag-sports","tag-tadej-pogacar","tag-urska-zigartova","tag-vuelta"],"share_on_mastodon":{"url":"https:\/\/pubeurope.com\/@sk\/117207462531563789","error":""},"_links":{"self":[{"href":"https:\/\/www.europesays.com\/sk\/wp-json\/wp\/v2\/posts\/169498","targetHints":{"allow":["GET"]}}],"collection":[{"href":"https:\/\/www.europesays.com\/sk\/wp-json\/wp\/v2\/posts"}],"about":[{"href":"https:\/\/www.europesays.com\/sk\/wp-json\/wp\/v2\/types\/post"}],"author":[{"embeddable":true,"href":"https:\/\/www.europesays.com\/sk\/wp-json\/wp\/v2\/users\/2"}],"replies":[{"embeddable":true,"href":"https:\/\/www.europesays.com\/sk\/wp-json\/wp\/v2\/comments?post=169498"}],"version-history":[{"count":0,"href":"https:\/\/www.europesays.com\/sk\/wp-json\/wp\/v2\/posts\/169498\/revisions"}],"wp:featuredmedia":[{"embeddable":true,"href":"https:\/\/www.europesays.com\/sk\/wp-json\/wp\/v2\/media\/169499"}],"wp:attachment":[{"href":"https:\/\/www.europesays.com\/sk\/wp-json\/wp\/v2\/media?parent=169498"}],"wp:term":[{"taxonomy":"category","embeddable":true,"href":"https:\/\/www.europesays.com\/sk\/wp-json\/wp\/v2\/categories?post=169498"},{"taxonomy":"post_tag","embeddable":true,"href":"https:\/\/www.europesays.com\/sk\/wp-json\/wp\/v2\/tags?post=169498"}],"curies":[{"name":"wp","href":"https:\/\/api.w.org\/{rel}","templated":true}]}}