{"id":169504,"date":"2026-09-03T14:01:13","date_gmt":"2026-09-03T14:01:13","guid":{"rendered":"https:\/\/www.europesays.com\/sk\/169504\/"},"modified":"2026-09-03T14:01:13","modified_gmt":"2026-09-03T14:01:13","slug":"agresor-sa-po-obci-vozil-so-samopalom-na-aute","status":"publish","type":"post","link":"https:\/\/www.europesays.com\/sk\/169504\/","title":{"rendered":"Agresor sa po obci vozil so samopalom na aute!"},"content":{"rendered":"<p>TREBI\u0160OV &#8211; S\u00e9ria nebezpe\u010dn\u00fdch incidentov vyvolala v jednej z obc\u00ed v Trebi\u0161ovskom okrese obrovsk\u00fd strach. Len 42-ro\u010dn\u00fd mu\u017e sa koncom augusta pohyboval po dedine so zbra\u0148ou v ruke, pri\u010dom sa viacer\u00fdm \u013eu\u010fom vyhr\u00e1\u017eal zabit\u00edm a z miesta sa dokonca oz\u00fdvali zvuky stre\u013eby. Po vy\u010d\u00ed\u0148an\u00ed v miestnom podniku zasiahli policajti z Kr\u00e1\u013eovsk\u00e9ho Chlmca, ktor\u00ed ho r\u00fdchlo zadr\u017eali. Sudca ho okam\u017eite poslal do v\u00e4zby.<\/p>\n<p>Nesp\u00fatan\u00e9 vy\u010d\u00ed\u0148anie 42-ro\u010dn\u00e9ho mu\u017ea sa odohralo koncom augusta a v obyvate\u013eoch obce zanechalo mraziv\u00fd pocit ohrozenia \u017eivota. Nesp\u00fatan\u00e9 vy\u010d\u00ed\u0148anie 42-ro\u010dn\u00e9ho mu\u017ea sa odohralo koncom augusta a v obyvate\u013eoch obce zanechalo mraziv\u00fd pocit ohrozenia \u017eivota.<\/p>\n<p>O nieko\u013eko hod\u00edn nesk\u00f4r sa presunul do miestneho podniku, kde v agres\u00edvnom spr\u00e1van\u00ed pokra\u010doval a jednej zo \u017eien sa opakovane vyhr\u00e1\u017eal smr\u0165ou. Na\u0161\u0165astie pri t\u00fdchto nebezpe\u010dn\u00fdch incidentoch nedo\u0161lo k \u017eiadnemu zraneniu os\u00f4b.<\/p>\n<p>Policajti zasiahli, mu\u017e skon\u010dil vo v\u00e4zbe<\/p>\n<p data-path-to-node=\"15\">Obyvatelia, ktor\u00ed sa za\u010dali re\u00e1lne ob\u00e1va\u0165 o svoje \u017eivoty, okam\u017eite zalarmovali str\u00e1\u017ecov z\u00e1kona. Na miesto dorazili policajti z Obvodn\u00e9ho oddelenia Policajn\u00e9ho zboru v Kr\u00e1\u013eovskom Chlmci, ktor\u00ed podozriv\u00e9ho mu\u017ea zadr\u017eali.<\/p>\n<p data-path-to-node=\"16,0,0\">Policajti zabezpe\u010dili potrebn\u00e9 d\u00f4kazy vr\u00e1tane kamerov\u00fdch z\u00e1znamov, ktor\u00e9 vy\u010d\u00ed\u0148anie mu\u017ea zdokumentovali. Vy\u0161etrovate\u013e 42-ro\u010dn\u00e9ho mu\u017ea obvinil zo z\u00e1va\u017en\u00e9ho pre\u010dinu nebezpe\u010dn\u00e9ho vyhr\u00e1\u017eania so zbra\u0148ou. Pr\u00edslu\u0161n\u00fd s\u00fad stoto\u017enil n\u00e1vrh na jeho v\u00e4zobn\u00e9 st\u00edhanie a mu\u017e tak skon\u010dil za mre\u017eami. \u201eVyhr\u00e1\u017eky, ktor\u00e9 vzbudzuj\u00fa d\u00f4vodn\u00fa obavu o \u017eivot alebo zdravie, neberieme na \u013eahk\u00fa v\u00e1hu,\u201c zd\u00f4raznila v stanovisku pol\u00edcia.<\/p>\n<p>Mu\u017e sa so zbra\u0148ou pohyboval po obci\t\t(Zdroj: Facebook\/Pol\u00edcia SR &#8211; Ko\u0161ick\u00fd kraj)\t<\/p>\n","protected":false},"excerpt":{"rendered":"TREBI\u0160OV &#8211; S\u00e9ria nebezpe\u010dn\u00fdch incidentov vyvolala v jednej z obc\u00ed v Trebi\u0161ovskom okrese obrovsk\u00fd strach. Len 42-ro\u010dn\u00fd mu\u017e&hellip;\n","protected":false},"author":2,"featured_media":169505,"comment_status":"","ping_status":"","sticky":false,"template":"","format":"standard","meta":{"footnotes":"","_share_on_mastodon":"0"},"categories":[6],"tags":[26366,4326,525,48116,43,40,44,39,42,45,41],"class_list":["post-169504","post","type-post","status-publish","format-standard","has-post-thumbnail","category-slovensko","tag-agresor","tag-muz","tag-policia","tag-samopal","tag-sk","tag-slovak","tag-slovak-republic","tag-slovakia","tag-slovencina","tag-slovenska-republika","tag-slovensko"],"share_on_mastodon":{"url":"https:\/\/pubeurope.com\/@sk\/117207478135414009","error":""},"_links":{"self":[{"href":"https:\/\/www.europesays.com\/sk\/wp-json\/wp\/v2\/posts\/169504","targetHints":{"allow":["GET"]}}],"collection":[{"href":"https:\/\/www.europesays.com\/sk\/wp-json\/wp\/v2\/posts"}],"about":[{"href":"https:\/\/www.europesays.com\/sk\/wp-json\/wp\/v2\/types\/post"}],"author":[{"embeddable":true,"href":"https:\/\/www.europesays.com\/sk\/wp-json\/wp\/v2\/users\/2"}],"replies":[{"embeddable":true,"href":"https:\/\/www.europesays.com\/sk\/wp-json\/wp\/v2\/comments?post=169504"}],"version-history":[{"count":0,"href":"https:\/\/www.europesays.com\/sk\/wp-json\/wp\/v2\/posts\/169504\/revisions"}],"wp:featuredmedia":[{"embeddable":true,"href":"https:\/\/www.europesays.com\/sk\/wp-json\/wp\/v2\/media\/169505"}],"wp:attachment":[{"href":"https:\/\/www.europesays.com\/sk\/wp-json\/wp\/v2\/media?parent=169504"}],"wp:term":[{"taxonomy":"category","embeddable":true,"href":"https:\/\/www.europesays.com\/sk\/wp-json\/wp\/v2\/categories?post=169504"},{"taxonomy":"post_tag","embeddable":true,"href":"https:\/\/www.europesays.com\/sk\/wp-json\/wp\/v2\/tags?post=169504"}],"curies":[{"name":"wp","href":"https:\/\/api.w.org\/{rel}","templated":true}]}}