{"id":169538,"date":"2026-09-03T14:46:06","date_gmt":"2026-09-03T14:46:06","guid":{"rendered":"https:\/\/www.europesays.com\/sk\/169538\/"},"modified":"2026-09-03T14:46:06","modified_gmt":"2026-09-03T14:46:06","slug":"vyhlasili-sutaz-navrhu-na-obnovu-budovy-najvyssieho-sudu-sr","status":"publish","type":"post","link":"https:\/\/www.europesays.com\/sk\/169538\/","title":{"rendered":"Vyhl\u00e1sili s\u00fa\u0165a\u017e n\u00e1vrhu na obnovu budovy Najvy\u0161\u0161ieho s\u00fadu SR"},"content":{"rendered":"<p>Bratislava 3. septembra (TASR) &#8211; Kancel\u00e1ria Najvy\u0161\u0161ieho s\u00fadu (NS) SR vyhl\u00e1sila s\u00fa\u0165a\u017e na vypracovanie architektonick\u00e9ho n\u00e1vrhu na obnovu budovy Najvy\u0161\u0161ieho s\u00fadu SR ako s\u00eddla NS SR a Najvy\u0161\u0161ieho spr\u00e1vneho s\u00fadu (NSS) SR, ktor\u00e1 sa nach\u00e1dza na \u017dupnom n\u00e1mest\u00ed v Bratislave. Lehota na predkladanie pon\u00fak je do 26. okt\u00f3bra. Vypl\u00fdva to z ozn\u00e1menia, zverejnenom na webe \u00daradu pre verejn\u00e9 obstar\u00e1vanie (\u00daVO).<\/p>\n<p>Obnova je pod\u013ea Kancel\u00e1rie NS nevyhnutn\u00e1 z d\u00f4vodu nedostato\u010dn\u00e9ho technick\u00e9ho stavu budovy a jej n\u00e1ro\u010dnej energetickej a ekonomickej prev\u00e1dzky, ktor\u00e9 br\u00e1nia plnohodnotn\u00e9mu vyu\u017eitiu jej potenci\u00e1lu. \u00da\u010delom s\u00fa\u0165a\u017ee je n\u00e1js\u0165 n\u00e1vrh, ktor\u00fd spomedzi predlo\u017een\u00fdch n\u00e1vrhov najlep\u0161ie vyrie\u0161i po\u017eiadavku vyhlasovate\u013ea na vytvorenie d\u00f4stojn\u00e9ho a modern\u00e9ho s\u00eddla pre NS SR a aj NSS SR, prispeje k efekt\u00edvnej\u0161iemu vyu\u017e\u00edvaniu verejn\u00fdch zdrojov a z\u00e1rove\u0148 zachov\u00e1 architektonick\u00fd odkaz architekta Vladim\u00edra Dede\u010dka. Nov\u00e9 zadanie nadvia\u017ee na jeho p\u00f4vodn\u00fd koncept &#8211; dve jasne oddelen\u00e9 \u010dasti v jednej budove, ktor\u00e9 vyu\u017e\u00edvaj\u00fa spolo\u010dn\u00e9 priestory.<\/p>\n<p>Po s\u00fa\u0165a\u017ei n\u00e1vrhov zrealizuje vyhlasovate\u013e priame rokovacie konanie. Vyhlasovate\u013e vyzve na rokovanie \u00fa\u010dastn\u00edka, ktor\u00e9ho n\u00e1vrh vyhodnot\u00ed porota ako v\u00ed\u0165azn\u00fd. Predpokladan\u00e1 hodnota nadv\u00e4zuj\u00facej z\u00e1kazky je 5.075.826 eur bez DPH, z toho suma na ceny a odmeny udelen\u00e9 v s\u00fa\u0165a\u017ei predstavuje hodnotu 92.500 eur.<\/p>\n<p>\u201eVerejn\u00fd obstar\u00e1vate\u013e z\u00e1rove\u0148 informuje \u00fa\u010dastn\u00edkov, \u017ee v \u010dase vyhl\u00e1senia s\u00fa\u0165a\u017ee nem\u00e1 finan\u010dne kryt\u00e9 n\u00e1klady spojen\u00e9 s postupom, ktor\u00fd bude nasledova\u0165 po ukon\u010den\u00ed tejto s\u00fa\u0165a\u017ee (priame rokovacie konanie, ktor\u00e9 vyhlasovate\u013e vykon\u00e1 s \u00fa\u010dastn\u00edkom, ktor\u00e9ho n\u00e1vrh porota vyhodnot\u00ed ako v\u00ed\u0165azn\u00fd),\u201c uv\u00e1dza Kancel\u00e1ria NS v ozn\u00e1men\u00ed. Obstar\u00e1vate\u013e v\u0161ak predpoklad\u00e1, \u017ee v \u010dase za\u010datia priameho rokovacieho konania bude ma\u0165 schv\u00e1len\u00e9 finan\u010dn\u00e9 prostriedky na zadanie z\u00e1kazky nasleduj\u00facej po tejto s\u00fa\u0165a\u017ei, ke\u010f\u017ee je jednozna\u010dn\u00fdm cie\u013eom vyhlasovate\u013ea realizova\u0165 predmetn\u00fd projekt v celom rozsahu.<\/p>\n<p>S\u00fa\u0165a\u017en\u00fdm n\u00e1vrhom, ktor\u00fdm nebola udelen\u00e1 cena za 1. a\u017e 3. miesto, m\u00f4\u017ee by\u0165 vyplaten\u00e1 odmena. V\u00fd\u0161ka odmeny nem\u00f4\u017ee by\u0165 ni\u017e\u0161ia ako 4000 eur. Celkov\u00e1 suma, ktor\u00e1 je vyhraden\u00e1 na odmeny je 12.500 eur.<\/p>\n","protected":false},"excerpt":{"rendered":"Bratislava 3. septembra (TASR) &#8211; Kancel\u00e1ria Najvy\u0161\u0161ieho s\u00fadu (NS) SR vyhl\u00e1sila s\u00fa\u0165a\u017e na vypracovanie architektonick\u00e9ho n\u00e1vrhu na obnovu&hellip;\n","protected":false},"author":2,"featured_media":169539,"comment_status":"","ping_status":"","sticky":false,"template":"","format":"standard","meta":{"footnotes":"","_share_on_mastodon":"0"},"categories":[21],"tags":[34767,136,11363,48119,1817,43,40,39,42,41,2578],"class_list":["post-169538","post","type-post","status-publish","format-standard","has-post-thumbnail","category-bratislava","tag-architektonicka","tag-bratislava","tag-ns","tag-nss","tag-obnova-budovy","tag-sk","tag-slovak","tag-slovakia","tag-slovencina","tag-slovensko","tag-sutaz"],"share_on_mastodon":{"url":"https:\/\/pubeurope.com\/@sk\/117207654930854721","error":""},"_links":{"self":[{"href":"https:\/\/www.europesays.com\/sk\/wp-json\/wp\/v2\/posts\/169538","targetHints":{"allow":["GET"]}}],"collection":[{"href":"https:\/\/www.europesays.com\/sk\/wp-json\/wp\/v2\/posts"}],"about":[{"href":"https:\/\/www.europesays.com\/sk\/wp-json\/wp\/v2\/types\/post"}],"author":[{"embeddable":true,"href":"https:\/\/www.europesays.com\/sk\/wp-json\/wp\/v2\/users\/2"}],"replies":[{"embeddable":true,"href":"https:\/\/www.europesays.com\/sk\/wp-json\/wp\/v2\/comments?post=169538"}],"version-history":[{"count":0,"href":"https:\/\/www.europesays.com\/sk\/wp-json\/wp\/v2\/posts\/169538\/revisions"}],"wp:featuredmedia":[{"embeddable":true,"href":"https:\/\/www.europesays.com\/sk\/wp-json\/wp\/v2\/media\/169539"}],"wp:attachment":[{"href":"https:\/\/www.europesays.com\/sk\/wp-json\/wp\/v2\/media?parent=169538"}],"wp:term":[{"taxonomy":"category","embeddable":true,"href":"https:\/\/www.europesays.com\/sk\/wp-json\/wp\/v2\/categories?post=169538"},{"taxonomy":"post_tag","embeddable":true,"href":"https:\/\/www.europesays.com\/sk\/wp-json\/wp\/v2\/tags?post=169538"}],"curies":[{"name":"wp","href":"https:\/\/api.w.org\/{rel}","templated":true}]}}