{"id":169550,"date":"2026-09-03T14:58:14","date_gmt":"2026-09-03T14:58:14","guid":{"rendered":"https:\/\/www.europesays.com\/sk\/169550\/"},"modified":"2026-09-03T14:58:14","modified_gmt":"2026-09-03T14:58:14","slug":"aktualne-policia-zasahuje-v-bratislavskom-ruzinove-bytovku-obklucili-hliadky-razia-ma-suvisiet-s-pornografiou-topky","status":"publish","type":"post","link":"https:\/\/www.europesays.com\/sk\/169550\/","title":{"rendered":"AKTU\u00c1LNE Pol\u00edcia zasahuje v bratislavskom Ru\u017einove: Bytovku obk\u013e\u00fa\u010dili hliadky, razia m\u00e1 s\u00favisie\u0165 s pornografiou &#8211; Topky"},"content":{"rendered":"<p><a href=\"https:\/\/news.google.com\/rss\/articles\/CBMi3wFBVV95cUxQd1RMNDlPQ2xMTGJSNi1ZcTFMbnk3S2hhU0JwUGQxX1IySWlhM0lOelQ0R2xkNGlNZXppSHJxcTlPVkdkdjRLazYwNThoU3lUc0xZVlRlRFZNZU14TXNDWUxHcUFMVDZWbzdIUnV1TnlEUy1nMklUcGR0ekVhWTR4MzNHWjZ3d1hhYWFwdE52SlE4akVMa3Y2Z3NYN2pKUUJYRnllTTJiMTlkd1phXzBDWjhmT1lFV3FUMjZ1Y3hVVVpvR2NWXzlrS0JKOS16aGF0U1lUaVU4YlRycnVWU3BZ?oc=5\" target=\"_blank\" rel=\"nofollow noopener\">AKTU\u00c1LNE Pol\u00edcia zasahuje v bratislavskom Ru\u017einove: Bytovku obk\u013e\u00fa\u010dili hliadky, razia m\u00e1 s\u00favisie\u0165 s pornografiou<\/a>&nbsp;&nbsp;Topky<a href=\"https:\/\/news.google.com\/rss\/articles\/CBMiuwFBVV95cUxNQWI1UUdNOXcyTXE3c252NnpvVXdNZWNyXzlpQnJEelludS13M1hPMW1JbDF4LXVjQlZscjFCdTBqV2xoUzhFSnVLc1FKODZ2bWNieWJtXzNIaFNMczVKMVdwcF9JaUs3UkxQdXZZeWJUV2t5QlNScWtBQVNDV002S2wwRllNb1IxZ1k1eUg2c1BYUmFETGJCc0xQN1FlZFQtUmF5RlNkYXJhNlFMZnhSdWprSDdrM242ZlVv?oc=5\" target=\"_blank\" rel=\"nofollow noopener\">AKTU\u00c1LNE Ve\u013ek\u00e1 policajn\u00e1 akcia v Bratislave: Zasahuje mno\u017estvo policajtov! \u0160ok, \u010do je za t\u00fdm<\/a>&nbsp;&nbsp;Zoznam<a href=\"https:\/\/news.google.com\/rss\/articles\/CBMixwFBVV95cUxPWGVhYkI4eFltSDkwN1hfU0NRWmhndnNudUxURnR5bkROQlk4U0VlVElBdm1xY3l2akMxWVdXa1hTeGdUcUR6M1B4MWo4b3AyVFRfd2JBNkNPYWVwVHY1c2lVUksxYmNWRVdrV21pdzJqOXpyTG5vXzQ3NThVX1VrdWNhS1Jub0o5VzBrWEh2azg5Y3lvWFoxZGExejIxT0I3Zi1NdnZYd1Q4UVdoOTFUMkdoU3NtbjBieUZkazFSREl5RmN6VWFV?oc=5\" target=\"_blank\" rel=\"nofollow noopener\">Pol\u00edcia zasahuje v Bratislave pre podozrenia z mravnostnej trestnej \u010dinnosti &#8211; Regi\u00f3ny &#8211; Spr\u00e1vy<\/a>&nbsp;&nbsp;pravda.sk<a href=\"https:\/\/news.google.com\/rss\/articles\/CBMiqgFBVV95cUxOZUt5TGZCZnIyakxrTGNLUVppUjdpQUpBOEVCYm9GQXc5bDdrZ3RDaTRYREhhYk1ZZVlQUUxXWG15ZmozMFpUdWtxY0pxLVBZNi1ONHdJLUg3aTQ2MEk4Ti1NSmFiaEhRMWdUc1hsSHppZlBNNERFbVRmRkhMZE1WajcwZzF6bDhwU1g3aVpHTGFVRGJQVFpMeFZfRVVsRWRlXzIydDRrVjdtdw?oc=5\" target=\"_blank\" rel=\"nofollow noopener\">\u010co sa deje? Pol\u00edcia zasahovala v Bratislave! Zadr\u017eala troch mlad\u00edkov<\/a>&nbsp;&nbsp;Koktejl.sk<a href=\"https:\/\/news.google.com\/rss\/articles\/CBMi2wFBVV95cUxPeVJYQk5oYzlhVkRoUVJRY2stTlhoTVhVRVdjeFN5NHZ1QzVHNUl0bXMxMzRXdUZ2aDhfLVlWMEU1dzl3V1hlVGFQdlJVcHpXWnhKNUtqVVVZQ2NRd24wUnZyejk0MXE2VVlCM3lxaXNmUEpVV2ducmhEcE9Ea0c3ZkNJSU5yOUZRZjdmdm8xMUo5Sm5GZ3BUWm9EbHJkQW5jREV1REVEUWcxYVFmRE9iOU1nVEJJeGZmLUo5Vjd4WGRTVTMzSDB4Mm1WYkc3UlA1akpZZnEwRWdPdmM?oc=5\" target=\"_blank\" rel=\"nofollow noopener\">Diskusia: Pol\u00edcia spustila ve\u013ek\u00fd z\u00e1sah v Bratislave. Vy\u0161etruje v\u00e1\u017ene podozrenia z mravnostnej trestnej \u010dinnosti<\/a>&nbsp;&nbsp;Aktuality<\/p>\n","protected":false},"excerpt":{"rendered":"AKTU\u00c1LNE Pol\u00edcia zasahuje v bratislavskom Ru\u017einove: Bytovku obk\u013e\u00fa\u010dili hliadky, razia m\u00e1 s\u00favisie\u0165 s pornografiou&nbsp;&nbsp;TopkyAKTU\u00c1LNE Ve\u013ek\u00e1 policajn\u00e1 akcia v&hellip;\n","protected":false},"author":2,"featured_media":169551,"comment_status":"","ping_status":"","sticky":false,"template":"","format":"standard","meta":{"footnotes":"","_share_on_mastodon":"0"},"categories":[32],"tags":[34,37,33,525,41042,5034,1741,43,40,39,42,41,36,38,35],"class_list":["post-169550","post","type-post","status-publish","format-standard","has-post-thumbnail","category-spravy","tag-headlines","tag-hlavne-spravy","tag-news","tag-policia","tag-pornografia","tag-razia","tag-ruzinov","tag-sk","tag-slovak","tag-slovakia","tag-slovencina","tag-slovensko","tag-spravy","tag-titulky","tag-top-stories"],"share_on_mastodon":{"url":"https:\/\/pubeurope.com\/@sk\/117207702311870176","error":""},"_links":{"self":[{"href":"https:\/\/www.europesays.com\/sk\/wp-json\/wp\/v2\/posts\/169550","targetHints":{"allow":["GET"]}}],"collection":[{"href":"https:\/\/www.europesays.com\/sk\/wp-json\/wp\/v2\/posts"}],"about":[{"href":"https:\/\/www.europesays.com\/sk\/wp-json\/wp\/v2\/types\/post"}],"author":[{"embeddable":true,"href":"https:\/\/www.europesays.com\/sk\/wp-json\/wp\/v2\/users\/2"}],"replies":[{"embeddable":true,"href":"https:\/\/www.europesays.com\/sk\/wp-json\/wp\/v2\/comments?post=169550"}],"version-history":[{"count":0,"href":"https:\/\/www.europesays.com\/sk\/wp-json\/wp\/v2\/posts\/169550\/revisions"}],"wp:featuredmedia":[{"embeddable":true,"href":"https:\/\/www.europesays.com\/sk\/wp-json\/wp\/v2\/media\/169551"}],"wp:attachment":[{"href":"https:\/\/www.europesays.com\/sk\/wp-json\/wp\/v2\/media?parent=169550"}],"wp:term":[{"taxonomy":"category","embeddable":true,"href":"https:\/\/www.europesays.com\/sk\/wp-json\/wp\/v2\/categories?post=169550"},{"taxonomy":"post_tag","embeddable":true,"href":"https:\/\/www.europesays.com\/sk\/wp-json\/wp\/v2\/tags?post=169550"}],"curies":[{"name":"wp","href":"https:\/\/api.w.org\/{rel}","templated":true}]}}