{"id":169558,"date":"2026-09-03T15:10:13","date_gmt":"2026-09-03T15:10:13","guid":{"rendered":"https:\/\/www.europesays.com\/sk\/169558\/"},"modified":"2026-09-03T15:10:13","modified_gmt":"2026-09-03T15:10:13","slug":"magyar-rokoval-s-costom-o-rozpocte-eu-aj-o-migracii","status":"publish","type":"post","link":"https:\/\/www.europesays.com\/sk\/169558\/","title":{"rendered":"Magyar rokoval s Costom o rozpo\u010dte E\u00da aj o migr\u00e1cii"},"content":{"rendered":"<p>BUDAPE\u0160\u0164 &#8211; Ma\u010farsk\u00fd premi\u00e9r P\u00e9ter Magyar v stredu ve\u010der prijal predsedu Eur\u00f3pskej rady Ant\u00f3nia Costu. Po\u010das stretnutia mu dal jasne najavo, \u017ee Budape\u0161\u0165 m\u00f4\u017ee akceptova\u0165 nov\u00fd sedemro\u010dn\u00fd rozpo\u010det Eur\u00f3pskej \u00fanie len vtedy, ak bude v\u00fdsledn\u00fd kompromis zodpoveda\u0165 z\u00e1ujmom ma\u010farsk\u00e9ho \u013eudu a ma\u010farsk\u00fdm podnikom. Vypl\u00fdva to z pr\u00edspevku premi\u00e9ra zverejnen\u00e9ho na Facebooku, informuje spravodajca TASR v Budape\u0161ti.<\/p>\n<p>Predsedovi Eur\u00f3pskej rady Magyar tlmo\u010dil aj o\u010dak\u00e1vanie skor\u00e9ho vyrie\u0161enia ot\u00e1zky pozastavenia dennej pokuty jeden mili\u00f3n eur. Ma\u010farsku bola udelen\u00e1 e\u0161te za predch\u00e1dzaj\u00facej vl\u00e1dy Viktora Orb\u00e1na za nevykonanie rozhodnutie S\u00fadneho dvora Eur\u00f3pskej \u00fanie (SDE\u00da) o poru\u0161en\u00ed pr\u00e1va E\u00da v ma\u010farskom azylovom pr\u00e1ve.<\/p>\n<p>\u201ePredsedovi Eur\u00f3pskej rady som zd\u00f4raznil, \u017ee najm\u00e4 vzh\u013eadom na to, \u010do sa stalo v Ceute toto leto, Ma\u010farsko na\u010falej udr\u017eiava pr\u00e1vne prostredie a fyzick\u00e9 uzavretie hran\u00edc potrebn\u00e9 na zastavenie neleg\u00e1lnej migr\u00e1cie,\u201c uviedol ma\u010farsk\u00fd premi\u00e9r s t\u00fdm, \u017ee krajina bude na\u010falej chr\u00e1ni\u0165 spolo\u010dn\u00e9 hranice Eur\u00f3pskej \u00fanie. \u201eA o\u010dak\u00e1vame, \u017ee toto na\u0161e \u00fasilie bude uznan\u00e9 na eur\u00f3pskej \u00farovni,\u201c dodal. Magyar svoj pr\u00edspevok uzavrel vyhl\u00e1sen\u00edm adresovan\u00fdm Costovi, v ktorom zd\u00f4raznil, \u017ee Ma\u010farsko nepodporuje zr\u00fdchlen\u00fd pr\u00edstupov\u00fd proces pre \u017eiadnu kandid\u00e1tsku krajinu.<\/p>\n","protected":false},"excerpt":{"rendered":"BUDAPE\u0160\u0164 &#8211; Ma\u010farsk\u00fd premi\u00e9r P\u00e9ter Magyar v stredu ve\u010der prijal predsedu Eur\u00f3pskej rady Ant\u00f3nia Costu. Po\u010das stretnutia mu&hellip;\n","protected":false},"author":2,"featured_media":169559,"comment_status":"","ping_status":"","sticky":false,"template":"","format":"standard","meta":{"footnotes":"","_share_on_mastodon":"0"},"categories":[8],"tags":[8577,57,483,5217,33,3373,43,40,42,36,50,49,48],"class_list":["post-169558","post","type-post","status-publish","format-standard","has-post-thumbnail","category-svet","tag-antonio-costa","tag-eu","tag-madarsko","tag-migracia","tag-news","tag-peter-magyar","tag-sk","tag-slovak","tag-slovencina","tag-spravy","tag-svet","tag-world","tag-world-news"],"share_on_mastodon":{"url":"https:\/\/pubeurope.com\/@sk\/117207749446299918","error":""},"_links":{"self":[{"href":"https:\/\/www.europesays.com\/sk\/wp-json\/wp\/v2\/posts\/169558","targetHints":{"allow":["GET"]}}],"collection":[{"href":"https:\/\/www.europesays.com\/sk\/wp-json\/wp\/v2\/posts"}],"about":[{"href":"https:\/\/www.europesays.com\/sk\/wp-json\/wp\/v2\/types\/post"}],"author":[{"embeddable":true,"href":"https:\/\/www.europesays.com\/sk\/wp-json\/wp\/v2\/users\/2"}],"replies":[{"embeddable":true,"href":"https:\/\/www.europesays.com\/sk\/wp-json\/wp\/v2\/comments?post=169558"}],"version-history":[{"count":0,"href":"https:\/\/www.europesays.com\/sk\/wp-json\/wp\/v2\/posts\/169558\/revisions"}],"wp:featuredmedia":[{"embeddable":true,"href":"https:\/\/www.europesays.com\/sk\/wp-json\/wp\/v2\/media\/169559"}],"wp:attachment":[{"href":"https:\/\/www.europesays.com\/sk\/wp-json\/wp\/v2\/media?parent=169558"}],"wp:term":[{"taxonomy":"category","embeddable":true,"href":"https:\/\/www.europesays.com\/sk\/wp-json\/wp\/v2\/categories?post=169558"},{"taxonomy":"post_tag","embeddable":true,"href":"https:\/\/www.europesays.com\/sk\/wp-json\/wp\/v2\/tags?post=169558"}],"curies":[{"name":"wp","href":"https:\/\/api.w.org\/{rel}","templated":true}]}}