{"id":169560,"date":"2026-09-03T15:11:12","date_gmt":"2026-09-03T15:11:12","guid":{"rendered":"https:\/\/www.europesays.com\/sk\/169560\/"},"modified":"2026-09-03T15:11:12","modified_gmt":"2026-09-03T15:11:12","slug":"po-novom-mozu-po-chodniku-jazdit-na-bicykli-osoby-do-15-rokov","status":"publish","type":"post","link":"https:\/\/www.europesays.com\/sk\/169560\/","title":{"rendered":"Po novom m\u00f4\u017eu po chodn\u00edku jazdi\u0165 na bicykli osoby do 15 rokov"},"content":{"rendered":"<p>BRATISLAVA &#8211; Po novom u\u017e m\u00f4\u017eu po chodn\u00edku jazdi\u0165 na bicykli aj osoby mlad\u0161ie ako 15 rokov. Predo\u0161l\u00e1 pr\u00e1vna \u00faprava to umo\u017e\u0148ovala de\u0165om do desiatich rokov a ich sprievodu \u010di \u013eu\u010fom, ktor\u00ed ich na bicykli vez\u00fa. Pre t\u00fdchto \u013eud\u00ed ani pre sprievod sa v\u0161ak pravidl\u00e1 nezmenili. Vypl\u00fdva to z novely z\u00e1kona o cestnej prem\u00e1vke, ktor\u00e1 nadobudla \u00fa\u010dinnos\u0165 v utorok (1. 9.)<\/p>\n<p>Cyklistom zostane povinnos\u0165 dba\u0165 na chodcov. Po chodn\u00edku m\u00f4\u017eu jazdi\u0165, iba ak neohrozia ani neobmedzia chodcov a musia dodr\u017eiava\u0165 r\u00fdchlos\u0165 ch\u00f4dze. Jazdi\u0165 sm\u00fa len po pravej strane chodn\u00edka. \u201eCie\u013eom navrhovanej \u00fapravy je umo\u017eni\u0165 jazdu na chodn\u00edku oproti s\u00fa\u010dasn\u00e9mu zneniu aj de\u0165om &#8211; cyklistom vo veku desa\u0165 a\u017e 14 rokov, ktor\u00ed jazdia samostatne. Po dov\u0155\u0161en\u00ed veku desiatich rokov musia toti\u017e deti na bicykloch pou\u017e\u00edva\u0165 bu\u010f cestu (vozovku), alebo cyklistick\u00fa infra\u0161trukt\u00faru. Posunutie vekovej hranice reaguje na v praxi \u010dasto nevyhovuj\u00faci stav cyklistickej infra\u0161trukt\u00fary a na potrebu podpori\u0165 samostatn\u00e9 doch\u00e1dzanie \u017eiakov z\u00e1kladn\u00fdch \u0161k\u00f4l do \u0161koly,\u201c od\u00f4vodnilo legislat\u00edvu ministerstvo vn\u00fatra, ktor\u00e9 ju pripravilo.<\/p>\n","protected":false},"excerpt":{"rendered":"BRATISLAVA &#8211; Po novom u\u017e m\u00f4\u017eu po chodn\u00edku jazdi\u0165 na bicykli aj osoby mlad\u0161ie ako 15 rokov. Predo\u0161l\u00e1&hellip;\n","protected":false},"author":2,"featured_media":169561,"comment_status":"","ping_status":"","sticky":false,"template":"","format":"standard","meta":{"footnotes":"","_share_on_mastodon":"0"},"categories":[6],"tags":[522,2602,5276,43,40,44,39,42,45,41,5277],"class_list":["post-169560","post","type-post","status-publish","format-standard","has-post-thumbnail","category-slovensko","tag-cestna-premavka","tag-cyklisti","tag-novela","tag-sk","tag-slovak","tag-slovak-republic","tag-slovakia","tag-slovencina","tag-slovenska-republika","tag-slovensko","tag-zakon"],"share_on_mastodon":{"url":"https:\/\/pubeurope.com\/@sk\/117207753572457071","error":""},"_links":{"self":[{"href":"https:\/\/www.europesays.com\/sk\/wp-json\/wp\/v2\/posts\/169560","targetHints":{"allow":["GET"]}}],"collection":[{"href":"https:\/\/www.europesays.com\/sk\/wp-json\/wp\/v2\/posts"}],"about":[{"href":"https:\/\/www.europesays.com\/sk\/wp-json\/wp\/v2\/types\/post"}],"author":[{"embeddable":true,"href":"https:\/\/www.europesays.com\/sk\/wp-json\/wp\/v2\/users\/2"}],"replies":[{"embeddable":true,"href":"https:\/\/www.europesays.com\/sk\/wp-json\/wp\/v2\/comments?post=169560"}],"version-history":[{"count":0,"href":"https:\/\/www.europesays.com\/sk\/wp-json\/wp\/v2\/posts\/169560\/revisions"}],"wp:featuredmedia":[{"embeddable":true,"href":"https:\/\/www.europesays.com\/sk\/wp-json\/wp\/v2\/media\/169561"}],"wp:attachment":[{"href":"https:\/\/www.europesays.com\/sk\/wp-json\/wp\/v2\/media?parent=169560"}],"wp:term":[{"taxonomy":"category","embeddable":true,"href":"https:\/\/www.europesays.com\/sk\/wp-json\/wp\/v2\/categories?post=169560"},{"taxonomy":"post_tag","embeddable":true,"href":"https:\/\/www.europesays.com\/sk\/wp-json\/wp\/v2\/tags?post=169560"}],"curies":[{"name":"wp","href":"https:\/\/api.w.org\/{rel}","templated":true}]}}