{"id":169570,"date":"2026-09-03T15:25:07","date_gmt":"2026-09-03T15:25:07","guid":{"rendered":"https:\/\/www.europesays.com\/sk\/169570\/"},"modified":"2026-09-03T15:25:07","modified_gmt":"2026-09-03T15:25:07","slug":"lekari-nahlas-vyzyvaju-na-zabezpecenie-ockovania-proti-chripke-a-covid-19","status":"publish","type":"post","link":"https:\/\/www.europesays.com\/sk\/169570\/","title":{"rendered":"Lek\u00e1ri nahlas vyz\u00fdvaj\u00fa na zabezpe\u010denie o\u010dkovania proti chr\u00edpke a COVID-19"},"content":{"rendered":"<p>BRATISLAVA &#8211; Iniciat\u00edva Lek\u00e1ri nahlas vyz\u00fdva na zabezpe\u010denie o\u010dkovania zranite\u013en\u00fdch skup\u00edn po\u010das nast\u00e1vaj\u00facej sez\u00f3ny. Upozor\u0148uje, \u017ee sa za\u010d\u00edna sez\u00f3na respira\u010dn\u00fdch ochoren\u00ed, ke\u010f sa seniori, rizikov\u00ed pacienti aj rodi\u010dia det\u00ed rozhoduj\u00fa pre o\u010dkovanie proti ochoreniu COVID-19 a chr\u00edpke. Vl\u00e1da im pod\u013ea iniciat\u00edvy mus\u00ed poskytn\u00fa\u0165 jasn\u00fa odborn\u00fa podporu a usmernenie. Z\u00e1rove\u0148 sa mus\u00ed vyvarova\u0165 ch\u00fdb, ktor\u00e9 sprev\u00e1dzali o\u010dkovanie v uplynulej sez\u00f3ne. Informovala o tom Ela Dek\u00e1nkov\u00e1 z iniciat\u00edvy.<\/p>\n<p>\u201eAlarmuj\u00faci n\u00e1rast pr\u00edpadov os\u00fdpok v USA a Kanade a viac ne\u017e dvojn\u00e1sobn\u00fd n\u00e1rast po\u010dtu pacientov s chr\u00edpkou na Slovensku po\u010das minulej sez\u00f3ny s\u00fa dostato\u010dn\u00fdm varovan\u00edm. Vl\u00e1da SR preto mus\u00ed proakt\u00edvne pracova\u0165 na zv\u00fd\u0161en\u00ed zao\u010dkovanosti na Slovensku. Aktu\u00e1lne je to d\u00f4le\u017eit\u00e9 najm\u00e4 v pr\u00edpade COVID-19 a chr\u00edpky, a to s d\u00f4razom na najzranite\u013enej\u0161ie skupiny,\u201c uviedla iniciat\u00edva.<\/p>\n<p>Za neprijate\u013en\u00fd pova\u017euje aj nedostato\u010dn\u00fd d\u00f4raz na ochranu seniorov a chronicky chor\u00fdch pacientov. Pouk\u00e1zala na minuloro\u010dn\u00fa chr\u00edpkov\u00fa sez\u00f3nu, ktor\u00e1 bola sprev\u00e1dzan\u00e1 nadmern\u00fdm po\u010dtom zbyto\u010dn\u00fdch hospitaliz\u00e1ci\u00ed a \u00famrt\u00ed. To pod\u013ea nej jednozna\u010dne uk\u00e1zalo, ak\u00e9 n\u00e1sledky m\u00e1 n\u00edzka preo\u010dkovanos\u0165 v najohrozenej\u0161ej skupine. \u201ePr\u00edkladom zlyhania \u0161t\u00e1tnej politiky je aj prostredie domovov soci\u00e1lnych slu\u017eieb, kde ch\u00fdbaj\u00faca systematick\u00e1 ochrana opakovane vedie k strat\u00e1m na \u017eivotoch, ktor\u00fdm by sme vedeli pred\u00eds\u0165,\u201c dodala Dek\u00e1nkov\u00e1.<\/p>\n<p>Osobitn\u00fa pozornos\u0165 treba pod\u013ea iniciat\u00edvy venova\u0165 aj zdravotn\u00edckym pracovn\u00edkom, ktor\u00ed s\u00fa po\u010das sez\u00f3ny respira\u010dn\u00fdch ochoren\u00ed vystaven\u00ed zv\u00fd\u0161en\u00e9mu riziku n\u00e1kazy. Vakc\u00edny proti chr\u00edpke a COVID-19 preto musia ma\u0165 zdravotn\u00edcki pracovn\u00edci k dispoz\u00edcii v\u010das a bez prek\u00e1\u017eok. Iniciat\u00edva preto vyz\u00fdva vl\u00e1du odmietnu\u0165 vplyv dezinform\u00e1ci\u00ed na zdravotn\u00fa politiku \u0161t\u00e1tu, jednozna\u010dne podpori\u0165 o\u010dkovanie naprie\u010d celou vl\u00e1dnou mocou a spusti\u0165 adresn\u00fa osvetu a zabezpe\u010di\u0165 dostupnos\u0165.<\/p>\n","protected":false},"excerpt":{"rendered":"BRATISLAVA &#8211; Iniciat\u00edva Lek\u00e1ri nahlas vyz\u00fdva na zabezpe\u010denie o\u010dkovania zranite\u013en\u00fdch skup\u00edn po\u010das nast\u00e1vaj\u00facej sez\u00f3ny. Upozor\u0148uje, \u017ee sa za\u010d\u00edna&hellip;\n","protected":false},"author":2,"featured_media":169571,"comment_status":"","ping_status":"","sticky":false,"template":"","format":"standard","meta":{"footnotes":"","_share_on_mastodon":"0"},"categories":[6],"tags":[2368,8763,350,6601,43,40,44,39,42,45,41],"class_list":["post-169570","post","type-post","status-publish","format-standard","has-post-thumbnail","category-slovensko","tag-chripka","tag-covid-19","tag-lekari","tag-ockovanie","tag-sk","tag-slovak","tag-slovak-republic","tag-slovakia","tag-slovencina","tag-slovenska-republika","tag-slovensko"],"share_on_mastodon":{"url":"https:\/\/pubeurope.com\/@sk\/117207808584310680","error":""},"_links":{"self":[{"href":"https:\/\/www.europesays.com\/sk\/wp-json\/wp\/v2\/posts\/169570","targetHints":{"allow":["GET"]}}],"collection":[{"href":"https:\/\/www.europesays.com\/sk\/wp-json\/wp\/v2\/posts"}],"about":[{"href":"https:\/\/www.europesays.com\/sk\/wp-json\/wp\/v2\/types\/post"}],"author":[{"embeddable":true,"href":"https:\/\/www.europesays.com\/sk\/wp-json\/wp\/v2\/users\/2"}],"replies":[{"embeddable":true,"href":"https:\/\/www.europesays.com\/sk\/wp-json\/wp\/v2\/comments?post=169570"}],"version-history":[{"count":0,"href":"https:\/\/www.europesays.com\/sk\/wp-json\/wp\/v2\/posts\/169570\/revisions"}],"wp:featuredmedia":[{"embeddable":true,"href":"https:\/\/www.europesays.com\/sk\/wp-json\/wp\/v2\/media\/169571"}],"wp:attachment":[{"href":"https:\/\/www.europesays.com\/sk\/wp-json\/wp\/v2\/media?parent=169570"}],"wp:term":[{"taxonomy":"category","embeddable":true,"href":"https:\/\/www.europesays.com\/sk\/wp-json\/wp\/v2\/categories?post=169570"},{"taxonomy":"post_tag","embeddable":true,"href":"https:\/\/www.europesays.com\/sk\/wp-json\/wp\/v2\/tags?post=169570"}],"curies":[{"name":"wp","href":"https:\/\/api.w.org\/{rel}","templated":true}]}}