{"id":169604,"date":"2026-09-03T16:16:08","date_gmt":"2026-09-03T16:16:08","guid":{"rendered":"https:\/\/www.europesays.com\/sk\/169604\/"},"modified":"2026-09-03T16:16:08","modified_gmt":"2026-09-03T16:16:08","slug":"zdena-studenkova-ukazala-ze-dama-nemusi-nosit-len-lodicky-tento-detail-na-dovolenke-zaujal-najviac","status":"publish","type":"post","link":"https:\/\/www.europesays.com\/sk\/169604\/","title":{"rendered":"Zdena Studenkov\u00e1 uk\u00e1zala, \u017ee d\u00e1ma nemus\u00ed nosi\u0165 len lodi\u010dky: Tento detail na dovolenke zaujal najviac"},"content":{"rendered":"<p class=\"joj-description-18 font-semibold\">Zdena Studenkov\u00e1 op\u00e4\u0165 dokazuje, \u017ee elegancia v\u00f4bec nemus\u00ed znamena\u0165 nepohodlie. Here\u010dka sa z dovolenky pochv\u00e1lila fotografiou z mesta a okrem kr\u00e1snych bielych \u0161iat zaujala aj doplnkom, ktor\u00fd by ste mo\u017eno pri elegantnom outfite ne\u010dakali.<\/p>\n<p class=\"isSelectedEnd\">Zdena Studenkov\u00e1 patr\u00ed medzi \u017eeny, ktor\u00e9 maj\u00fa m\u00f3du jednoducho v oku. Jej outfity \u010dasto p\u00f4sobia nad\u010dasovo, \u017eensky a elegantne, no z\u00e1rove\u0148 nikdy nie s\u00fa zbyto\u010dne prehnan\u00e9. In\u0161pir\u00e1ciu v nich pritom nach\u00e1dzaj\u00fa aj jej fan\u00fa\u0161i\u010dky, ktor\u00e9 here\u010dku pravidelne chv\u00e1lia v koment\u00e1roch.\u00a0Tentoraz sa Zdena z dovolenky ozvala fotografiou priamo z mesta. Obliekla si jednoduch\u00e9, no mimoriadne p\u00f4sobiv\u00e9 biele \u0161aty, ktor\u00e9 doplnila \u0161portovej\u0161\u00edmi teniskami a elegantnou \u013eadvinkou. A pr\u00e1ve t\u00e1 je d\u00f4kazom, \u017ee aj praktick\u00fd doplnok m\u00f4\u017ee by\u0165 s\u00fa\u010das\u0165ou \u017eensk\u00e9ho a sofistikovan\u00e9ho outfitu.<\/p>\n<p>Pohodlie a \u017eenskos\u0165 sa nevylu\u010duj\u00fa<\/p>\n<p dir=\"auto\" data-pm-slice=\"1 1 []\">Klasick\u00e1 predstava elegantnej \u017eeny \u010dasto zah\u0155\u0148a lodi\u010dky a mal\u00fa kabelku. Zdena v\u0161ak ukazuje, \u017ee d\u00e1ma m\u00f4\u017ee vyzera\u0165 ako d\u00e1ma aj v pohodlnej obuvi a s praktickej\u0161ou kabelkou. Tenisky dnes u\u017e d\u00e1vno nepatria iba k \u0161portov\u00fdm outfitom. V kombin\u00e1cii so \u0161atami dok\u00e1\u017eu vytvori\u0165 uvo\u013enenej\u0161\u00ed, modern\u00fd vzh\u013ead, ktor\u00fd je ako stvoren\u00fd na prech\u00e1dzku mestom \u010di dovolenkov\u00fd de\u0148. A podobne je to aj s \u013eadvinkou. Ak zvol\u00edte elegantn\u00fd model a spr\u00e1vne ju skombinujete so zvy\u0161kom outfitu, nemus\u00ed p\u00f4sobi\u0165 \u0161portovo ani pr\u00edli\u0161 le\u017e\u00e9rne. Pr\u00e1ve na tomto outfite je pekne vidie\u0165, \u017ee pohodlie a \u017eenskos\u0165 sa v\u00f4bec nemusia vylu\u010dova\u0165. Sta\u010d\u00ed spr\u00e1vne vyv\u00e1\u017ei\u0165 jednotliv\u00e9 k\u00fasky.<\/p>\n<p>Studenkov\u00e1 in\u0161piruje in\u00e9 \u017eeny<\/p>\n<p dir=\"auto\">Here\u010dka navy\u0161e dlhodobo patr\u00ed medzi zn\u00e1me osobnosti, ktor\u00e9 sa neboja vlastn\u00e9ho \u0161t\u00fdlu. Jej m\u00f3dne vo\u013eby \u010dasto dokazuj\u00fa, \u017ee vkus nes\u00favis\u00ed s t\u00fdm, ko\u013eko v\u00fdrazn\u00fdch k\u00faskov m\u00e1te na sebe, ale predov\u0161etk\u00fdm s t\u00fdm, ako ich dok\u00e1\u017eete nosi\u0165. \u017de Zdena in\u0161piruje aj svoje fan\u00fa\u0161i\u010dky, dokazuj\u00fa koment\u00e1re pod jej fotografiami. \u201eZdenka, ste mojou ve\u013ekou in\u0161pir\u00e1ciou,\u201c nap\u00edsala jedna z jej obdivovateliek. \u010eal\u0161ia zase so smiechom odk\u00e1zala: \u201eNo par\u00e1dna ako v\u017edy. Prid\u00e1m sa k v\u00e1m na shopping.\u201c Nech\u00fdbali ani komplimenty na adresu samotn\u00e9ho outfitu: \u201eN\u00e1dhern\u00e9 \u0161aty. Ste \u00fa\u017easn\u00e1, sekne V\u00e1m to\u2026\u201c\u00a0<\/p>\n<p dir=\"auto\">Zdena tak op\u00e4\u0165 ukazuje, \u017ee elegancia nie je o nepohodl\u00ed ani o pravidl\u00e1ch, ktor\u00e9 n\u00e1m hovoria, \u010do sa smie a nesmie nosi\u0165. Niekedy sta\u010dia kr\u00e1sne \u0161aty, pohodln\u00e9 tenisky a praktick\u00e1 \u013eadvinka a v\u00fdsledok m\u00f4\u017ee by\u0165 st\u00e1le dokonale \u017eensk\u00fd.<\/p>\n","protected":false},"excerpt":{"rendered":"Zdena Studenkov\u00e1 op\u00e4\u0165 dokazuje, \u017ee elegancia v\u00f4bec nemus\u00ed znamena\u0165 nepohodlie. Here\u010dka sa z dovolenky pochv\u00e1lila fotografiou z mesta&hellip;\n","protected":false},"author":2,"featured_media":169605,"comment_status":"","ping_status":"","sticky":false,"template":"","format":"standard","meta":{"footnotes":"","_share_on_mastodon":"0"},"categories":[15],"tags":[1420,70,1424,73,1418,1421,2050,174,1419,887,1423,994,1265,43,40,39,42,41,107,97,1012,1422,71,687,3128],"class_list":["post-169604","post","type-post","status-publish","format-standard","has-post-thumbnail","category-zabava","tag-archiv","tag-entertainment","tag-epizody","tag-filmy","tag-joj","tag-live","tag-moda","tag-online","tag-plus","tag-program","tag-relacie","tag-rozhovory","tag-serialy","tag-sk","tag-slovak","tag-slovakia","tag-slovencina","tag-slovensko","tag-televizia","tag-tv","tag-video","tag-vysielanie","tag-zabava","tag-zakulisie","tag-zdena-studenkova"],"share_on_mastodon":{"url":"https:\/\/pubeurope.com\/@sk\/117208008913192405","error":""},"_links":{"self":[{"href":"https:\/\/www.europesays.com\/sk\/wp-json\/wp\/v2\/posts\/169604","targetHints":{"allow":["GET"]}}],"collection":[{"href":"https:\/\/www.europesays.com\/sk\/wp-json\/wp\/v2\/posts"}],"about":[{"href":"https:\/\/www.europesays.com\/sk\/wp-json\/wp\/v2\/types\/post"}],"author":[{"embeddable":true,"href":"https:\/\/www.europesays.com\/sk\/wp-json\/wp\/v2\/users\/2"}],"replies":[{"embeddable":true,"href":"https:\/\/www.europesays.com\/sk\/wp-json\/wp\/v2\/comments?post=169604"}],"version-history":[{"count":0,"href":"https:\/\/www.europesays.com\/sk\/wp-json\/wp\/v2\/posts\/169604\/revisions"}],"wp:featuredmedia":[{"embeddable":true,"href":"https:\/\/www.europesays.com\/sk\/wp-json\/wp\/v2\/media\/169605"}],"wp:attachment":[{"href":"https:\/\/www.europesays.com\/sk\/wp-json\/wp\/v2\/media?parent=169604"}],"wp:term":[{"taxonomy":"category","embeddable":true,"href":"https:\/\/www.europesays.com\/sk\/wp-json\/wp\/v2\/categories?post=169604"},{"taxonomy":"post_tag","embeddable":true,"href":"https:\/\/www.europesays.com\/sk\/wp-json\/wp\/v2\/tags?post=169604"}],"curies":[{"name":"wp","href":"https:\/\/api.w.org\/{rel}","templated":true}]}}