{"id":169638,"date":"2026-09-03T16:50:07","date_gmt":"2026-09-03T16:50:07","guid":{"rendered":"https:\/\/www.europesays.com\/sk\/169638\/"},"modified":"2026-09-03T16:50:07","modified_gmt":"2026-09-03T16:50:07","slug":"robert-fico-potvrdil-rokovania-o-investicii-s-cinskou-automobilkou","status":"publish","type":"post","link":"https:\/\/www.europesays.com\/sk\/169638\/","title":{"rendered":"Robert Fico potvrdil rokovania o invest\u00edcii s \u010d\u00ednskou automobilkou"},"content":{"rendered":"<p>BRATISLAVA &#8211; Na Slovensku by mohol vyr\u00e1s\u0165 celkom nov\u00fd automobilov\u00fd z\u00e1vod. Premi\u00e9r Robert Fico (Smer-SD) potvrdil, \u017ee m\u00e1 za sebou rokovania so z\u00e1stupcami v\u00fdznamnej \u010d\u00ednskej automobilky, ktor\u00e1 prejavila z\u00e1ujem o stavbu nov\u00e9ho podniku na na\u0161om \u00fazem\u00ed. Zatia\u013e \u010do ministerstvo hospod\u00e1rstva k detailom skalopevne ml\u010d\u00ed, opoz\u00edcia aj odborn\u00edci neskr\u00fdvaj\u00fa skepsu.<\/p>\n<p>Priemysel na Slovensku by mohol dosta\u0165 nov\u00fd impulz, no z\u00e1rove\u0148 \u010del\u00ed \u010fal\u0161\u00edm ot\u00e1znikom. Inform\u00e1cie o pr\u00edchode nov\u00e9ho \u010d\u00ednskeho hr\u00e1\u010da prezradil s\u00e1m premi\u00e9r Robert Fico v diskusnej rel\u00e1cii Sobotn\u00e9 dial\u00f3gy na R\u00e1diu Slovensko. Reagoval tak aj na spr\u00e1vy o probl\u00e9moch nemeck\u00e9ho koncernu Volkswagen, ktor\u00fd zva\u017euje zatv\u00e1ranie z\u00e1vodov v Nemecku. Pod\u013ea Fica nateraz nehroz\u00ed, \u017ee by sa to dotklo fabriky v Dev\u00ednskej Novej Vsi.<\/p>\n<p>\u201eJa som rokoval pred p\u00e1r d\u0148ami s v\u00fdznamn\u00fdm \u010d\u00ednskym investorom, ktor\u00fd chce stava\u0165 automobilku na Slovensku. Mus\u00edme r\u00e1ta\u0165 s t\u00fdm, \u017ee \u013eudia prich\u00e1dzaj\u00fa, odch\u00e1dzaj\u00fa. Nem\u00e1m v\u0161ak \u017eiadne inform\u00e1cie o tom, \u017ee by mali by\u0165 nejak\u00e9 pohyby vo Volkswagene,\u201c cituje Fica <a href=\"https:\/\/spravy.stvr.sk\/2026\/09\/cinska-automobilka-ma-zaujem-o-novy-podnik-na-slovensku-s-jej-zastupcami-rokoval-uz-aj-premier-fico\/\" target=\"_blank\" rel=\"nofollow noopener\">STVR<\/a>. Rezort hospod\u00e1rstva podrobnosti o rozhovoroch zatia\u013e dr\u017e\u00ed pod pokrievkou a uviedol, \u017ee sa k prebiehaj\u00facim rokovaniam s potenci\u00e1lnymi investormi \u0161tandardne nevyjadruje.<\/p>\n<p>Opoz\u00edcia varuje<\/p>\n<p>Pl\u00e1ny na \u010d\u00ednsku invest\u00edciu sa v\u0161ak nestretli s jednozna\u010dn\u00fdm nad\u0161en\u00edm. Opozi\u010dn\u00fd poslanec a b\u00fdval\u00fd \u0161t\u00e1tny tajomn\u00edk rezortu hospod\u00e1rstva Karol Galek (SaS) vyjadruje v\u00e1\u017ene pochybnosti o tom, \u010di k re\u00e1lnej v\u00fdstavbe niekedy d\u00f4jde. Pouk\u00e1zal pritom na nejasnosti okolo pl\u00e1novanej baterk\u00e1rne v \u0160uranoch.<\/p>\n<p data-path-to-node=\"17,0,0\">Galek sa ob\u00e1va, \u017ee p\u00f4jde len o marketingov\u00fd \u0165ah a \u201ePotemkinovu dedinu\u201c, ktor\u00fa premi\u00e9r otvor\u00ed pred vo\u013ebami a investor n\u00e1sledne od\u00edde. Opoz\u00edcia zd\u00f4raz\u0148uje, \u017ee pr\u00edpadn\u00fd pr\u00edchod \u010d\u00ednskych firiem treba pr\u00edsne posudzova\u0165 aj z bezpe\u010dnostn\u00e9ho h\u013eadiska.<\/p>\n<p>Pod\u013ea sinol\u00f3ga Filipa \u0160eboka sa slovensk\u00e1 vl\u00e1da sna\u017e\u00ed o \u00fazke partnerstvo s Pekingom v \u010dase, ke\u010f s\u00fa vz\u0165ahy medzi Eur\u00f3pskou \u00faniou a \u010c\u00ednou nap\u00e4t\u00e9. \u010c\u00edna navy\u0161e mas\u00edvne investuje do autopriemyslu v susednom Ma\u010farsku, \u010do vyvol\u00e1va ot\u00e1zku, do akej miery bude ma\u0165 z\u00e1ujem roz\u0161irova\u0165 svoje kapacity aj u n\u00e1s. Pripom\u00edna tie\u017e, \u017ee ak\u00e9ko\u013evek \u010d\u00ednske invest\u00edcie bud\u00fa v doh\u013eadnej dobe \u010deli\u0165 \u010doraz pr\u00edsnej\u0161iemu regula\u010dn\u00e9mu prostrediu zo strany Eur\u00f3pskej komisie, \u010do m\u00f4\u017ee cel\u00fd projekt v\u00fdrazne skomplikova\u0165.<\/p>\n","protected":false},"excerpt":{"rendered":"BRATISLAVA &#8211; Na Slovensku by mohol vyr\u00e1s\u0165 celkom nov\u00fd automobilov\u00fd z\u00e1vod. Premi\u00e9r Robert Fico (Smer-SD) potvrdil, \u017ee m\u00e1&hellip;\n","protected":false},"author":2,"featured_media":169639,"comment_status":"","ping_status":"","sticky":false,"template":"","format":"standard","meta":{"footnotes":"","_share_on_mastodon":"0"},"categories":[32],"tags":[2569,273,34,37,33,1614,43,40,39,42,41,36,38,35],"class_list":["post-169638","post","type-post","status-publish","format-standard","has-post-thumbnail","category-spravy","tag-automobilka","tag-cina","tag-headlines","tag-hlavne-spravy","tag-news","tag-robert-fico","tag-sk","tag-slovak","tag-slovakia","tag-slovencina","tag-slovensko","tag-spravy","tag-titulky","tag-top-stories"],"share_on_mastodon":{"url":"https:\/\/pubeurope.com\/@sk\/117208142779226851","error":""},"_links":{"self":[{"href":"https:\/\/www.europesays.com\/sk\/wp-json\/wp\/v2\/posts\/169638","targetHints":{"allow":["GET"]}}],"collection":[{"href":"https:\/\/www.europesays.com\/sk\/wp-json\/wp\/v2\/posts"}],"about":[{"href":"https:\/\/www.europesays.com\/sk\/wp-json\/wp\/v2\/types\/post"}],"author":[{"embeddable":true,"href":"https:\/\/www.europesays.com\/sk\/wp-json\/wp\/v2\/users\/2"}],"replies":[{"embeddable":true,"href":"https:\/\/www.europesays.com\/sk\/wp-json\/wp\/v2\/comments?post=169638"}],"version-history":[{"count":0,"href":"https:\/\/www.europesays.com\/sk\/wp-json\/wp\/v2\/posts\/169638\/revisions"}],"wp:featuredmedia":[{"embeddable":true,"href":"https:\/\/www.europesays.com\/sk\/wp-json\/wp\/v2\/media\/169639"}],"wp:attachment":[{"href":"https:\/\/www.europesays.com\/sk\/wp-json\/wp\/v2\/media?parent=169638"}],"wp:term":[{"taxonomy":"category","embeddable":true,"href":"https:\/\/www.europesays.com\/sk\/wp-json\/wp\/v2\/categories?post=169638"},{"taxonomy":"post_tag","embeddable":true,"href":"https:\/\/www.europesays.com\/sk\/wp-json\/wp\/v2\/tags?post=169638"}],"curies":[{"name":"wp","href":"https:\/\/api.w.org\/{rel}","templated":true}]}}