{"id":169650,"date":"2026-09-03T17:03:13","date_gmt":"2026-09-03T17:03:13","guid":{"rendered":"https:\/\/www.europesays.com\/sk\/169650\/"},"modified":"2026-09-03T17:03:13","modified_gmt":"2026-09-03T17:03:13","slug":"organizatori-pochodu-pro-zivot-uchacovci-radikali-pustali-rodicom-do-kocikov-klaksony-a-skandovali-chyt-si-svojho-fasistu","status":"publish","type":"post","link":"https:\/\/www.europesays.com\/sk\/169650\/","title":{"rendered":"Organiz\u00e1tori Pochodu pro \u017eivot Uch\u00e1\u010dovci | Radik\u00e1li p\u00fa\u0161\u0165ali rodi\u010dom do ko\u010d\u00edkov klaks\u00f3ny a skandovali \u201echy\u0165 si svojho fa\u0161istu\u201c"},"content":{"rendered":"<p>Man\u017eelia Radim Uch\u00e1\u010d a\u00a0Kate\u0159ina Uch\u00e1\u010dov\u00e1 p\u00f4sobia v\u00a0Hnut\u00ed Pro \u017eivot \u010cR, \u010deskej pro-life organiz\u00e1cii, ktor\u00e1 sa venuje pomoci ne\u010dakane tehotn\u00fdm \u017een\u00e1m, lobingu v oblasti pro-life legislat\u00edvy a\u00a0ka\u017edoro\u010dn\u00e9mu usporad\u00favaniu Pochodu pro \u017eivot. Radim je predsedom organiz\u00e1cie.<\/p>\n<p>Minul\u00fd ro\u010dn\u00edk pochodu sa dostal do \u0161ir\u0161ieho povedomia v\u010faka tomu, \u017ee skupina radik\u00e1lov pochod zablokovala. Jeho \u00fa\u010dastn\u00edci sa ocitli na nieko\u013eko hod\u00edn uv\u00e4znen\u00ed v\u00a0uliciach Prahy a \u010desk\u00e1 pol\u00edcia nedok\u00e1zala zabezpe\u010di\u0165, aby sa pochod mohol dokon\u010di\u0165.<\/p>\n<p>Uch\u00e1\u010dovci v\u00a0rozhovore opisuj\u00fa, ako minuloro\u010dn\u00e9 udalosti prebiehali, ako tohto roku zmenili taktiku a\u00a0ak\u00e9 reakcie udalos\u0165 vyvolala v\u00a0\u010deskej spolo\u010dnosti.<\/p>\n<p>Rozhovor vznikol pri pr\u00edle\u017eitosti \u00fa\u010dasti Radima a Kate\u0159iny na Bratislavsk\u00fdch Hanusov\u00fdch d\u0148och.<\/p>\n<p>Ak\u00e9 s\u00fa ciele Pochodu pro \u017eivot?<\/p>\n<p>Pochod usporad\u00favame preto, aby sme vyjadrili podporu \u017een\u00e1m \u010dakaj\u00facim ne\u010dakan\u00e9 die\u0165a a\u00a0aby sme pre ne z\u00edskali aj spolo\u010densk\u00fa podporu. V\u00edtame teda v\u0161etk\u00fdch, ktor\u00ed maj\u00fa dobr\u00fa v\u00f4\u013eu akoko\u013evek tehotn\u00fdm \u017een\u00e1m a\u00a0ich rodin\u00e1m pom\u00f4c\u0165 a\u00a0da\u0165 \u0161ancu ich nenaroden\u00e9mu die\u0165a\u0165u.<\/p>\n<p>Samozrejme, \u017ee okrem pochodu pom\u00e1hame t\u00fdmto \u017een\u00e1m aj individu\u00e1lne, aj celospolo\u010densky formou lobingu v\u00a0prospech zmeny r\u00f4znej legislat\u00edvy. Cie\u013eom pochodu v\u0161ak nie je konkr\u00e9tna legislat\u00edvna zmena, ale zapojenie spolo\u010dnosti do tejto pomoci, aby sa narodilo maximum po\u010dat\u00fdch det\u00ed.<\/p>\n<p>Na\u0161i oponenti n\u00e1s nemaj\u00fa radi okrem in\u00e9ho preto, \u017ee sa zast\u00e1vame \u017eien \u2013 ten, kto m\u00e1 najv\u00e4\u010d\u0161\u00ed z\u00e1ujem die\u0165a ochr\u00e1ni\u0165, je jeho matka. My to die\u0165a nem\u00e1me ako ochr\u00e1ni\u0165.<\/p>\n<p>Oni v\u0161ak tvrdia, \u017ee chcete obmedzova\u0165 pr\u00e1va \u017eien.<\/p>\n<p>Treba rozl\u00ed\u0161i\u0165 vonkaj\u0161ie fr\u00e1zy a\u00a0to, \u010do je za nimi. Ich priv\u00e1dza do\u00a0z\u00farivosti, \u017ee sme prevzali t\u00e9mu ochrany \u017eien.<\/p>\n<p>To sa mi celkom nezd\u00e1.<\/p>\n<p>Samozrejme, \u017ee form\u00e1lne hovoria o\u00a0patriarch\u00e1te a\u00a0podobne, no oni s\u00fa zvyknut\u00ed, \u017ee sa pr\u00e1va \u017eien stavaj\u00fa proti pr\u00e1vam die\u0165a\u0165a. Teda \u017ee chr\u00e1nime die\u0165a pred matkou.<\/p>\n<p>Pod\u013ea <a href=\"https:\/\/hnutiprozivot.cz\/blog\/3012-zeny-podstupuji-umely-potrat-predevsim-kvuli-nespolehlivosti-partnera-a-z-ekonomickych-duvodu-vyplyva-to-z-exkluzivniho-pruzkumu-ipsos-pro-hnuti-pro-zivot-cr\" target=\"_blank\" rel=\"noopener noreferrer nofollow\">prieskumu IPSOS<\/a> vyl\u00fa\u010dilo prin\u00fatenie k potratu iba 44 percent \u017eien. Pod\u013ea intern\u00fdch \u0161tatist\u00edk na\u0161ej Linky pomoci v tehotenstve rie\u0161i n\u00e1tlak na podst\u00fapenie potratu priemerne \u0161es\u0165desiat a\u017e sedemdesiat percent klientok, z \u010doho priame hrozby a vydieranie predstavuj\u00fa priemerne desa\u0165 a\u017e p\u00e4tn\u00e1s\u0165 percent.<\/p>\n<p>Je to spravidla od partnera, zamestn\u00e1vate\u013ea, svokry&#8230; T\u00fdmto tehotn\u00fdm mami\u010dk\u00e1m pova\u017eujeme za potrebn\u00e9 pom\u00f4c\u0165.<\/p>\n<p>Ako neziskovka v\u0161ak nem\u00e1me ako zachr\u00e1ni\u0165 nenaroden\u00e9 deti. M\u00f4\u017eeme o tom hovori\u0165, ma\u0165 tak\u00fa p\u00f3zu, ale prakticky je potrebn\u00e9 pom\u00f4c\u0165 konkr\u00e9tnej tehotnej matke, aby ona zachr\u00e1nila svoje die\u0165a.<\/p>\n<p><img decoding=\"async\" src=\"https:\/\/www.europesays.com\/sk\/wp-content\/uploads\/2026\/09\/IMGP4693-2-1788447923.jpg\"\/><\/p>\n<p class=\"image-description\">Radim Uch\u00e1\u010d. Foto: Postoj\/Jakub Lipt\u00e1k<\/p>\n<p>Mohli by ste uvies\u0165 p\u00e1r pr\u00edkladov konkr\u00e9tnej pomoci \u017een\u00e1m, respekt\u00edve \u00faspechov v\u00e1\u0161ho lobingu?<\/p>\n<p>Teraz od septembra 2026 za\u010d\u00edna pre vysoko\u0161kol\u00e1\u010dky plati\u0165 mesa\u010dn\u00e1 d\u00e1vka \u201ehl\u00edda\u010dkovn\u00e9\u201c vo v\u00fd\u0161ke tretiny minim\u00e1lnej mzdy, aby si nemuseli vybera\u0165 medzi \u0161t\u00fadiom a die\u0165a\u0165om, ale dok\u00e1zali zvl\u00e1dnu\u0165 oboje.<\/p>\n<p>V minulosti sme napr\u00edklad pomohli presadi\u0165 doplatenie rodi\u010dovsk\u00e9ho pr\u00edspevku v plnej v\u00fd\u0161ke, ak sa \u010fal\u0161ie die\u0165a narodilo sk\u00f4r, ne\u017e bola vy\u010derpan\u00e1 cel\u00e1 \u010diastka. V roku 2018 sme sa so zdravotn\u00fdmi pois\u0165ov\u0148ami dohodli na mo\u017enosti zazmluvnenia a \u00fahrady konzulta\u010dn\u00e9ho v\u00fdkonu gynekol\u00f3gom pre ich ne\u010dakane tehotn\u00e9 pacientky. Toto v\u0161ak dnes u\u017e neplat\u00ed, preto\u017ee sa zmenil sp\u00f4sob \u00fahrady starostlivosti o tehotn\u00e9 \u017eeny.<\/p>\n<p>Spomenuli ste, \u017ee va\u0161\u00edm cie\u013eom je aj to, aby sa narodilo maximum po\u010dat\u00fdch det\u00ed.<\/p>\n<p>Prostriedky m\u00f4\u017eu by\u0165 r\u00f4zne \u2013 apel na zodpovednos\u0165 mu\u017eov, zapojenie okolia \u017eeny, da\u0148ov\u00e9 opatrenia, soci\u00e1lne opatrenia a samozrejme i legislat\u00edvna regul\u00e1cia potratov. Ak by cie\u013eom bolo vn\u00fati\u0165 z\u00e1kaz potratov, \u013eudia to odmietnu podobne, ako ke\u010f bolo zak\u00e1zan\u00e9 chodi\u0165 bez r\u00fa\u0161ok a\u00a0ve\u013ea \u013eud\u00ed to ignorovalo.<\/p>\n<p>Ak\u00e1 \u010das\u0165 \u010deskej spolo\u010dnosti schva\u013euje leg\u00e1lne potraty?<\/p>\n<p>Z\u00e1le\u017e\u00ed na tom, ako sa sp\u00fdtate. Podstatn\u00e1 je jedna vec: katol\u00edci, ktor\u00ed aspo\u0148 trochu tu\u0161ia nie\u010do o\u00a0viere, vedia, \u017ee z\u00e1kaz potratov nezah\u0155\u0148a situ\u00e1cie, keby \u017eena bola zomrela \u2013 v\u00a0zmysle te\u00f3rie dvojit\u00e9ho \u00fa\u010dinku.<\/p>\n<p>Len\u017ee prakticky nikto z\u00a0neveriacej spolo\u010dnosti t\u00fato skuto\u010dnos\u0165 nerozli\u0161uje. Ak teda poviete, \u017ee ste za z\u00e1kaz potratov, pre mainstreamov\u00fa spolo\u010dnos\u0165 to zah\u0155\u0148a aj pr\u00edpady \u00famrtia \u017eeny. In\u00fdmi slovami, dost\u00e1vate sa do poz\u00edcie extr\u00e9mistu, ktor\u00fd nem\u00e1 v\u00a0spolo\u010dnosti \u010do robi\u0165.<\/p>\n<p>Probl\u00e9m je teda u\u017e v\u00a0samotnom slovn\u00edku. Ke\u010f sa \u010cechov sp\u00fdtate, \u010di s\u00fa za z\u00e1kaz potratov, dev\u00e4\u0165desiat percent povie, \u017ee nie. Ale ke\u010f p\u00f4jdete do detailov, zist\u00edte, \u017ee drviv\u00e1 v\u00e4\u010d\u0161ina \u010deskej spolo\u010dnosti ch\u00e1pe umel\u00fd potrat na \u017eiados\u0165 ako extr\u00e9mne v\u00fdnimo\u010dn\u00fa situ\u00e1ciu, ktorej je vhodn\u00e9 sa vyhn\u00fa\u0165.<\/p>\n<p>Mysl\u00edm, \u017ee \u010desk\u00e1 spolo\u010dnos\u0165 nepodporuje potraty ako \u017eensk\u00e9 pr\u00e1vo v\u00a0nejakom pozit\u00edvnom zmysle. Ch\u00e1pe to ako zadn\u00e9 vr\u00e1tka, ke\u010f nejde inak, a pr\u00e1ve Pochod pro \u017eivot i ka\u017edodenn\u00e1 \u010dinnos\u0165 na\u0161ej Linky pomoci v tehotenstve m\u00e1 da\u0165 n\u00e1dej, \u017ee v\u017edy existuje lep\u0161ie rie\u0161enie ne\u017e usmrtenie nenaroden\u00e9ho die\u0165a\u0165a.<\/p>\n<p><img decoding=\"async\" src=\"https:\/\/www.europesays.com\/sk\/wp-content\/uploads\/2026\/09\/IMGP4701-2-1788447928.jpg\"\/><\/p>\n<p class=\"image-description\">Kate\u0159ina Uch\u00e1\u010dov\u00e1. Foto: Postoj\/Jakub Lipt\u00e1k<\/p>\n<p>Ako dlho organizujete pochody a\u00a0ak\u00fa m\u00e1vaj\u00fa \u00fa\u010das\u0165?<\/p>\n<p>U\u017e cez dvadsa\u0165 rokov a\u00a0konaj\u00fa sa v\u017edy v\u00a0Prahe. \u00da\u010das\u0165 v\u00e4\u010d\u0161inou bola okolo desa\u0165tis\u00edc, po covide to kleslo asi na tri- a\u017e p\u00e4\u0165tis\u00edc.<\/p>\n<p>V\u00a0minulom roku ste prv\u00fdkr\u00e1t pochod nemohli dokon\u010di\u0165, lebo v\u00e1s zablokovali odporcovia. Ako to prebiehalo?<\/p>\n<p>Agresivita vo\u010di n\u00e1m vzrastala v\u00a0ostatn\u00fdch piatich-\u0161iestich rokoch, ale vlani to pol\u00edcia u\u017e nezvl\u00e1dla. Nieko\u013eko stoviek oponentov z\u00a0radov progres\u00edvnych extr\u00e9mistov n\u00e1s zablokovalo. \u00da\u010dastn\u00edci pochodu, ktor\u00fd mal trasu od Pra\u017esk\u00e9ho hradu na V\u00e1clavsk\u00e9 n\u00e1mestie, ostali uv\u00e4znen\u00ed v\u00a0uli\u010dk\u00e1ch Star\u00e9ho Mesta, kde na nich vrieskali oponenti.<\/p>\n<p>Policajti sa tv\u00e1rili, \u017ee musia najprv vyprata\u0165 terasy na uliciach, aby mohli urobi\u0165 z\u00e1krok. V\u00a0tej situ\u00e1cii nevedeli ani to, kto ku komu patr\u00ed, tak\u017ee ak niekto k\u00a0nim pri\u0161iel a\u00a0povedal, \u017ee chce od\u00eds\u0165, iba mu povedali, \u017ee nesmie, lebo tam prebieha z\u00e1krok. \u013dudia teda nemohli na toaletu, k\u00fapi\u0165 si vodu.<\/p>\n<p>Navy\u0161e pol\u00edcia spravila kord\u00f3ny, tak\u017ee ak ste chceli opusti\u0165 zhroma\u017edenie, museli ste prejs\u0165 kord\u00f3nom pomedzi vrieskaj\u00faci dav a\u00a0d\u00fafa\u0165, \u017ee sa na v\u00e1s ten dav nevrhne a\u00a0bude iba kri\u010da\u0165.<\/p>\n<p><img decoding=\"async\" src=\"https:\/\/www.europesays.com\/sk\/wp-content\/uploads\/2026\/09\/54482360004_2159f22a61_k.jpg\" alt=\"Pol\u00edcia namiesto \u00fastavn\u00e9ho pr\u00e1va na zhroma\u017e\u010fovanie ochr\u00e1nila blok\u00e1du anarchistov, tvrd\u00ed pr\u00e1vnik\"\/><a href=\"https:\/\/www.postoj.sk\/174640\/policia-namiesto-ustavneho-prava-na-zhromazdovanie-ochranila-blokadu-anarchistov-tvrdi-pravnik\" rel=\"nofollow noopener\" target=\"_blank\">Zablokovan\u00fd pro-life pochod v PrahePol\u00edcia namiesto \u00fastavn\u00e9ho pr\u00e1va na zhroma\u017e\u010fovanie ochr\u00e1nila blok\u00e1du anarchistov, tvrd\u00ed pr\u00e1vnik<\/a>Ak\u00e9 ste mali pocity, ke\u010f ste zistili, \u017ee pochod je zablokovan\u00fd?<\/p>\n<p>V\u00a0tom momente to bol najm\u00e4 pocit zodpovednosti za \u013eud\u00ed, ktor\u00ed na pochod pri\u0161li, aby boli v\u00a0bezpe\u010d\u00ed a ni\u010d sa im nestalo. \u010ciasto\u010dne sme v\u0161ak c\u00edtili bezmocnos\u0165, lebo sme nemohli ni\u010d robi\u0165. Ke\u010f v\u00e1m pol\u00edcia nariadi \u201estojte\u201c, mus\u00edte st\u00e1\u0165. Mo\u017eno v\u00e1m dovol\u00ed od\u00eds\u0165 a\u00a0mo\u017eno nie \u2013 niektor\u00fdm dovolila, in\u00fdm nie.<\/p>\n<p>Nevedeli sme, \u010di sa nie\u010do nestane, \u010di niekomu nerupn\u00fa nervy na jednej \u010di druhej strane. Ke\u010f niekto kri\u010d\u00ed na v\u00e1s vr\u00e1tane det\u00ed, va\u0161ou automatickou reakciou je ich chr\u00e1ni\u0165.<\/p>\n<p>Podnikli ste odvtedy nejak\u00e9 kroky?<\/p>\n<p>Rie\u0161ili sme to na \u00farovni poslaneck\u00fdch snemov\u0148ov\u00fdch a\u00a0sen\u00e1tnych v\u00fdborov, podalo sa asi osemdesiat \u017eal\u00f4b na Pol\u00edciu \u010cR, podali sa trestn\u00e9 ozn\u00e1menia a\u00a0oponentom, ktor\u00ed neposl\u00fachli v\u00fdzvy pol\u00edcie, sa udelili spr\u00e1vne pokuty vo v\u00fd\u0161ke asi 250-tis\u00edc K\u010d.<\/p>\n<p>Komunikujeme s\u00a0politikmi a\u00a0z\u00edskali sme pomerne ve\u013ek\u00e9 sympatie aj medzi gynekol\u00f3gmi, lebo si uvedomili, \u010do rob\u00edme. Aktu\u00e1lne sa \u00dastavn\u00fd s\u00fad zaober\u00e1 sporom o povinnosti pol\u00edcie efekt\u00edvne chr\u00e1ni\u0165 slobodu zhroma\u017e\u010fovania zranite\u013en\u00fdch os\u00f4b, ako s\u00fa rodiny s de\u0165mi.<\/p>\n<p>Zauj\u00edmav\u00e9 bolo, \u017ee t\u00e1to blok\u00e1cia bola \u0161iroko publikovan\u00e1 v\u00a0m\u00e9di\u00e1ch. Na\u0161\u00edm ve\u013ek\u00fdm probl\u00e9mom dovtedy bolo, \u017ee Pochod pro \u017eivot sa vn\u00edmal ako nejak\u00e1 intern\u00e1 teambuildingov\u00e1 akcia pre vz\u00e1jomn\u00e9 povzbudenie sa a\u00a0m\u00e9di\u00e1 nemali d\u00f4vod o\u00a0tom informova\u0165.<\/p>\n<p><img decoding=\"async\" src=\"https:\/\/www.europesays.com\/sk\/wp-content\/uploads\/2026\/09\/IMGP4776-2-1788447934.jpg\"\/><\/p>\n<p class=\"image-description\">Man\u017eelia Uch\u00e1\u010dovci na Bratislavsk\u00fdch Hanusov\u00fdch d\u0148och. Foto: Postoj\/Jakub Lipt\u00e1k<\/p>\n<p>Mysl\u00edte si, \u017ee v\u00a0kone\u010dnom d\u00f4sledku v\u00e1m t\u00e1 blok\u00e1da pomohla?<\/p>\n<p>Paradoxne \u00e1no. Svojou agresivitou n\u00e1m z\u00edskala spolo\u010densk\u00fd re\u0161pekt, \u010do asi t\u00ed blokuj\u00faci nechceli. Sami sa predstavili ako agres\u00edvna extr\u00e9mistick\u00e1 skupina.<\/p>\n<p>Zo strany odporcov to teda nebolo nejak\u00e9 v\u00ed\u0165azstvo.<\/p>\n<p>Mysl\u00edm si, \u017ee oni maj\u00fa iba zl\u00e9 vo\u013eby. Lebo to nie je len o\u00a0pochode \u2013 \u017een\u00e1m re\u00e1lne pom\u00e1hame a\u00a0rob\u00edme lobing, pri\u010dom to cel\u00e9 podporujeme Pochodom pro \u017eivot. A\u00a0bez oh\u013eadu na to, \u010di na\u0161i oponenti bud\u00fa alebo nebud\u00fa blokova\u0165 pochod, lobing a\u00a0aj praktick\u00e1 pomoc \u017een\u00e1m bud\u00fa st\u00e1le pokra\u010dova\u0165.<\/p>\n<p>A\u00a0oni sa ve\u013emi desia toho, \u017ee sme schopn\u00ed komunikova\u0165 s\u00a0politikmi naprie\u010d stranami a\u00a0presadzova\u0165 rozumn\u00fa legislat\u00edvu a paradoxne tomu e\u0161te sami pomohli.<\/p>\n<p>Ovplyvnila minuloro\u010dn\u00e1 udalos\u0165 \u00fa\u010das\u0165 v\u00a0tomto roku?<\/p>\n<p>B\u00e1li sme sa toho, predsa len s\u00fa to \u010dasto rodiny, navy\u0161e je to Praha, kde sa odohr\u00e1va mno\u017estvo nepr\u00edjemn\u00fdch vec\u00ed a\u00a0na pochod chodia \u013eudia z\u00a0celej republiky aj z\u00a0vidieka, toto je pre nich cudz\u00ed svet. Prekvapilo n\u00e1s v\u0161ak, \u017ee sa prihl\u00e1silo e\u0161te viac \u013eud\u00ed ako vlani.<\/p>\n<p>Pre mnoh\u00fdch \u013eud\u00ed je presved\u010denie, s\u00a0ktor\u00fdm na pochod chodia, silnej\u0161ie ako negat\u00edvne z\u00e1\u017eitky a uvedomuj\u00fa si, \u017ee pr\u00e1ve pre ten odpor je svedectvo ich postoja o to \u00fa\u010dinnej\u0161ie. Tak to komunikuj\u00fa aj svojim de\u0165om.<\/p>\n<p>Ako prebehol pochod tento rok?<\/p>\n<p>Tohto roku vedenie Pol\u00edcie \u010cR op\u00e4\u0165 zlyhalo. Treba v\u0161ak zd\u00f4razni\u0165, \u017ee t\u00fdm nemysl\u00edme radov\u00fdch policajtov na\u00a0ulici \u2013 t\u00ed boli v\u00fdborn\u00ed, ale o\u010dividne mali zak\u00e1zan\u00e9 postihova\u0165 protipr\u00e1vne konanie.<\/p>\n<p>Vlani pol\u00edcia nasadila na ochranu zhroma\u017edenia dvestop\u00e4\u0165desiat policajtov vr\u00e1tane \u0165a\u017ekoodencov, \u010do u\u017e vtedy bol extr\u00e9mny po\u010det. Tento rok v\u0161ak nasadila a\u017e dev\u00e4\u0165stojeden policajtov, ktor\u00fdmi vytvorila iba kord\u00f3ny, ak\u00e9si \u201euli\u010dky hanby\u201c, ktor\u00fdmi \u013eudia mohli prejs\u0165 na V\u00e1clavsk\u00e9 n\u00e1mestie. Na \u0148om u\u017e \u010dakali vrieskaj\u00face stovky oponentov.<\/p>\n<p>Pol\u00edcia takto s\u00edce umo\u017enila \u00fa\u010dastn\u00edkom prejs\u0165, ale cel\u00e9 zhroma\u017edenie uzavrela a\u00a0spravila z\u00a0neho de facto s\u00fakromn\u00fa akciu. Be\u017en\u00e1 verejnos\u0165 sa na\u0148 nedostala. Z\u00a0tohto d\u00f4vodu z\u00e1sah Pol\u00edcie \u010cR op\u00e4\u0165 rie\u0161ime na s\u00fade.<\/p>\n<p>Pod\u013ea n\u00e1\u0161ho n\u00e1zoru Pol\u00edcia \u010cR rezignovala na ochranu slobody slova a\u00a0zhroma\u017e\u010fovania. Rie\u0161i iba to, aby netiekla krv.<\/p>\n<p><img decoding=\"async\" src=\"https:\/\/www.europesays.com\/sk\/wp-content\/uploads\/2026\/09\/20260411_Praha_pochody_stret4207568.jpg\" alt=\"V Prahe sa konal Pochod za \u017eivot, rodin\u00e1m s de\u0165mi museli pom\u00f4c\u0165 \u0165a\u017ekoodenci\"\/><a href=\"https:\/\/www.postoj.sk\/192735\/dnes-treba-vediet\" rel=\"nofollow noopener\" target=\"_blank\">Odporcovia akciu op\u00e4\u0165 takmer zablokovaliV Prahe sa konal Pochod za \u017eivot, rodin\u00e1m s de\u0165mi museli pom\u00f4c\u0165 \u0165a\u017ekoodenci<\/a>\u010co by pod\u013ea v\u00e1s mala spravi\u0165 inak?<\/p>\n<p>\u00daplne by sta\u010dilo, keby stovky oponentov, ktor\u00e9 mala opakovane uzavret\u00e9 v uliciach, stoto\u017enila a rozdala pokuty v s\u00falade so z\u00e1konom. Miesto toho ich v\u017edy po \u010dase pustila a oni sa posunuli k \u010fal\u0161ej blok\u00e1de a pokra\u010dovali v naru\u0161ovan\u00ed.<\/p>\n<p>Hovor\u00edte, \u017ee \u010desk\u00e1 pol\u00edcia rezignovala na ochranu slobody slova, ale t\u00fa predsa maj\u00fa aj va\u0161i oponenti.<\/p>\n<p>Pochod pro \u017eivot bolo riadne nahl\u00e1sen\u00e9 zhroma\u017edenie v\u00a0zmysle z\u00e1kona. Na\u0161i oponenti zorganizovali neohl\u00e1sen\u00e9 bloka\u010dn\u00e9 skupiny s cie\u013eom n\u00e1s uml\u010da\u0165 a\u00a0zastra\u0161i\u0165. Skanduj\u00fa pri tom hesl\u00e1 ako \u201ePraha je feministick\u00e1\u201c, \u201eU\u017e ani meter patriarch\u00e1tu\u201c a\u00a0podobne.<\/p>\n<p>Sloboda slova neznamen\u00e1 blokovanie druh\u00fdch, prejavy nen\u00e1visti, fyzick\u00e9 nap\u00e1danie rod\u00edn, prepichovanie detsk\u00fdch bal\u00f3nikov \u0161pendl\u00edkmi, pou\u017e\u00edvanie hlasn\u00fdch sir\u00e9n ako akustick\u00fdch zbran\u00ed.<\/p>\n<p>Tieto plynov\u00e9 klaks\u00f3ny pod\u013ea svedectiev p\u00fa\u0161\u0165ali oponenti napr\u00edklad aj priamo do ko\u010d\u00edkov. Oni sami pritom mali chr\u00e1ni\u010de sluchu. Nehovoriac o\u00a0mno\u017estve vulgarizmov a\u00a0slovn\u00fdch \u00fatokov, ktor\u00e9 na \u00fa\u010dastn\u00edkov pochodu vykrikovali.<\/p>\n<p>Spom\u00ednate si na nejak\u00e9 pr\u00edklady?<\/p>\n<p>Napr\u00edklad tento rok skandovali \u201echy\u0165 si svojho fa\u0161istu\u201c. Mysl\u00edm, \u017ee keby sa takto spr\u00e1vali oponenti nejak\u00fdch progres\u00edvnych zhroma\u017eden\u00ed, jasne by to bolo vyhodnoten\u00e9 ako prejav nen\u00e1visti. Je to dvojak\u00fd meter.<\/p>\n<p>Prijali ste na z\u00e1klade minuloro\u010dn\u00fdch sk\u00fasenost\u00ed nejak\u00e9 opatrenia?<\/p>\n<p>Zaoberali sme sa t\u00fdm, ako podujatie usporiada\u0165 bez toho, aby sme boli z\u00e1visl\u00ed od konania pol\u00edcie. Jeden ve\u013ek\u00fd sprievod sme preto rozdelili na osemdesiat mal\u00fdch a\u00a0nahl\u00e1sili sme osemdesiat zhroma\u017eden\u00ed na dvadsiatich tras\u00e1ch po mal\u00fdch skupin\u00e1ch.<\/p>\n<p>Tie sa skuto\u010dne zorganizovali a\u00a0takto bol pochod nezablokovate\u013en\u00fd. Nieko\u013eko blok\u00e1d sa objavilo, ale men\u0161ie skupiny os\u00f4b jednoducho zmenili trasu a\u00a0obi\u0161li ich.<\/p>\n<p>Pol\u00edcia z\u00a0tohto n\u00e1\u0161ho rie\u0161enia pochopite\u013ene bola z\u00fafal\u00e1, ale otvorene povedala, \u017ee nem\u00e1 povinnos\u0165 zabezpe\u010di\u0165, aby sme ako jeden sprievod pre\u0161li. Iba \u017ee mus\u00ed vyvin\u00fa\u0165 primeran\u00e9 \u00fasilie, ale za v\u00fdsledok nenesie zodpovednos\u0165.<\/p>\n<p><img decoding=\"async\" src=\"https:\/\/www.europesays.com\/sk\/wp-content\/uploads\/2026\/09\/IMGP4680-2-1788447942.jpg\"\/><\/p>\n<p class=\"image-description\">Man\u017eelia Uch\u00e1\u010dovci. Foto: Postoj\/Jakub Lipt\u00e1k<\/p>\n<p>Minuloro\u010dn\u00fd pochod sa konal po\u010das vl\u00e1dy Petra Fialu, tohtoro\u010dn\u00fd u\u017e za Andreja Babi\u0161a. Nastala nejak\u00e1 zmena z\u00a0h\u013eadiska politick\u00fdch reakci\u00ed na va\u0161e pochody?<\/p>\n<p>Niektor\u00ed politici sa n\u00e1s zastali v\u00a0zmysle, \u017ee sa po\u0161liapava na\u0161a sloboda slova. Hovoria napr\u00edklad, \u017ee s\u00edce nie s\u00fa proti potratom, ale nech m\u00e1me pr\u00e1vo vyjadri\u0165 svoj n\u00e1zor. Mysl\u00edm, \u017ee reakcie na soci\u00e1lnych sie\u0165ach \u010di v\u00a0m\u00e9di\u00e1ch boli tohto roku e\u0161te pozit\u00edvnej\u0161ie ako vlani \u2013 bolo to vidite\u013en\u00e9 napr\u00edklad aj v\u00a0diskusi\u00e1ch pod \u010dl\u00e1nkami.<\/p>\n<p>\u010co sa t\u00fdka vl\u00e1dnych predstavite\u013eov, b\u00fdval\u00fd minister vn\u00fatra V\u00edt Raku\u0161an sa k\u00a0vla\u0148aj\u0161iemu incidentu vyjadril, \u017ee v\u0161etko bolo v\u00a0poriadku. Tohto roku p\u00e1n premi\u00e9r dal vedie\u0165, \u017ee tieto probl\u00e9my bude rie\u0161i\u0165 s\u00a0ministrom vn\u00fatra Lubom\u00edrom Metnarom a\u00a0bude sa to rie\u0161i\u0165 aj na brannobezpe\u010dnostnom v\u00fdbore, preto\u017ee probl\u00e9m nie je v\u00a0policajn\u00fdch zlo\u017ek\u00e1ch, ale vo veden\u00ed pol\u00edcie, ktor\u00e9 m\u00e1 obavy zasiahnu\u0165 proti progres\u00edvnym aktivistom.<\/p>\n<p>Iba n\u00e1klady na nasadenie dev\u00e4\u0165sto policajtov, ktor\u00ed dok\u00e1zali zdokumentova\u0165 p\u00e4\u0165 priestupkov, hovoria za v\u0161etko.<\/p>\n<p>N\u00e1\u0161 prv\u00fd spolo\u010dn\u00fd prezident Tom\u00e1\u0161 Garrigue Masaryk pova\u017eoval vyhnanie plodu za ve\u013ek\u00fd zlo\u010din a\u00a0odmietal ho omilos\u0165ova\u0165. Ako si vysvet\u013eujete, \u017ee v\u00a0krajine, ktor\u00e1 sa hl\u00e1si k\u00a0odkazu Masaryka a\u00a0m\u00e1 v\u00a0motte \u201ePravda v\u00ed\u0165az\u00ed\u201c, je takmer nemo\u017en\u00e9 spravi\u0165 pro-life akciu?<\/p>\n<p>Jeden vtip hovor\u00ed, \u017ee na prezidentskej \u0161tandarde je gramatick\u00e1 chyba a\u00a0spr\u00e1vne to m\u00e1 znie\u0165 \u201ePravda v\u00edt\u011bzi\u201c (\u201ePravda v\u00ed\u0165azovi\u201c \u2013 pozn. red.). \u010cesk\u00e1 spolo\u010dnos\u0165 je \u2013 v\u00a0re\u00e1lnom \u017eivote \u2013 za \u017eivot, no \u013eudia s\u00fa presved\u010den\u00ed, \u017ee nie je mo\u017en\u00e9 \u017ei\u0165 bez umel\u00fdch potratov na po\u017eiadanie, lebo by umierali \u017eeny. Je to predsudok.<\/p>\n<p>Zv\u00ed\u0165az\u00ed v\u00a0\u010cesku pravda?<\/p>\n<p>\u010casom ur\u010dite \u00e1no.<\/p>\n","protected":false},"excerpt":{"rendered":"Man\u017eelia Radim Uch\u00e1\u010d a\u00a0Kate\u0159ina Uch\u00e1\u010dov\u00e1 p\u00f4sobia v\u00a0Hnut\u00ed Pro \u017eivot \u010cR, \u010deskej pro-life organiz\u00e1cii, ktor\u00e1 sa venuje pomoci ne\u010dakane&hellip;\n","protected":false},"author":2,"featured_media":169651,"comment_status":"","ping_status":"","sticky":false,"template":"","format":"standard","meta":{"footnotes":"","_share_on_mastodon":"0"},"categories":[6],"tags":[43,40,44,39,42,45,41],"class_list":["post-169650","post","type-post","status-publish","format-standard","has-post-thumbnail","category-slovensko","tag-sk","tag-slovak","tag-slovak-republic","tag-slovakia","tag-slovencina","tag-slovenska-republika","tag-slovensko"],"share_on_mastodon":{"url":"https:\/\/pubeurope.com\/@sk\/117208194061628299","error":""},"_links":{"self":[{"href":"https:\/\/www.europesays.com\/sk\/wp-json\/wp\/v2\/posts\/169650","targetHints":{"allow":["GET"]}}],"collection":[{"href":"https:\/\/www.europesays.com\/sk\/wp-json\/wp\/v2\/posts"}],"about":[{"href":"https:\/\/www.europesays.com\/sk\/wp-json\/wp\/v2\/types\/post"}],"author":[{"embeddable":true,"href":"https:\/\/www.europesays.com\/sk\/wp-json\/wp\/v2\/users\/2"}],"replies":[{"embeddable":true,"href":"https:\/\/www.europesays.com\/sk\/wp-json\/wp\/v2\/comments?post=169650"}],"version-history":[{"count":0,"href":"https:\/\/www.europesays.com\/sk\/wp-json\/wp\/v2\/posts\/169650\/revisions"}],"wp:featuredmedia":[{"embeddable":true,"href":"https:\/\/www.europesays.com\/sk\/wp-json\/wp\/v2\/media\/169651"}],"wp:attachment":[{"href":"https:\/\/www.europesays.com\/sk\/wp-json\/wp\/v2\/media?parent=169650"}],"wp:term":[{"taxonomy":"category","embeddable":true,"href":"https:\/\/www.europesays.com\/sk\/wp-json\/wp\/v2\/categories?post=169650"},{"taxonomy":"post_tag","embeddable":true,"href":"https:\/\/www.europesays.com\/sk\/wp-json\/wp\/v2\/tags?post=169650"}],"curies":[{"name":"wp","href":"https:\/\/api.w.org\/{rel}","templated":true}]}}