{"id":169656,"date":"2026-09-03T17:06:08","date_gmt":"2026-09-03T17:06:08","guid":{"rendered":"https:\/\/www.europesays.com\/sk\/169656\/"},"modified":"2026-09-03T17:06:08","modified_gmt":"2026-09-03T17:06:08","slug":"telekom-night-run-prinesie-v-bratislave-nocne-uzavierky-ciest","status":"publish","type":"post","link":"https:\/\/www.europesays.com\/sk\/169656\/","title":{"rendered":"Telekom Night Run prinesie v Bratislave no\u010dn\u00e9 uz\u00e1vierky ciest"},"content":{"rendered":"<p class=\"article-perex\" itemprop=\"description\" style=\"font-weight: bold; font-style: italic;\">&#13;<br \/>\n                                                            Sobot\u0148aj\u0161\u00ed Telekom Night Run do\u010dasne uzavrie vybran\u00e9 \u00faseky v Starom Meste a Petr\u017ealke; pol\u00edcia upozor\u0148uje na obmedzenia pribli\u017ene od 19:15 do 22:00.                                                        <\/p>\n<p>Po\u010das sobot\u0148aj\u0161ej noci Bratislavou bud\u00fa be\u017ea\u0165 stovky \u0161portovcov. Udeje sa tak v r\u00e1mci 18. ro\u010dn\u00edka najv\u00e4\u010d\u0161ieho no\u010dn\u00e9ho behu na Slovensku \u2013 Telekom Night Run <a href=\"https:\/\/www.bratislavak.sk\/temy\/vlcie-hrdlo\" class=\"link-tag\" style=\"\" rel=\"nofollow noopener\" target=\"_blank\">Bratislava<\/a>. Pol\u00edcia v tejto s\u00favislosti upozor\u0148uje, \u017ee <a href=\"https:\/\/www.bratislavak.sk\/temy\/park-na-hlavnej\" class=\"link-tag\" style=\"\" rel=\"nofollow noopener\" target=\"_blank\">podujatie<\/a> si vy\u017eiada do\u010dasn\u00e9 dopravn\u00e9 obmedzenia v Starom Meste a Petr\u017ealke, ktor\u00e9 bud\u00fa s\u00favisie\u0165 najm\u00e4 s trasou hlavn\u00e9ho behu.<\/p>\n<p>\u201eViedensk\u00e1 cesta a Krasovsk\u00e9ho ulica bud\u00fa pre vodi\u010dov v \u010dase pribli\u017ene od 19:15 hod. do 22:00 hod. uzavret\u00e9 v \u00faseku od Nov\u00e9ho mosta (Most SNP) po kri\u017eovatku pri <a href=\"https:\/\/www.bratislavak.sk\/temy\/divadlo\" class=\"link-tag\" style=\"\" rel=\"nofollow noopener\" target=\"_blank\">Divadle<\/a> Ar\u00e9na. Vjazd do are\u00e1lu Incheby zo zadnej strany od Viedenskej cesty bude umo\u017enen\u00fd aj po\u010das pretekov,\u201c ozrejmila krajsk\u00e1 pol\u00edcia.<\/p>\n<p><img decoding=\"async\" src=\"https:\/\/www.europesays.com\/sk\/wp-content\/uploads\/2026\/09\/zdroj-foto-facebookpolicia-sr-bratislavsky-kraj-20260903183642.webp\" loading=\"lazy\" width=\"2000\" height=\"1414\"\/>Zdroj foto: Facebook\/Pol\u00edcia SR &#8211; Bratislavsk\u00fd kraj<\/p>\n<p>Od pribli\u017ene 19:55 hod. sa za\u010dne postupne uzatv\u00e1ra\u0165 trasa hlavn\u00e9ho behu. Dopravn\u00e9 obmedzenia sa dotkn\u00fa najm\u00e4 \u00fasekov \u0160af\u00e1rikovo <a href=\"https:\/\/www.bratislavak.sk\/temy\/namestie\" class=\"link-tag\" style=\"\" rel=\"nofollow noopener\" target=\"_blank\">n\u00e1mestie<\/a> \u2013 Vajansk\u00e9ho n\u00e1bre\u017eie \u2013 R\u00e1zusovo n\u00e1bre\u017eie \u2013 N\u00e1bre\u017eie arm. Gen. L. Svobodu \u2013 \u017di\u017ekova ulica \u2013 Kapuc\u00ednska ulica \u2013 N\u00e1mestie SNP. Tieto obmedzenia pod\u013ea pol\u00edcie potrvaj\u00fa pribli\u017ene do 21:00 hod.<\/p>\n<p>\u201eJednotliv\u00e9 \u00faseky bud\u00fa uzatv\u00e1ran\u00e9 len na nevyhnutn\u00fd \u010das, pribli\u017ene 20 a\u017e 40 min\u00fat, pri\u010dom <a href=\"https:\/\/www.bratislavak.sk\/temy\/zapchy\" class=\"link-tag\" style=\"\" rel=\"nofollow noopener\" target=\"_blank\">doprava<\/a> bude uvo\u013e\u0148ovan\u00e1 priebe\u017ene, bezprostredne po prebehnut\u00ed pelot\u00f3nu be\u017ecov,\u201c objasnila krajsk\u00e1 pol\u00edcia.<\/p>\n<p>Policajti bud\u00fa operat\u00edvne riadi\u0165 dopravu na dotknut\u00fdch kri\u017eovatk\u00e1ch a v\u00fdjazdoch, aby zabezpe\u010dili bezpe\u010dnos\u0165 \u00fa\u010dastn\u00edkov <a href=\"https:\/\/www.bratislavak.sk\/temy\/velka-domasa\" class=\"link-tag\" style=\"\" rel=\"nofollow noopener\" target=\"_blank\">podujatia<\/a> a ostatn\u00fdch \u00fa\u010dastn\u00edkov cestnej prem\u00e1vky, ako aj plynul\u00fd priebeh <a href=\"https:\/\/www.bratislavak.sk\/temy\/doprava\" class=\"link-tag\" style=\"\" rel=\"nofollow noopener\" target=\"_blank\">dopravy<\/a>.<\/p>\n<p>\u201eVodi\u010dov preto vyz\u00fdvame, aby v uvedenom \u010dase zv\u00fd\u0161ili pozornos\u0165, re\u0161pektovali pokyny pol\u00edcie a po\u010d\u00edtali s kr\u00e1tkodob\u00fdm zdr\u017ean\u00edm v dotknut\u00fdch \u00fasekoch. \u010eakujeme za trpezlivos\u0165 a oh\u013eaduplnos\u0165,\u201c uzavrela pol\u00edcia.<\/p>\n","protected":false},"excerpt":{"rendered":"&#13; Sobot\u0148aj\u0161\u00ed Telekom Night Run do\u010dasne uzavrie vybran\u00e9 \u00faseky v Starom Meste a Petr\u017ealke; pol\u00edcia upozor\u0148uje na obmedzenia&hellip;\n","protected":false},"author":2,"featured_media":169657,"comment_status":"","ping_status":"","sticky":false,"template":"","format":"standard","meta":{"footnotes":"","_share_on_mastodon":"0"},"categories":[21],"tags":[136,373,376,374,386,375,385,382,384,381,380,378,379,43,40,39,42,41,377,383],"class_list":["post-169656","post","type-post","status-publish","format-standard","has-post-thumbnail","category-bratislava","tag-bratislava","tag-doprava","tag-doprava-v-ziline","tag-doprava-zilina","tag-dopravny-servis-zilina","tag-hliadky-zilina","tag-kolona-strecno","tag-kolona-zilina","tag-nehoda-strecno","tag-nehoda-v-ziline","tag-nehoda-zilina","tag-obmedzenie-zilina","tag-policajne-hliadky-a-radary-zilina","tag-sk","tag-slovak","tag-slovakia","tag-slovencina","tag-slovensko","tag-uzavierka-zilina","tag-uzavreta-cesta-zilina"],"share_on_mastodon":{"url":"https:\/\/pubeurope.com\/@sk\/117208205766280178","error":""},"_links":{"self":[{"href":"https:\/\/www.europesays.com\/sk\/wp-json\/wp\/v2\/posts\/169656","targetHints":{"allow":["GET"]}}],"collection":[{"href":"https:\/\/www.europesays.com\/sk\/wp-json\/wp\/v2\/posts"}],"about":[{"href":"https:\/\/www.europesays.com\/sk\/wp-json\/wp\/v2\/types\/post"}],"author":[{"embeddable":true,"href":"https:\/\/www.europesays.com\/sk\/wp-json\/wp\/v2\/users\/2"}],"replies":[{"embeddable":true,"href":"https:\/\/www.europesays.com\/sk\/wp-json\/wp\/v2\/comments?post=169656"}],"version-history":[{"count":0,"href":"https:\/\/www.europesays.com\/sk\/wp-json\/wp\/v2\/posts\/169656\/revisions"}],"wp:featuredmedia":[{"embeddable":true,"href":"https:\/\/www.europesays.com\/sk\/wp-json\/wp\/v2\/media\/169657"}],"wp:attachment":[{"href":"https:\/\/www.europesays.com\/sk\/wp-json\/wp\/v2\/media?parent=169656"}],"wp:term":[{"taxonomy":"category","embeddable":true,"href":"https:\/\/www.europesays.com\/sk\/wp-json\/wp\/v2\/categories?post=169656"},{"taxonomy":"post_tag","embeddable":true,"href":"https:\/\/www.europesays.com\/sk\/wp-json\/wp\/v2\/tags?post=169656"}],"curies":[{"name":"wp","href":"https:\/\/api.w.org\/{rel}","templated":true}]}}