{"id":169662,"date":"2026-09-03T17:17:25","date_gmt":"2026-09-03T17:17:25","guid":{"rendered":"https:\/\/www.europesays.com\/sk\/169662\/"},"modified":"2026-09-03T17:17:25","modified_gmt":"2026-09-03T17:17:25","slug":"policajti-a-rybarska-straz-zistili-v-okrese-trencin-sest-poruseni-zakona","status":"publish","type":"post","link":"https:\/\/www.europesays.com\/sk\/169662\/","title":{"rendered":"Policajti a ryb\u00e1rska str\u00e1\u017e zistili v okrese Tren\u010d\u00edn \u0161es\u0165 poru\u0161en\u00ed z\u00e1kona"},"content":{"rendered":"<p>TREN\u010c\u00cdN &#8211; \u0160es\u0165 poru\u0161en\u00ed z\u00e1kona o ryb\u00e1rstve odhalili tren\u010dianski policajti spolu s ryb\u00e1rskou str\u00e1\u017eou po\u010das mimoriadnej kontroly v Tren\u010dianskom okrese. Kontrola bola zameran\u00e1 na v\u00fdkon ryb\u00e1rskeho pr\u00e1va a odha\u013eovanie trestn\u00fdch \u010dinov a priestupkov na \u00faseku environment\u00e1lnej kriminality. Informovala o tom tren\u010dianska krajsk\u00e1 policajn\u00e1 hovorky\u0148a Petra Klenkov\u00e1.<\/p>\n<p>Na akcii sa z\u00fa\u010dastnili policajti Okresn\u00e9ho riadite\u013estva Policajn\u00e9ho zboru (PZ) v Tren\u010d\u00edne spolu s kolegami z tren\u010dianskeho oddelenia odboru odha\u013eovania nebezpe\u010dn\u00fdch materi\u00e1lov a environment\u00e1lnej kriminality Prez\u00eddia PZ v s\u00fa\u010dinnosti s ryb\u00e1rskou str\u00e1\u017eou Mestskej organiz\u00e1cie Slovensk\u00e9ho ryb\u00e1rskeho zv\u00e4zu Tren\u010d\u00edn.<\/p>\n<p>\t<a href=\"https:\/\/www.topky.sk\/gl\/9604107\/6584787\/Kontrola-rybarov-v-Trencine--Okrem-poruseni-zakona-natrafili-policajti-aj-na-nebezpecneho-muza\" rel=\"nofollow noopener\" target=\"_blank\"><br \/>\n\t\t<img decoding=\"async\" alt=\"Kontrola ryb\u00e1rov v Tren\u010d\u00edne:\" aria-describedby=\"img-res-6584787\" class=\"\" height=\"1200\" id=\"6584787\" loading=\"lazy\" onerror=\"imgArticleLoadErr(this)\" src=\"https:\/\/www.europesays.com\/sk\/wp-content\/uploads\/2026\/09\/policia--Trencin-rybarska-straz-.jpg\" style=\"aspect-ratio:1.333\" title=\"Kontrola ryb\u00e1rov v Tren\u010d\u00edne:\" width=\"1600\"\/>\t\t\t<\/p>\n<p>\n\t\t\t\tZobrazi\u0165 gal\u00e9riu (6)\t\t\t<\/p>\n<p>\t<\/a><\/p>\n<p>\t\u00a0(Zdroj: Facebook\/Pol\u00edcia SR &#8211; Tren\u010diansky kraj\ufeff)<\/p>\n<p>Po\u010das akcie skontrolovali 56 os\u00f4b, ktor\u00e9 lovili ryby, mali pri sebe uloven\u00e9 ryby alebo sa v ich bl\u00edzkosti nach\u00e1dzalo ryb\u00e1rske n\u00e1radie. Zisten\u00fdch bolo \u0161es\u0165 poru\u0161en\u00ed z\u00e1kona o ryb\u00e1rstve, ktor\u00e9 post\u00fapili na \u010fal\u0161ie konanie. V \u010fal\u0161om pr\u00edpade 68-ro\u010dn\u00fd mu\u017e lovil ryby bez povolenia, pou\u017e\u00edval tri udice a mal pri sebe privlastnen\u00e9 ryby. Vy\u0161etrovate\u013e enviropol\u00edcie za\u010dal trestn\u00e9 st\u00edhanie vo veci trestn\u00e9ho \u010dinu pytliactva.<\/p>\n<p>\t<a href=\"https:\/\/www.topky.sk\/gl\/9604107\/6584785\/Kontrola-rybarov-v-Trencine--Okrem-poruseni-zakona-natrafili-policajti-aj-na-nebezpecneho-muza\" rel=\"nofollow noopener\" target=\"_blank\"><br \/>\n\t\t<img decoding=\"async\" alt=\"Kontrola ryb\u00e1rov v Tren\u010d\u00edne:\" aria-describedby=\"img-res-6584785\" class=\"\" height=\"2133\" id=\"6584785\" loading=\"lazy\" onerror=\"imgArticleLoadErr(this)\" src=\"https:\/\/www.europesays.com\/sk\/wp-content\/uploads\/2026\/09\/1788455845_213_policia--Trencin-rybarska-straz-.jpg\" style=\"aspect-ratio:0.750\" title=\"Kontrola ryb\u00e1rov v Tren\u010d\u00edne:\" width=\"1600\"\/>\t\t\t<\/p>\n<p>\n\t\t\t\tZobrazi\u0165 gal\u00e9riu (6)\t\t\t<\/p>\n<p>\t<\/a><\/p>\n<p>\t\u00a0(Zdroj: Facebook\/Pol\u00edcia SR &#8211; Tren\u010diansky kraj\ufeff)<\/p>\n<p>\u201ePo\u010das kontroly policajti vyp\u00e1trali aj 40-ro\u010dn\u00e9ho mu\u017ea, na ktor\u00e9ho bol vydan\u00fd s\u00fahlas na zadr\u017eanie ako osoby podozrivej zo sp\u00e1chania pre\u010dinu nebezpe\u010dn\u00e9ho vyhr\u00e1\u017eania. Mu\u017eovi obmedzili osobn\u00fa slobodu a po vykonan\u00ed potrebn\u00fdch procesn\u00fdch \u00fakonov ho vyk\u00e1zali zo spolo\u010dn\u00e9ho obydlia,\u201c doplnila hovorky\u0148a.<\/p>\n<p>\t<a href=\"https:\/\/www.topky.sk\/gl\/9604107\/6584789\/Kontrola-rybarov-v-Trencine--Okrem-poruseni-zakona-natrafili-policajti-aj-na-nebezpecneho-muza\" rel=\"nofollow noopener\" target=\"_blank\"><br \/>\n\t\t<img decoding=\"async\" alt=\"Kontrola ryb\u00e1rov v Tren\u010d\u00edne:\" aria-describedby=\"img-res-6584789\" class=\"\" height=\"2133\" id=\"6584789\" loading=\"lazy\" onerror=\"imgArticleLoadErr(this)\" src=\"https:\/\/www.europesays.com\/sk\/wp-content\/uploads\/2026\/09\/1788455845_719_policia--Trencin-rybarska-straz-.jpg\" style=\"aspect-ratio:0.750\" title=\"Kontrola ryb\u00e1rov v Tren\u010d\u00edne:\" width=\"1600\"\/>\t\t\t<\/p>\n<p>\n\t\t\t\tZobrazi\u0165 gal\u00e9riu (6)\t\t\t<\/p>\n<p>\t<\/a><\/p>\n<p>\t\u00a0(Zdroj: Facebook\/Pol\u00edcia SR &#8211; Tren\u010diansky kraj\ufeff)<\/p>\n","protected":false},"excerpt":{"rendered":"TREN\u010c\u00cdN &#8211; \u0160es\u0165 poru\u0161en\u00ed z\u00e1kona o ryb\u00e1rstve odhalili tren\u010dianski policajti spolu s ryb\u00e1rskou str\u00e1\u017eou po\u010das mimoriadnej kontroly v&hellip;\n","protected":false},"author":2,"featured_media":169663,"comment_status":"","ping_status":"","sticky":false,"template":"","format":"standard","meta":{"footnotes":"","_share_on_mastodon":"0"},"categories":[6],"tags":[6261,525,48123,43,40,44,39,42,45,41,629],"class_list":["post-169662","post","type-post","status-publish","format-standard","has-post-thumbnail","category-slovensko","tag-kontrola","tag-policia","tag-rybarska-straz","tag-sk","tag-slovak","tag-slovak-republic","tag-slovakia","tag-slovencina","tag-slovenska-republika","tag-slovensko","tag-trencin"],"share_on_mastodon":{"url":"https:\/\/pubeurope.com\/@sk\/117208249145861410","error":""},"_links":{"self":[{"href":"https:\/\/www.europesays.com\/sk\/wp-json\/wp\/v2\/posts\/169662","targetHints":{"allow":["GET"]}}],"collection":[{"href":"https:\/\/www.europesays.com\/sk\/wp-json\/wp\/v2\/posts"}],"about":[{"href":"https:\/\/www.europesays.com\/sk\/wp-json\/wp\/v2\/types\/post"}],"author":[{"embeddable":true,"href":"https:\/\/www.europesays.com\/sk\/wp-json\/wp\/v2\/users\/2"}],"replies":[{"embeddable":true,"href":"https:\/\/www.europesays.com\/sk\/wp-json\/wp\/v2\/comments?post=169662"}],"version-history":[{"count":0,"href":"https:\/\/www.europesays.com\/sk\/wp-json\/wp\/v2\/posts\/169662\/revisions"}],"wp:featuredmedia":[{"embeddable":true,"href":"https:\/\/www.europesays.com\/sk\/wp-json\/wp\/v2\/media\/169663"}],"wp:attachment":[{"href":"https:\/\/www.europesays.com\/sk\/wp-json\/wp\/v2\/media?parent=169662"}],"wp:term":[{"taxonomy":"category","embeddable":true,"href":"https:\/\/www.europesays.com\/sk\/wp-json\/wp\/v2\/categories?post=169662"},{"taxonomy":"post_tag","embeddable":true,"href":"https:\/\/www.europesays.com\/sk\/wp-json\/wp\/v2\/tags?post=169662"}],"curies":[{"name":"wp","href":"https:\/\/api.w.org\/{rel}","templated":true}]}}