{"id":169670,"date":"2026-09-03T17:31:13","date_gmt":"2026-09-03T17:31:13","guid":{"rendered":"https:\/\/www.europesays.com\/sk\/169670\/"},"modified":"2026-09-03T17:31:13","modified_gmt":"2026-09-03T17:31:13","slug":"aktualne-krvava-drama-v-bytovke-vyslali-policajtov-aj-sanitky-prve-info-z-miesta","status":"publish","type":"post","link":"https:\/\/www.europesays.com\/sk\/169670\/","title":{"rendered":"AKTU\u00c1LNE KRVAV\u00c1 DR\u00c1MA v bytovke: Vyslali policajtov aj sanitky! Prv\u00e9 info z miesta"},"content":{"rendered":"<p>\t\t\t\t\t\t\t<img decoding=\"async\" src=\"https:\/\/www.europesays.com\/sk\/wp-content\/uploads\/2026\/09\/prave-teraz-cervena.jpg\" alt=\"Ilustra\u010dn\u00e9 foto. Zdroj: regiony.sk  \" style=\"aspect-ratio: 1.33;object-fit: cover; display:inline; width: 100%;\" fetchpriority=\"high\"\/><\/p>\n<p>\t\t\t\t\tIlustra\u010dn\u00e9 foto. Zdroj: regiony.sk  <\/p>\n<p>Dramatick\u00fd incident si vo \u0161tvrtok vy\u017eiadal z\u00e1sah z\u00e1chrann\u00fdch zlo\u017eiek na Kalin\u010diakovej ulici v Bratislave. Na mieste zasahovali policajti a z\u00e1chran\u00e1ri z dvoch sanitiek.<\/p>\n<p>Pod\u013ea inform\u00e1ci\u00ed <a href=\"https:\/\/www1.pluska.sk\/krimi\/tragedia-v-bratislave-v-jednom-z-bytov-doslo-k-hrozivemu-incidentu?itm_modul=articles-rubric-list&amp;itm_brand=plus1&amp;itm_template=listing&amp;itm_area=list_pagination_1&amp;itm_position=1\" target=\"_blank\" rel=\"noreferrer noopener nofollow\">Plusky<\/a> si mal mu\u017e po partnerskej h\u00e1dke podreza\u0165 kr\u010dn\u00fa tepnu. V byte sa v tom \u010dase mali nach\u00e1dza\u0165 viacer\u00ed \u013eudia. Mu\u017e sa mal \u017eene predt\u00fdm vyhr\u00e1\u017ea\u0165, \u017ee sa zabije, n\u00e1sledne sa zamkol na toalete.<\/p>\n<p>Mu\u017ea na\u0161li v kalu\u017ei krvi<\/p>\n<p>\u017dena si mala zavola\u0165 dvoch kamar\u00e1tov, preto\u017ee sa b\u00e1la. Ke\u010f sa dostali do bytu, mu\u017e mal le\u017ea\u0165 na zemi v kalu\u017ei krvi. Pod\u013ea svedkov sa z bytu oz\u00fdvalo aj volanie o pomoc v angli\u010dtine.<\/p>\n<p>Mohlo by v\u00e1s zauj\u00edma\u0165:<\/p>\n<p>Reklama<\/p>\n<p> div {<br \/>\ntext-align: left;<br \/>\nfont-size: 12px;<br \/>\ncolor: #6f6f6f;<br \/>\n}<\/p>\n<p>#onnetwork-banner > div:first-child {<br \/>\ntext-align: left;<br \/>\nfont-weight: 700;<br \/>\npadding-bottom: 5px;<br \/>\nfont-size: 14px;<br \/>\ncolor: #000000;<br \/>\n}<\/p>\n<p>]]><\/p>\n<p>\t\t<a href=\"https:\/\/zilina.zoznam.sk\/drama-na-zeleznici-vlak-sa-roztrhol-pocas-jazdy-mrazive-detaily-a-foto-priamo-z-miesta\/\" rel=\"nofollow noopener\" target=\"_blank\"><br \/>\n\t\t\t<img decoding=\"async\" src=\"https:\/\/www.europesays.com\/sk\/wp-content\/uploads\/2026\/09\/drama-na-zeleznici.jpg\" alt=\"DR\u00c1MA NA \u017dELEZNICI Vlak sa ROZTRHOL po\u010das jazdy! Mraziv\u00e9 detaily a FOTO priamo z miesta\" loading=\"lazy\"\/><br \/>\n\t\t<\/a><\/p>\n<p style=\"color:#000;\">Pre\u010d\u00edtajte si tie\u017e<\/p>\n<p>\t\t\t<a href=\"https:\/\/zilina.zoznam.sk\/drama-na-zeleznici-vlak-sa-roztrhol-pocas-jazdy-mrazive-detaily-a-foto-priamo-z-miesta\/\" rel=\"nofollow noopener\" target=\"_blank\">DR\u00c1MA NA \u017dELEZNICI Vlak sa ROZTRHOL po\u010das jazdy! Mraziv\u00e9 detaily a FOTO priamo z miesta<\/a><\/p>\n<p>Na miesto n\u00e1sledne dorazilo viacero policajn\u00fdch hliadok a z\u00e1chran\u00e1ri. Pokus mu\u017ea o samovra\u017edu mal by\u0165 napokon ne\u00faspe\u0161n\u00fd a mu\u017e pre\u017eil.<\/p>\n<p>Okolnosti incidentu zatia\u013e zost\u00e1vaj\u00fa predmetom zis\u0165ovania.<\/p>\n<p>Spr\u00e1vu budeme aktualizova\u0165.<\/p>\n<p class=\"tags\">Viac o t\u00e9me: <a href=\"https:\/\/regiony.zoznam.sk\/tag\/bratislava\/\" rel=\"nofollow noopener\" target=\"_blank\">Bratislava<\/a>, <a href=\"https:\/\/regiony.zoznam.sk\/tag\/noz\/\" rel=\"nofollow noopener\" target=\"_blank\">n\u00f4\u017e<\/a>, <a href=\"https:\/\/regiony.zoznam.sk\/tag\/policia\/\" rel=\"nofollow noopener\" target=\"_blank\">pol\u00edcia<\/a>, <a href=\"https:\/\/regiony.zoznam.sk\/tag\/samovrazda\/\" rel=\"nofollow noopener\" target=\"_blank\">samovra\u017eda<\/a>, <a href=\"https:\/\/regiony.zoznam.sk\/tag\/zachranari\/\" rel=\"nofollow noopener\" target=\"_blank\">z\u00e1chran\u00e1ri<\/a><\/p>\n<p>\t\tKoment\u00e1re k \u010dl\u00e1nku<\/p>\n<p>Moment\u00e1lne nie je pridan\u00fd \u017eiadny koment\u00e1r<\/p>\n","protected":false},"excerpt":{"rendered":"Ilustra\u010dn\u00e9 foto. Zdroj: regiony.sk Dramatick\u00fd incident si vo \u0161tvrtok vy\u017eiadal z\u00e1sah z\u00e1chrann\u00fdch zlo\u017eiek na Kalin\u010diakovej ulici v Bratislave.&hellip;\n","protected":false},"author":2,"featured_media":169671,"comment_status":"","ping_status":"","sticky":false,"template":"","format":"standard","meta":{"footnotes":"","_share_on_mastodon":"0"},"categories":[6],"tags":[136,9507,525,3313,43,40,44,39,42,45,41,4249],"class_list":["post-169670","post","type-post","status-publish","format-standard","has-post-thumbnail","category-slovensko","tag-bratislava","tag-noz","tag-policia","tag-samovrazda","tag-sk","tag-slovak","tag-slovak-republic","tag-slovakia","tag-slovencina","tag-slovenska-republika","tag-slovensko","tag-zachranari"],"share_on_mastodon":{"url":"https:\/\/pubeurope.com\/@sk\/117208304113484984","error":""},"_links":{"self":[{"href":"https:\/\/www.europesays.com\/sk\/wp-json\/wp\/v2\/posts\/169670","targetHints":{"allow":["GET"]}}],"collection":[{"href":"https:\/\/www.europesays.com\/sk\/wp-json\/wp\/v2\/posts"}],"about":[{"href":"https:\/\/www.europesays.com\/sk\/wp-json\/wp\/v2\/types\/post"}],"author":[{"embeddable":true,"href":"https:\/\/www.europesays.com\/sk\/wp-json\/wp\/v2\/users\/2"}],"replies":[{"embeddable":true,"href":"https:\/\/www.europesays.com\/sk\/wp-json\/wp\/v2\/comments?post=169670"}],"version-history":[{"count":0,"href":"https:\/\/www.europesays.com\/sk\/wp-json\/wp\/v2\/posts\/169670\/revisions"}],"wp:featuredmedia":[{"embeddable":true,"href":"https:\/\/www.europesays.com\/sk\/wp-json\/wp\/v2\/media\/169671"}],"wp:attachment":[{"href":"https:\/\/www.europesays.com\/sk\/wp-json\/wp\/v2\/media?parent=169670"}],"wp:term":[{"taxonomy":"category","embeddable":true,"href":"https:\/\/www.europesays.com\/sk\/wp-json\/wp\/v2\/categories?post=169670"},{"taxonomy":"post_tag","embeddable":true,"href":"https:\/\/www.europesays.com\/sk\/wp-json\/wp\/v2\/tags?post=169670"}],"curies":[{"name":"wp","href":"https:\/\/api.w.org\/{rel}","templated":true}]}}