{"id":169684,"date":"2026-09-03T17:45:09","date_gmt":"2026-09-03T17:45:09","guid":{"rendered":"https:\/\/www.europesays.com\/sk\/169684\/"},"modified":"2026-09-03T17:45:09","modified_gmt":"2026-09-03T17:45:09","slug":"aktivista-marek-ma-rakovinu-herec-richard-stanke-nedokazal-zadrzat-slzy-na-slovensku-existuju-ludia-ktori-su-schopni","status":"publish","type":"post","link":"https:\/\/www.europesays.com\/sk\/169684\/","title":{"rendered":"Aktivista Marek m\u00e1 rakovinu, herec Richard Stanke nedok\u00e1zal zadr\u017ea\u0165 slzy: Na Slovensku existuj\u00fa \u013eudia, ktor\u00ed s\u00fa schopn\u00ed&#8230;"},"content":{"rendered":"\n<p article=\"[object Object]\" class=\"md:text-article-content leading-relaxed md:leading-normal mt-5 lg:mt-10 false\">Slovensk\u00fd herec Richard Stanke (59) bol jedn\u00fdm z host\u00ed na festivale Kremnick\u00e9 gagy, kde v diskusii pre <a href=\"https:\/\/www.youtube.com\/watch?v=VRyBLSxcnW0\" id=\"f3eec263-d9e4-4644-914f-56956710f405\" rel=\"nofollow noopener\" target=\"_blank\">nad\u00e1ciu Zastavme korupciu<\/a> otvorene prehovoril o tom, \u010do ho v dne\u0161nej dobe dob\u00edja a dod\u00e1va mu optimizmus. Zn\u00e1ma tv\u00e1r kult\u00farnej i ob\u010dianskej sc\u00e9ny priznala, \u017ee obrovskou vzpruhou s\u00fa pre\u0148ho prirodzen\u00e9 a vrel\u00e9 reakcie \u013eud\u00ed v slovensk\u00fdch uliciach. Pr\u00e1ve ich podpora je pre\u0148ho k\u013e\u00fa\u010dovou motiv\u00e1ciou \u010falej vytrva\u0165 a bojova\u0165 za spr\u00e1vne veci.<\/p>\n<p article=\"[object Object]\" class=\"md:text-article-content leading-relaxed md:leading-normal mt-5 lg:mt-10 false\">Mimoriadne siln\u00fd moment v\u0161ak pre Stankeho predstavuje ned\u00e1vny pr\u00edbeh obrovskej solidarity okolo aktivistu Mareka Macha (25). Mlad\u00e9mu aktivistovi lek\u00e1ri diagnostikovali zhubn\u00e9 ochorenie lymfatick\u00e9ho syst\u00e9mu \u2013 Hodgkinov lymf\u00f3m v 4. \u0161t\u00e1diu. Naj\u00fa\u010dinnej\u0161ou lie\u010dbou je pre\u0148ho modern\u00fd re\u017eim BrECADD, ktor\u00fd v\u0161ak slovensk\u00e9 zdravotn\u00e9 pois\u0165ovne nehradia.<\/p>\n<p article=\"[object Object]\" class=\"md:text-article-content leading-relaxed md:leading-normal mt-5 lg:mt-10 false\">Machovi kamar\u00e1ti preto pohotovo zorganizovali zbierku s cie\u013eom vybra\u0165 takmer 50-tis\u00edc eur na potrebn\u00fa lie\u010dbu. Dobrosrde\u010dn\u00ed Slov\u00e1ci zareagovali okam\u017eite a stanoven\u00fa sumu presiahli o obrovsk\u00fd kus v priebehu nieko\u013ek\u00fdch hod\u00edn. Pr\u00e1ve t\u00e1to schopnos\u0165 spojenia sa pre dobr\u00fa vec herca nesmierne zasiahla, ke\u010f\u017ee sa s mlad\u00edkom osobne pozn\u00e1.<\/p>\n<p article=\"[object Object]\" class=\"md:text-article-content leading-relaxed md:leading-normal mt-5 lg:mt-10 false\">\u201eV poslednom \u010dase ma absol\u00fatne, a to bola pre m\u0148a naozaj ve\u013emi \u00fa\u017easn\u00e1 vec, dojalo to, \u017ee existuj\u00fa na Slovensku \u013eudia, ktor\u00ed s\u00fa schopn\u00ed v priebehu nieko\u013ek\u00fdch hod\u00edn Marekovi takto pom\u00f4c\u0165,\u201c povedal Stanke. Pri t\u00fdchto slov\u00e1ch sa neubr\u00e1nil em\u00f3ci\u00e1m a do o\u010d\u00ed sa mu natisli slzy, ktor\u00e9 si musel utrie\u0165.<\/p>\n<p article=\"[object Object]\" class=\"md:text-article-content leading-relaxed md:leading-normal mt-5 lg:mt-10 false\">Pr\u00edpad bleskovej pomoci pre Mareka Macha uk\u00e1zal, \u017ee ochota pom\u00e1ha\u0165 a spolupatri\u010dnos\u0165 s\u00fa v slovenskej spolo\u010dnosti st\u00e1le pr\u00edtomn\u00e9. Pre Stankeho je tak\u00e1to vlna \u013eudskosti jasn\u00fdm d\u00f4kazom, \u017ee vz\u00e1jomn\u00e1 podpora m\u00e1 zmysel aj v n\u00e1ro\u010dn\u00fdch \u010dasoch. Zbierka tak priniesla nielen finan\u010dn\u00e9 prostriedky na z\u00e1chranu \u013eudsk\u00e9ho \u017eivota, ale aj d\u00f4le\u017eit\u00e9 povzbudenie pre cel\u00fa verejnos\u0165.<\/p>\n","protected":false},"excerpt":{"rendered":"Slovensk\u00fd herec Richard Stanke (59) bol jedn\u00fdm z host\u00ed na festivale Kremnick\u00e9 gagy, kde v diskusii pre nad\u00e1ciu&hellip;\n","protected":false},"author":2,"featured_media":169685,"comment_status":"","ping_status":"","sticky":false,"template":"","format":"standard","meta":{"footnotes":"","_share_on_mastodon":"0"},"categories":[6],"tags":[43,40,44,39,42,45,41],"class_list":["post-169684","post","type-post","status-publish","format-standard","has-post-thumbnail","category-slovensko","tag-sk","tag-slovak","tag-slovak-republic","tag-slovakia","tag-slovencina","tag-slovenska-republika","tag-slovensko"],"share_on_mastodon":{"url":"https:\/\/pubeurope.com\/@sk\/117208358934881472","error":""},"_links":{"self":[{"href":"https:\/\/www.europesays.com\/sk\/wp-json\/wp\/v2\/posts\/169684","targetHints":{"allow":["GET"]}}],"collection":[{"href":"https:\/\/www.europesays.com\/sk\/wp-json\/wp\/v2\/posts"}],"about":[{"href":"https:\/\/www.europesays.com\/sk\/wp-json\/wp\/v2\/types\/post"}],"author":[{"embeddable":true,"href":"https:\/\/www.europesays.com\/sk\/wp-json\/wp\/v2\/users\/2"}],"replies":[{"embeddable":true,"href":"https:\/\/www.europesays.com\/sk\/wp-json\/wp\/v2\/comments?post=169684"}],"version-history":[{"count":0,"href":"https:\/\/www.europesays.com\/sk\/wp-json\/wp\/v2\/posts\/169684\/revisions"}],"wp:featuredmedia":[{"embeddable":true,"href":"https:\/\/www.europesays.com\/sk\/wp-json\/wp\/v2\/media\/169685"}],"wp:attachment":[{"href":"https:\/\/www.europesays.com\/sk\/wp-json\/wp\/v2\/media?parent=169684"}],"wp:term":[{"taxonomy":"category","embeddable":true,"href":"https:\/\/www.europesays.com\/sk\/wp-json\/wp\/v2\/categories?post=169684"},{"taxonomy":"post_tag","embeddable":true,"href":"https:\/\/www.europesays.com\/sk\/wp-json\/wp\/v2\/tags?post=169684"}],"curies":[{"name":"wp","href":"https:\/\/api.w.org\/{rel}","templated":true}]}}