{"id":169686,"date":"2026-09-03T17:46:11","date_gmt":"2026-09-03T17:46:11","guid":{"rendered":"https:\/\/www.europesays.com\/sk\/169686\/"},"modified":"2026-09-03T17:46:11","modified_gmt":"2026-09-03T17:46:11","slug":"facka-rana-do-skla-a-prostrednik-na-rozlucku-policia-patra-po-cyklistovi","status":"publish","type":"post","link":"https:\/\/www.europesays.com\/sk\/169686\/","title":{"rendered":"Facka, rana do skla a prostredn\u00edk na rozl\u00fa\u010dku, pol\u00edcia p\u00e1tra po cyklistovi"},"content":{"rendered":"<p>PRAHA &#8211; Ban\u00e1lny konflikt v doprave prer\u00e1stol do fyzick\u00e9ho \u00fatoku a po\u0161kodenia auta. Ako informuje tydenikpolicie.cz, cyklista mal po h\u00e1dke napadn\u00fa\u0165 vodi\u010da a n\u00e1sledne rozbi\u0165 \u010deln\u00e9 sklo jeho vozidla. Pol\u00edcia teraz po nezn\u00e1mom mu\u017eovi p\u00e1tra a \u017eiada o pomoc verejnos\u0165.<\/p>\n<p>Incident sa odohral 29. augusta pribli\u017ene o 15.00 h v Prahe. V\u0161etko sa za\u010dalo \u00fadajne \u00faplne ban\u00e1lne. Cyklista nedal prednos\u0165 vodi\u010dovi automobilu, ktor\u00fd i\u0161iel po hlavnej ceste. Na ne\u010falekej kri\u017eovatke n\u00e1sledne medzi mu\u017emi do\u0161lo ku konfliktu.<\/p>\n<p style=\"text-align:center\">VIDEO<\/p>\n<p>Pra\u017esk\u00e1 pol\u00edcia p\u00e1tra po cyklistovi, ktor\u00fd rie\u0161il spor pohlavkom a rozbit\u00edm \u010deln\u00e9ho skla auta p\u00e4s\u0165ou\t\t(Zdroj: Policie \u010cR)\t<\/p>\n<p>Ke\u010f vodi\u010d cyklistu napomenul, mu\u017e ho mal za\u010da\u0165 hrubo ur\u00e1\u017ea\u0165. Situ\u00e1cia sa n\u00e1sledne vyhrotila. Cyklista zosadol z bicykla, vodi\u010dovi dal facku a potom rukou udrel do \u010deln\u00e9ho skla auta. \u00dader bol pod\u013ea pol\u00edcie nato\u013eko siln\u00fd, \u017ee sklo prasklo. Po incidente mu\u017e nasadol sp\u00e4\u0165 na bicykel a z miesta odi\u0161iel. Pri \u00fateku mal e\u0161te vodi\u010dovi uk\u00e1za\u0165 zdvihnut\u00fd prostredn\u00edk. Po\u0161koden\u00e9mu vodi\u010dovi vznikla \u0161koda viac ako 15-tis\u00edc \u010desk\u00fdch kor\u00fan.<\/p>\n<p>Policajti z miestneho oddelenia Bartolom\u011bjsk\u00e1 zaistili dostupn\u00e9 kamerov\u00e9 z\u00e1znamy a po nezn\u00e1mom mu\u017eovi za\u010dali p\u00e1tra\u0165. Doteraz sa ho v\u0161ak nepodarilo vyp\u00e1tra\u0165, preto sa pol\u00edcia obracia na verejnos\u0165. Mu\u017e je podozriv\u00fd zo sp\u00e1chania trestn\u00fdch \u010dinov po\u0161kozen\u00ed ciz\u00ed v\u011bci a v\u00fdtr\u017enictv\u00ed. V pr\u00edpade dopadenia a ods\u00fadenia mu pod\u013ea pol\u00edcie hroz\u00ed a\u017e dvojro\u010dn\u00fd trest od\u0148atia slobody.<\/p>\n<p>\t<a href=\"https:\/\/www.topky.sk\/gl\/9603895\/6584123\/FACKA--rana-do-skla-a-prostrednik--VIDEO-Cyklista-napadol-vodica--aby-mu-vysvetlil-zakon-o-cestnej-premavke\" rel=\"nofollow noopener\" target=\"_blank\"><br \/>\n\t\t<img decoding=\"async\" alt=\"FACKA, rana do skla\" aria-describedby=\"img-res-6584123\" class=\"\" height=\"2500\" id=\"6584123\" loading=\"lazy\" onerror=\"imgArticleLoadErr(this)\" src=\"https:\/\/www.europesays.com\/sk\/wp-content\/uploads\/2026\/09\/cyklista-Ceska-republika-pohlavok.jpg\" style=\"aspect-ratio:0.640\" title=\"FACKA, rana do skla\" width=\"1600\"\/>\t\t\t<\/p>\n<p>\n\t\t\t\tZobrazi\u0165 gal\u00e9riu (2)\t\t\t<\/p>\n<p>\t<\/a><\/p>\n<p>\t\u00a0(Zdroj: Policie \u010cR)<\/p>\n","protected":false},"excerpt":{"rendered":"PRAHA &#8211; Ban\u00e1lny konflikt v doprave prer\u00e1stol do fyzick\u00e9ho \u00fatoku a po\u0161kodenia auta. Ako informuje tydenikpolicie.cz, cyklista mal&hellip;\n","protected":false},"author":2,"featured_media":169687,"comment_status":"","ping_status":"","sticky":false,"template":"","format":"standard","meta":{"footnotes":"","_share_on_mastodon":"0"},"categories":[32],"tags":[6438,7088,34,37,33,48124,525,43,40,39,42,41,36,38,35],"class_list":["post-169686","post","type-post","status-publish","format-standard","has-post-thumbnail","category-spravy","tag-ceska-republika","tag-cyklista","tag-headlines","tag-hlavne-spravy","tag-news","tag-pohlavok","tag-policia","tag-sk","tag-slovak","tag-slovakia","tag-slovencina","tag-slovensko","tag-spravy","tag-titulky","tag-top-stories"],"share_on_mastodon":{"url":"https:\/\/pubeurope.com\/@sk\/117208363082496023","error":""},"_links":{"self":[{"href":"https:\/\/www.europesays.com\/sk\/wp-json\/wp\/v2\/posts\/169686","targetHints":{"allow":["GET"]}}],"collection":[{"href":"https:\/\/www.europesays.com\/sk\/wp-json\/wp\/v2\/posts"}],"about":[{"href":"https:\/\/www.europesays.com\/sk\/wp-json\/wp\/v2\/types\/post"}],"author":[{"embeddable":true,"href":"https:\/\/www.europesays.com\/sk\/wp-json\/wp\/v2\/users\/2"}],"replies":[{"embeddable":true,"href":"https:\/\/www.europesays.com\/sk\/wp-json\/wp\/v2\/comments?post=169686"}],"version-history":[{"count":0,"href":"https:\/\/www.europesays.com\/sk\/wp-json\/wp\/v2\/posts\/169686\/revisions"}],"wp:featuredmedia":[{"embeddable":true,"href":"https:\/\/www.europesays.com\/sk\/wp-json\/wp\/v2\/media\/169687"}],"wp:attachment":[{"href":"https:\/\/www.europesays.com\/sk\/wp-json\/wp\/v2\/media?parent=169686"}],"wp:term":[{"taxonomy":"category","embeddable":true,"href":"https:\/\/www.europesays.com\/sk\/wp-json\/wp\/v2\/categories?post=169686"},{"taxonomy":"post_tag","embeddable":true,"href":"https:\/\/www.europesays.com\/sk\/wp-json\/wp\/v2\/tags?post=169686"}],"curies":[{"name":"wp","href":"https:\/\/api.w.org\/{rel}","templated":true}]}}