{"id":169698,"date":"2026-09-03T17:59:11","date_gmt":"2026-09-03T17:59:11","guid":{"rendered":"https:\/\/www.europesays.com\/sk\/169698\/"},"modified":"2026-09-03T17:59:11","modified_gmt":"2026-09-03T17:59:11","slug":"vodic-v-novych-zamkoch-zdemoloval-znacku-pred-ocami-hliadky","status":"publish","type":"post","link":"https:\/\/www.europesays.com\/sk\/169698\/","title":{"rendered":"Vodi\u010d v Nov\u00fdch Z\u00e1mkoch zdemoloval zna\u010dku pred o\u010dami hliadky"},"content":{"rendered":"<p>NOV\u00c9 Z\u00c1MKY &#8211; Vodi\u010d \u0161tvorkolky v Nov\u00fdch Z\u00e1mkoch zdemoloval dopravn\u00fa zna\u010dku priamo pred policajnou hliadkou. Ako na soci\u00e1lnej sieti informovala pol\u00edcia, nehoda sa stala po\u010das prejazdu okru\u017enou kri\u017eovatkou, ktor\u00fd mu\u017e zakon\u010dil n\u00e1razom do zna\u010denia.<\/p>\n<p>Policajti jazdu videli a vodi\u010da zastavili. Vyzvali ho, aby predlo\u017eil doklady potrebn\u00e9 na vedenie a prev\u00e1dzku motorov\u00e9ho vozidla. Takisto ho podrobili dychovej sk\u00fa\u0161ke, ktor\u00e1 mala negat\u00edvny v\u00fdsledok. \u201eN\u00e1sledne s 33-ro\u010dn\u00fdm mu\u017eom sp\u00edsali tla\u010divo o \u0161kodovej udalosti a ulo\u017eili mu blokov\u00fa pokutu za priestupok proti bezpe\u010dnosti a plynulosti cestnej prem\u00e1vky,\u201c doplnila pol\u00edcia.<\/p>\n","protected":false},"excerpt":{"rendered":"NOV\u00c9 Z\u00c1MKY &#8211; Vodi\u010d \u0161tvorkolky v Nov\u00fdch Z\u00e1mkoch zdemoloval dopravn\u00fa zna\u010dku priamo pred policajnou hliadkou. Ako na soci\u00e1lnej&hellip;\n","protected":false},"author":2,"featured_media":169699,"comment_status":"","ping_status":"","sticky":false,"template":"","format":"standard","meta":{"footnotes":"","_share_on_mastodon":"0"},"categories":[6],"tags":[3740,525,43,40,44,39,42,45,41,17898,11088],"class_list":["post-169698","post","type-post","status-publish","format-standard","has-post-thumbnail","category-slovensko","tag-nove-zamky","tag-policia","tag-sk","tag-slovak","tag-slovak-republic","tag-slovakia","tag-slovencina","tag-slovenska-republika","tag-slovensko","tag-stvorkolka","tag-znacka"],"share_on_mastodon":{"url":"https:\/\/pubeurope.com\/@sk\/117208413836290579","error":""},"_links":{"self":[{"href":"https:\/\/www.europesays.com\/sk\/wp-json\/wp\/v2\/posts\/169698","targetHints":{"allow":["GET"]}}],"collection":[{"href":"https:\/\/www.europesays.com\/sk\/wp-json\/wp\/v2\/posts"}],"about":[{"href":"https:\/\/www.europesays.com\/sk\/wp-json\/wp\/v2\/types\/post"}],"author":[{"embeddable":true,"href":"https:\/\/www.europesays.com\/sk\/wp-json\/wp\/v2\/users\/2"}],"replies":[{"embeddable":true,"href":"https:\/\/www.europesays.com\/sk\/wp-json\/wp\/v2\/comments?post=169698"}],"version-history":[{"count":0,"href":"https:\/\/www.europesays.com\/sk\/wp-json\/wp\/v2\/posts\/169698\/revisions"}],"wp:featuredmedia":[{"embeddable":true,"href":"https:\/\/www.europesays.com\/sk\/wp-json\/wp\/v2\/media\/169699"}],"wp:attachment":[{"href":"https:\/\/www.europesays.com\/sk\/wp-json\/wp\/v2\/media?parent=169698"}],"wp:term":[{"taxonomy":"category","embeddable":true,"href":"https:\/\/www.europesays.com\/sk\/wp-json\/wp\/v2\/categories?post=169698"},{"taxonomy":"post_tag","embeddable":true,"href":"https:\/\/www.europesays.com\/sk\/wp-json\/wp\/v2\/tags?post=169698"}],"curies":[{"name":"wp","href":"https:\/\/api.w.org\/{rel}","templated":true}]}}